{"id":33191,"date":"2024-08-23T09:00:00","date_gmt":"2024-08-23T07:00:00","guid":{"rendered":"https:\/\/www.efk.admin.ch\/?p=33191"},"modified":"2024-08-23T09:43:46","modified_gmt":"2024-08-23T07:43:46","slug":"conti-finali-e-entrate-preventivate-per-le-votazioni-popolari-9-giugno-e-22-settembre-2024","status":"publish","type":"post","link":"https:\/\/www.efk.admin.ch\/it\/conti-finali-e-entrate-preventivate-per-le-votazioni-popolari-9-giugno-e-22-settembre-2024\/","title":{"rendered":"Conti finali e entrate preventivate per le votazioni popolari (9 giugno e 22 settembre 2024)"},"content":{"rendered":"\n<p>Berna, 23 agosto 2024 \u2013 il 22 settembre 2024 l\u2019elettorato svizzero si esprimer\u00e0 su due oggetti in votazione. Le entrate preventivate sono disponibili sul <a href=\"https:\/\/politikfinanzierung.efk.admin.ch\/app\/it\/campaign-financings\" target=\"_blank\" rel=\"noreferrer noopener\">registro informatizzato (elettronico)<\/a> del Controllo federale delle finanze (CDF), che pubblica tali dati al pi\u00f9 tardi 30 giorni prima di ogni votazione popolare federale. Inoltre, per le quattro campagne relative alla votazione popolare del 9 giugno 2024 sono ora disponibili le entrate comunicate in via definitiva.<\/p>\n\n\n\n<h4 class=\"wp-block-heading\">Votazione popolare del 22 settembre 2024: pubblicato il finanziamento di pi\u00f9 di 10 milioni di franchi<\/h4>\n\n\n\n<p>Per i due oggetti in votazione, \u00abPer il futuro della nostra natura e del nostro paesaggio (Iniziativa biodiversit\u00e0)\u00bb e la modifica della legge federale del 25 giugno 1982 sulla previdenza professionale per la vecchiaia, i superstiti e l\u2019invalidit\u00e0 (riforma della previdenza professionale), 10 attori politici hanno comunicato al CDF 10 campagne, per le quali sono previste entrate pari a 10,86 milioni di franchi.<br><br>La maggior parte dei fondi preventivati \u00e8 destinata a finanziare l\u2019oggetto in votazione \u00abPer il futuro della nostra natura e del nostro paesaggio (Iniziativa biodiversit\u00e0)\u00bb, con un importo pari a 5,49 milioni di franchi. I sostenitori dispongono di circa 3,31 milioni di franchi, mentre gli oppositori di 2,18 milioni. Per l\u2019oggetto \u00abLegge federale sulla previdenza professionale per la vecchiaia, i superstiti e l\u2019invalidit\u00e0 (LPP) (Riforma della previdenza professionale)\u00bb sono stanziati fondi pi\u00f9 esigui ed \u00e8 previsto un budget di 5,36 milioni di franchi. Il grafico offre una panoramica dettagliata. Il valore preventivato pi\u00f9 elevato tra quelli previsti per le varie campagne \u00e8 stato pubblicato dal comitato \u00abS\u00ec a pi\u00f9 natura, paesaggio e cultura architettonica\u00bb e ammonta a circa 3,31 milioni di franchi, seguita dall&#8217;alleanza \u00abS\u00cc alla riforma della LPP\u00bb con circa 3,28 milioni di franchi.<\/p>\n\n\n\n<figure class=\"wp-block-image size-large\"><img loading=\"lazy\" decoding=\"async\" width=\"795\" height=\"1024\" src=\"https:\/\/www.efk.admin.ch\/wp-content\/uploads\/publikationen\/webnews\/2024\/fipo_04\/20240823_grafiken_fipo_mm_schlussrechung_i_va-22.8.-budget-795x1024.jpg\" alt=\"\" class=\"wp-image-33132\" srcset=\"https:\/\/www.efk.admin.ch\/wp-content\/uploads\/publikationen\/webnews\/2024\/fipo_04\/20240823_grafiken_fipo_mm_schlussrechung_i_va-22.8.-budget-795x1024.jpg 795w, https:\/\/www.efk.admin.ch\/wp-content\/uploads\/publikationen\/webnews\/2024\/fipo_04\/20240823_grafiken_fipo_mm_schlussrechung_i_va-22.8.-budget-232x300.jpg 232w, https:\/\/www.efk.admin.ch\/wp-content\/uploads\/publikationen\/webnews\/2024\/fipo_04\/20240823_grafiken_fipo_mm_schlussrechung_i_va-22.8.-budget-768x989.jpg 768w, https:\/\/www.efk.admin.ch\/wp-content\/uploads\/publikationen\/webnews\/2024\/fipo_04\/20240823_grafiken_fipo_mm_schlussrechung_i_va-22.8.-budget-1192x1536.jpg 1192w, https:\/\/www.efk.admin.ch\/wp-content\/uploads\/publikationen\/webnews\/2024\/fipo_04\/20240823_grafiken_fipo_mm_schlussrechung_i_va-22.8.-budget-1590x2048.jpg 1590w, https:\/\/www.efk.admin.ch\/wp-content\/uploads\/publikationen\/webnews\/2024\/fipo_04\/20240823_grafiken_fipo_mm_schlussrechung_i_va-22.8.-budget.jpg 1743w\" sizes=\"auto, (max-width: 795px) 100vw, 795px\" \/><\/figure>\n\n\n\n<p>Al pi\u00f9 tardi il 6 dicembre 2024, il CDF pubblicher\u00e0 una panoramica delle entrate comunicate in via definitiva in vista della votazione popolare del 22 settembre 2024 nonch\u00e9 l\u2019elenco aggiornato degli attori politici sottoposti a un controllo materiale.<\/p>\n\n\n\n<h4 class=\"wp-block-heading\">Entrate definitive delle campagne per la votazione del 9 giugno 2024<\/h4>\n\n\n\n<p>Le entrate definitive dei quattro oggetti in votazione ammontano complessivamente a 11,57 milioni di franchi e corrispondono a una cifra del 12 % superiore rispetto ai valori preventivati pubblicati 30 giorni prima del voto. L\u2019importo maggiore (2,32 milioni di franchi) \u00e8 stato destinato alla campagna \u00abAlleanza per un approvvigionamento elettrico sicuro\u00bb in vista della \u00abModifica della legge federale sull\u2019energia e della legge sull\u2019approvvigionamento elettrico\u00bb. I conti finali possono essere consultati nel <a href=\"https:\/\/politikfinanzierung.efk.admin.ch\/app\/it\/campaign-financings\" target=\"_blank\" rel=\"noreferrer noopener\">registro informatizzato (elettronico)<\/a>; in allegato \u00e8 disponibile una panoramica grafica.<\/p>\n\n\n\n<figure class=\"wp-block-image size-large\"><img loading=\"lazy\" decoding=\"async\" width=\"941\" height=\"1024\" src=\"https:\/\/www.efk.admin.ch\/wp-content\/uploads\/publikationen\/webnews\/2024\/fipo_04\/20240823_grafiken_fipo_mm_schlussrechung_i_va_9.6.-schlussrechnung_v02-941x1024.jpg\" alt=\"\" class=\"wp-image-33232\" srcset=\"https:\/\/www.efk.admin.ch\/wp-content\/uploads\/publikationen\/webnews\/2024\/fipo_04\/20240823_grafiken_fipo_mm_schlussrechung_i_va_9.6.-schlussrechnung_v02-941x1024.jpg 941w, https:\/\/www.efk.admin.ch\/wp-content\/uploads\/publikationen\/webnews\/2024\/fipo_04\/20240823_grafiken_fipo_mm_schlussrechung_i_va_9.6.-schlussrechnung_v02-275x300.jpg 275w, https:\/\/www.efk.admin.ch\/wp-content\/uploads\/publikationen\/webnews\/2024\/fipo_04\/20240823_grafiken_fipo_mm_schlussrechung_i_va_9.6.-schlussrechnung_v02-768x835.jpg 768w, https:\/\/www.efk.admin.ch\/wp-content\/uploads\/publikationen\/webnews\/2024\/fipo_04\/20240823_grafiken_fipo_mm_schlussrechung_i_va_9.6.-schlussrechnung_v02-1412x1536.jpg 1412w, https:\/\/www.efk.admin.ch\/wp-content\/uploads\/publikationen\/webnews\/2024\/fipo_04\/20240823_grafiken_fipo_mm_schlussrechung_i_va_9.6.-schlussrechnung_v02-1883x2048.jpg 1883w\" sizes=\"auto, (max-width: 941px) 100vw, 941px\" \/><\/figure>\n\n\n\n<p>Sono state sottoposte al controllo del CDF 6 delle 17 campagne. In termini di valore, i controlli coprono il 68 per cento delle entrate complessive. Il CDF non \u00e8 autorizzato a fornire informazioni in merito all\u2019esito dei controlli.<\/p>\n\n\n\n<p>L\u2019elenco aggiornato degli attori sottoposti a controllo \u00e8 disponibile <a href=\"https:\/\/www.efk.admin.ch\/it\/attualita-e-termini\/\" target=\"_blank\" rel=\"noreferrer noopener\">qui<\/a>.<\/p>\n","protected":false},"excerpt":{"rendered":"<p>Berna, 23 agosto 2024 \u2013 il 22 settembre 2024 l\u2019elettorato svizzero si esprimer\u00e0 su due oggetti in votazione. Le entrate preventivate sono disponibili sul registro informatizzato (elettronico) del Controllo federale delle finanze (CDF), che pubblica tali dati al pi\u00f9 tardi 30 giorni prima di ogni votazione popolare federale. Inoltre, per le quattro campagne relative alla [&hellip;]<\/p>\n","protected":false},"author":14,"featured_media":0,"comment_status":"closed","ping_status":"closed","sticky":false,"template":"","format":"standard","meta":{"_acf_changed":false,"footnotes":""},"categories":[209,220],"tags":[],"class_list":["post-33191","post","type-post","status-publish","format-standard","hentry","category-news","category-trasparenza-nel-finanziamento-della-politica"],"acf":[],"yoast_head":"<!-- This site is optimized with the Yoast SEO Premium plugin v27.4 (Yoast SEO v27.4) - https:\/\/yoast.com\/product\/yoast-seo-premium-wordpress\/ -->\n<title>Conti finali e entrate preventivate per le votazioni popolari (9 giugno e 22 settembre 2024) - Controllo federale delle finanze (CDF)<\/title>\n<meta name=\"robots\" content=\"index, follow, max-snippet:-1, max-image-preview:large, max-video-preview:-1\" \/>\n<link rel=\"canonical\" href=\"https:\/\/www.efk.admin.ch\/it\/conti-finali-e-entrate-preventivate-per-le-votazioni-popolari-9-giugno-e-22-settembre-2024\/\" \/>\n<meta property=\"og:locale\" content=\"it_IT\" \/>\n<meta property=\"og:type\" content=\"article\" \/>\n<meta property=\"og:title\" content=\"Conti finali e entrate preventivate per le votazioni popolari (9 giugno e 22 settembre 2024)\" \/>\n<meta property=\"og:description\" content=\"Berna, 23 agosto 2024 \u2013 il 22 settembre 2024 l\u2019elettorato svizzero si esprimer\u00e0 su due oggetti in votazione. Le entrate preventivate sono disponibili sul registro informatizzato (elettronico) del Controllo federale delle finanze (CDF), che pubblica tali dati al pi\u00f9 tardi 30 giorni prima di ogni votazione popolare federale. Inoltre, per le quattro campagne relative alla [&hellip;]\" \/>\n<meta property=\"og:url\" content=\"https:\/\/www.efk.admin.ch\/it\/conti-finali-e-entrate-preventivate-per-le-votazioni-popolari-9-giugno-e-22-settembre-2024\/\" \/>\n<meta property=\"og:site_name\" content=\"Controllo federale delle finanze (CDF)\" \/>\n<meta property=\"article:published_time\" content=\"2024-08-23T07:00:00+00:00\" \/>\n<meta property=\"article:modified_time\" content=\"2024-08-23T07:43:46+00:00\" \/>\n<meta property=\"og:image\" content=\"https:\/\/www.efk.admin.ch\/wp-content\/uploads\/publikationen\/webnews\/2024\/fipo_04\/20240823_grafiken_fipo_mm_schlussrechung_i_va-22.8.-budget-795x1024.jpg\" \/>\n<meta name=\"author\" content=\"Benjamin Meyer\" \/>\n<meta name=\"twitter:card\" content=\"summary_large_image\" \/>\n<meta name=\"twitter:label1\" content=\"Written by\" \/>\n\t<meta name=\"twitter:data1\" content=\"Benjamin Meyer\" \/>\n\t<meta name=\"twitter:label2\" content=\"Est. reading time\" \/>\n\t<meta name=\"twitter:data2\" content=\"3 minutes\" \/>\n<script type=\"application\/ld+json\" class=\"yoast-schema-graph\">{\"@context\":\"https:\\\/\\\/schema.org\",\"@graph\":[{\"@type\":\"Article\",\"@id\":\"https:\\\/\\\/www.efk.admin.ch\\\/it\\\/conti-finali-e-entrate-preventivate-per-le-votazioni-popolari-9-giugno-e-22-settembre-2024\\\/#article\",\"isPartOf\":{\"@id\":\"https:\\\/\\\/www.efk.admin.ch\\\/it\\\/conti-finali-e-entrate-preventivate-per-le-votazioni-popolari-9-giugno-e-22-settembre-2024\\\/\"},\"author\":{\"name\":\"Benjamin Meyer\",\"@id\":\"https:\\\/\\\/www.efk.admin.ch\\\/it\\\/#\\\/schema\\\/person\\\/a33aae6a9e254690e482e7ee9617a5d5\"},\"headline\":\"Conti finali e entrate preventivate per le votazioni popolari (9 giugno e 22 settembre 2024)\",\"datePublished\":\"2024-08-23T07:00:00+00:00\",\"dateModified\":\"2024-08-23T07:43:46+00:00\",\"mainEntityOfPage\":{\"@id\":\"https:\\\/\\\/www.efk.admin.ch\\\/it\\\/conti-finali-e-entrate-preventivate-per-le-votazioni-popolari-9-giugno-e-22-settembre-2024\\\/\"},\"wordCount\":443,\"publisher\":{\"@id\":\"https:\\\/\\\/www.efk.admin.ch\\\/it\\\/#organization\"},\"image\":{\"@id\":\"https:\\\/\\\/www.efk.admin.ch\\\/it\\\/conti-finali-e-entrate-preventivate-per-le-votazioni-popolari-9-giugno-e-22-settembre-2024\\\/#primaryimage\"},\"thumbnailUrl\":\"https:\\\/\\\/www.efk.admin.ch\\\/wp-content\\\/uploads\\\/publikationen\\\/webnews\\\/2024\\\/fipo_04\\\/20240823_grafiken_fipo_mm_schlussrechung_i_va-22.8.-budget-795x1024.jpg\",\"articleSection\":[\"News\",\"Trasparenza nel finanziamento della politica\"],\"inLanguage\":\"it-IT\"},{\"@type\":\"WebPage\",\"@id\":\"https:\\\/\\\/www.efk.admin.ch\\\/it\\\/conti-finali-e-entrate-preventivate-per-le-votazioni-popolari-9-giugno-e-22-settembre-2024\\\/\",\"url\":\"https:\\\/\\\/www.efk.admin.ch\\\/it\\\/conti-finali-e-entrate-preventivate-per-le-votazioni-popolari-9-giugno-e-22-settembre-2024\\\/\",\"name\":\"Conti finali e entrate preventivate per le votazioni popolari (9 giugno e 22 settembre 2024) - Controllo federale delle finanze (CDF)\",\"isPartOf\":{\"@id\":\"https:\\\/\\\/www.efk.admin.ch\\\/it\\\/#website\"},\"primaryImageOfPage\":{\"@id\":\"https:\\\/\\\/www.efk.admin.ch\\\/it\\\/conti-finali-e-entrate-preventivate-per-le-votazioni-popolari-9-giugno-e-22-settembre-2024\\\/#primaryimage\"},\"image\":{\"@id\":\"https:\\\/\\\/www.efk.admin.ch\\\/it\\\/conti-finali-e-entrate-preventivate-per-le-votazioni-popolari-9-giugno-e-22-settembre-2024\\\/#primaryimage\"},\"thumbnailUrl\":\"https:\\\/\\\/www.efk.admin.ch\\\/wp-content\\\/uploads\\\/publikationen\\\/webnews\\\/2024\\\/fipo_04\\\/20240823_grafiken_fipo_mm_schlussrechung_i_va-22.8.-budget-795x1024.jpg\",\"datePublished\":\"2024-08-23T07:00:00+00:00\",\"dateModified\":\"2024-08-23T07:43:46+00:00\",\"breadcrumb\":{\"@id\":\"https:\\\/\\\/www.efk.admin.ch\\\/it\\\/conti-finali-e-entrate-preventivate-per-le-votazioni-popolari-9-giugno-e-22-settembre-2024\\\/#breadcrumb\"},\"inLanguage\":\"it-IT\",\"potentialAction\":[{\"@type\":\"ReadAction\",\"target\":[\"https:\\\/\\\/www.efk.admin.ch\\\/it\\\/conti-finali-e-entrate-preventivate-per-le-votazioni-popolari-9-giugno-e-22-settembre-2024\\\/\"]}]},{\"@type\":\"ImageObject\",\"inLanguage\":\"it-IT\",\"@id\":\"https:\\\/\\\/www.efk.admin.ch\\\/it\\\/conti-finali-e-entrate-preventivate-per-le-votazioni-popolari-9-giugno-e-22-settembre-2024\\\/#primaryimage\",\"url\":\"https:\\\/\\\/www.efk.admin.ch\\\/wp-content\\\/uploads\\\/publikationen\\\/webnews\\\/2024\\\/fipo_04\\\/20240823_grafiken_fipo_mm_schlussrechung_i_va-22.8.-budget-795x1024.jpg\",\"contentUrl\":\"https:\\\/\\\/www.efk.admin.ch\\\/wp-content\\\/uploads\\\/publikationen\\\/webnews\\\/2024\\\/fipo_04\\\/20240823_grafiken_fipo_mm_schlussrechung_i_va-22.8.-budget-795x1024.jpg\"},{\"@type\":\"BreadcrumbList\",\"@id\":\"https:\\\/\\\/www.efk.admin.ch\\\/it\\\/conti-finali-e-entrate-preventivate-per-le-votazioni-popolari-9-giugno-e-22-settembre-2024\\\/#breadcrumb\",\"itemListElement\":[{\"@type\":\"ListItem\",\"position\":1,\"name\":\"Home\",\"item\":\"https:\\\/\\\/www.efk.admin.ch\\\/it\\\/\"},{\"@type\":\"ListItem\",\"position\":2,\"name\":\"Conti finali e entrate preventivate per le votazioni popolari (9 giugno e 22 settembre 2024)\"}]},{\"@type\":\"WebSite\",\"@id\":\"https:\\\/\\\/www.efk.admin.ch\\\/it\\\/#website\",\"url\":\"https:\\\/\\\/www.efk.admin.ch\\\/it\\\/\",\"name\":\"Informationen \u00fcber das oberste Finanzaufsichtsorgan der Schweiz\",\"description\":\"Il Controllo federale delle finanze (CDF) \u00e8 l'organo supremo di vigilanza finanziaria della Confederazione svizzera.\",\"publisher\":{\"@id\":\"https:\\\/\\\/www.efk.admin.ch\\\/it\\\/#organization\"},\"alternateName\":\"EFK\",\"potentialAction\":[{\"@type\":\"SearchAction\",\"target\":{\"@type\":\"EntryPoint\",\"urlTemplate\":\"https:\\\/\\\/www.efk.admin.ch\\\/it\\\/?s={search_term_string}\"},\"query-input\":{\"@type\":\"PropertyValueSpecification\",\"valueRequired\":true,\"valueName\":\"search_term_string\"}}],\"inLanguage\":\"it-IT\"},{\"@type\":\"Organization\",\"@id\":\"https:\\\/\\\/www.efk.admin.ch\\\/it\\\/#organization\",\"name\":\"Controllo federale delle finanze (CDF)\",\"alternateName\":\"EFK\",\"url\":\"https:\\\/\\\/www.efk.admin.ch\\\/it\\\/\",\"logo\":{\"@type\":\"ImageObject\",\"inLanguage\":\"it-IT\",\"@id\":\"https:\\\/\\\/www.efk.admin.ch\\\/it\\\/#\\\/schema\\\/logo\\\/image\\\/\",\"url\":\"https:\\\/\\\/www.efk.admin.ch\\\/wp-content\\\/uploads\\\/efk_cdf_logo_ohne_claim.png\",\"contentUrl\":\"https:\\\/\\\/www.efk.admin.ch\\\/wp-content\\\/uploads\\\/efk_cdf_logo_ohne_claim.png\",\"width\":268,\"height\":258,\"caption\":\"Controllo federale delle finanze (CDF)\"},\"image\":{\"@id\":\"https:\\\/\\\/www.efk.admin.ch\\\/it\\\/#\\\/schema\\\/logo\\\/image\\\/\"},\"sameAs\":[\"https:\\\/\\\/www.instagram.com\\\/efk_cdf_sfao\\\/\",\"https:\\\/\\\/www.youtube.com\\\/channel\\\/UCm-bXj227VE5sJzhB-ihdvw\\\/featured\",\"https:\\\/\\\/www.linkedin.com\\\/company\\\/11081578\\\/\"]},{\"@type\":\"Person\",\"@id\":\"https:\\\/\\\/www.efk.admin.ch\\\/it\\\/#\\\/schema\\\/person\\\/a33aae6a9e254690e482e7ee9617a5d5\",\"name\":\"Benjamin Meyer\",\"image\":{\"@type\":\"ImageObject\",\"inLanguage\":\"it-IT\",\"@id\":\"https:\\\/\\\/secure.gravatar.com\\\/avatar\\\/8d694065a0cf6be941f547fb223a776559dd983436e0e8b2198b05e5cbd4ad85?s=96&d=mm&r=g\",\"url\":\"https:\\\/\\\/secure.gravatar.com\\\/avatar\\\/8d694065a0cf6be941f547fb223a776559dd983436e0e8b2198b05e5cbd4ad85?s=96&d=mm&r=g\",\"contentUrl\":\"https:\\\/\\\/secure.gravatar.com\\\/avatar\\\/8d694065a0cf6be941f547fb223a776559dd983436e0e8b2198b05e5cbd4ad85?s=96&d=mm&r=g\",\"caption\":\"Benjamin Meyer\"},\"url\":\"https:\\\/\\\/www.efk.admin.ch\\\/it\\\/author\\\/bmeyer\\\/\"}]}<\/script>\n<!-- \/ Yoast SEO Premium plugin. -->","yoast_head_json":{"title":"Conti finali e entrate preventivate per le votazioni popolari (9 giugno e 22 settembre 2024) - Controllo federale delle finanze (CDF)","robots":{"index":"index","follow":"follow","max-snippet":"max-snippet:-1","max-image-preview":"max-image-preview:large","max-video-preview":"max-video-preview:-1"},"canonical":"https:\/\/www.efk.admin.ch\/it\/conti-finali-e-entrate-preventivate-per-le-votazioni-popolari-9-giugno-e-22-settembre-2024\/","og_locale":"it_IT","og_type":"article","og_title":"Conti finali e entrate preventivate per le votazioni popolari (9 giugno e 22 settembre 2024)","og_description":"Berna, 23 agosto 2024 \u2013 il 22 settembre 2024 l\u2019elettorato svizzero si esprimer\u00e0 su due oggetti in votazione. Le entrate preventivate sono disponibili sul registro informatizzato (elettronico) del Controllo federale delle finanze (CDF), che pubblica tali dati al pi\u00f9 tardi 30 giorni prima di ogni votazione popolare federale. Inoltre, per le quattro campagne relative alla [&hellip;]","og_url":"https:\/\/www.efk.admin.ch\/it\/conti-finali-e-entrate-preventivate-per-le-votazioni-popolari-9-giugno-e-22-settembre-2024\/","og_site_name":"Controllo federale delle finanze (CDF)","article_published_time":"2024-08-23T07:00:00+00:00","article_modified_time":"2024-08-23T07:43:46+00:00","og_image":[{"url":"https:\/\/www.efk.admin.ch\/wp-content\/uploads\/publikationen\/webnews\/2024\/fipo_04\/20240823_grafiken_fipo_mm_schlussrechung_i_va-22.8.-budget-795x1024.jpg","type":"","width":"","height":""}],"author":"Benjamin Meyer","twitter_card":"summary_large_image","twitter_misc":{"Written by":"Benjamin Meyer","Est. reading time":"3 minutes"},"schema":{"@context":"https:\/\/schema.org","@graph":[{"@type":"Article","@id":"https:\/\/www.efk.admin.ch\/it\/conti-finali-e-entrate-preventivate-per-le-votazioni-popolari-9-giugno-e-22-settembre-2024\/#article","isPartOf":{"@id":"https:\/\/www.efk.admin.ch\/it\/conti-finali-e-entrate-preventivate-per-le-votazioni-popolari-9-giugno-e-22-settembre-2024\/"},"author":{"name":"Benjamin Meyer","@id":"https:\/\/www.efk.admin.ch\/it\/#\/schema\/person\/a33aae6a9e254690e482e7ee9617a5d5"},"headline":"Conti finali e entrate preventivate per le votazioni popolari (9 giugno e 22 settembre 2024)","datePublished":"2024-08-23T07:00:00+00:00","dateModified":"2024-08-23T07:43:46+00:00","mainEntityOfPage":{"@id":"https:\/\/www.efk.admin.ch\/it\/conti-finali-e-entrate-preventivate-per-le-votazioni-popolari-9-giugno-e-22-settembre-2024\/"},"wordCount":443,"publisher":{"@id":"https:\/\/www.efk.admin.ch\/it\/#organization"},"image":{"@id":"https:\/\/www.efk.admin.ch\/it\/conti-finali-e-entrate-preventivate-per-le-votazioni-popolari-9-giugno-e-22-settembre-2024\/#primaryimage"},"thumbnailUrl":"https:\/\/www.efk.admin.ch\/wp-content\/uploads\/publikationen\/webnews\/2024\/fipo_04\/20240823_grafiken_fipo_mm_schlussrechung_i_va-22.8.-budget-795x1024.jpg","articleSection":["News","Trasparenza nel finanziamento della politica"],"inLanguage":"it-IT"},{"@type":"WebPage","@id":"https:\/\/www.efk.admin.ch\/it\/conti-finali-e-entrate-preventivate-per-le-votazioni-popolari-9-giugno-e-22-settembre-2024\/","url":"https:\/\/www.efk.admin.ch\/it\/conti-finali-e-entrate-preventivate-per-le-votazioni-popolari-9-giugno-e-22-settembre-2024\/","name":"Conti finali e entrate preventivate per le votazioni popolari (9 giugno e 22 settembre 2024) - Controllo federale delle finanze (CDF)","isPartOf":{"@id":"https:\/\/www.efk.admin.ch\/it\/#website"},"primaryImageOfPage":{"@id":"https:\/\/www.efk.admin.ch\/it\/conti-finali-e-entrate-preventivate-per-le-votazioni-popolari-9-giugno-e-22-settembre-2024\/#primaryimage"},"image":{"@id":"https:\/\/www.efk.admin.ch\/it\/conti-finali-e-entrate-preventivate-per-le-votazioni-popolari-9-giugno-e-22-settembre-2024\/#primaryimage"},"thumbnailUrl":"https:\/\/www.efk.admin.ch\/wp-content\/uploads\/publikationen\/webnews\/2024\/fipo_04\/20240823_grafiken_fipo_mm_schlussrechung_i_va-22.8.-budget-795x1024.jpg","datePublished":"2024-08-23T07:00:00+00:00","dateModified":"2024-08-23T07:43:46+00:00","breadcrumb":{"@id":"https:\/\/www.efk.admin.ch\/it\/conti-finali-e-entrate-preventivate-per-le-votazioni-popolari-9-giugno-e-22-settembre-2024\/#breadcrumb"},"inLanguage":"it-IT","potentialAction":[{"@type":"ReadAction","target":["https:\/\/www.efk.admin.ch\/it\/conti-finali-e-entrate-preventivate-per-le-votazioni-popolari-9-giugno-e-22-settembre-2024\/"]}]},{"@type":"ImageObject","inLanguage":"it-IT","@id":"https:\/\/www.efk.admin.ch\/it\/conti-finali-e-entrate-preventivate-per-le-votazioni-popolari-9-giugno-e-22-settembre-2024\/#primaryimage","url":"https:\/\/www.efk.admin.ch\/wp-content\/uploads\/publikationen\/webnews\/2024\/fipo_04\/20240823_grafiken_fipo_mm_schlussrechung_i_va-22.8.-budget-795x1024.jpg","contentUrl":"https:\/\/www.efk.admin.ch\/wp-content\/uploads\/publikationen\/webnews\/2024\/fipo_04\/20240823_grafiken_fipo_mm_schlussrechung_i_va-22.8.-budget-795x1024.jpg"},{"@type":"BreadcrumbList","@id":"https:\/\/www.efk.admin.ch\/it\/conti-finali-e-entrate-preventivate-per-le-votazioni-popolari-9-giugno-e-22-settembre-2024\/#breadcrumb","itemListElement":[{"@type":"ListItem","position":1,"name":"Home","item":"https:\/\/www.efk.admin.ch\/it\/"},{"@type":"ListItem","position":2,"name":"Conti finali e entrate preventivate per le votazioni popolari (9 giugno e 22 settembre 2024)"}]},{"@type":"WebSite","@id":"https:\/\/www.efk.admin.ch\/it\/#website","url":"https:\/\/www.efk.admin.ch\/it\/","name":"Informationen \u00fcber das oberste Finanzaufsichtsorgan der Schweiz","description":"Il Controllo federale delle finanze (CDF) \u00e8 l'organo supremo di vigilanza finanziaria della Confederazione svizzera.","publisher":{"@id":"https:\/\/www.efk.admin.ch\/it\/#organization"},"alternateName":"EFK","potentialAction":[{"@type":"SearchAction","target":{"@type":"EntryPoint","urlTemplate":"https:\/\/www.efk.admin.ch\/it\/?s={search_term_string}"},"query-input":{"@type":"PropertyValueSpecification","valueRequired":true,"valueName":"search_term_string"}}],"inLanguage":"it-IT"},{"@type":"Organization","@id":"https:\/\/www.efk.admin.ch\/it\/#organization","name":"Controllo federale delle finanze (CDF)","alternateName":"EFK","url":"https:\/\/www.efk.admin.ch\/it\/","logo":{"@type":"ImageObject","inLanguage":"it-IT","@id":"https:\/\/www.efk.admin.ch\/it\/#\/schema\/logo\/image\/","url":"https:\/\/www.efk.admin.ch\/wp-content\/uploads\/efk_cdf_logo_ohne_claim.png","contentUrl":"https:\/\/www.efk.admin.ch\/wp-content\/uploads\/efk_cdf_logo_ohne_claim.png","width":268,"height":258,"caption":"Controllo federale delle finanze (CDF)"},"image":{"@id":"https:\/\/www.efk.admin.ch\/it\/#\/schema\/logo\/image\/"},"sameAs":["https:\/\/www.instagram.com\/efk_cdf_sfao\/","https:\/\/www.youtube.com\/channel\/UCm-bXj227VE5sJzhB-ihdvw\/featured","https:\/\/www.linkedin.com\/company\/11081578\/"]},{"@type":"Person","@id":"https:\/\/www.efk.admin.ch\/it\/#\/schema\/person\/a33aae6a9e254690e482e7ee9617a5d5","name":"Benjamin Meyer","image":{"@type":"ImageObject","inLanguage":"it-IT","@id":"https:\/\/secure.gravatar.com\/avatar\/8d694065a0cf6be941f547fb223a776559dd983436e0e8b2198b05e5cbd4ad85?s=96&d=mm&r=g","url":"https:\/\/secure.gravatar.com\/avatar\/8d694065a0cf6be941f547fb223a776559dd983436e0e8b2198b05e5cbd4ad85?s=96&d=mm&r=g","contentUrl":"https:\/\/secure.gravatar.com\/avatar\/8d694065a0cf6be941f547fb223a776559dd983436e0e8b2198b05e5cbd4ad85?s=96&d=mm&r=g","caption":"Benjamin Meyer"},"url":"https:\/\/www.efk.admin.ch\/it\/author\/bmeyer\/"}]}},"_links":{"self":[{"href":"https:\/\/www.efk.admin.ch\/it\/wp-json\/wp\/v2\/posts\/33191","targetHints":{"allow":["GET"]}}],"collection":[{"href":"https:\/\/www.efk.admin.ch\/it\/wp-json\/wp\/v2\/posts"}],"about":[{"href":"https:\/\/www.efk.admin.ch\/it\/wp-json\/wp\/v2\/types\/post"}],"author":[{"embeddable":true,"href":"https:\/\/www.efk.admin.ch\/it\/wp-json\/wp\/v2\/users\/14"}],"replies":[{"embeddable":true,"href":"https:\/\/www.efk.admin.ch\/it\/wp-json\/wp\/v2\/comments?post=33191"}],"version-history":[{"count":4,"href":"https:\/\/www.efk.admin.ch\/it\/wp-json\/wp\/v2\/posts\/33191\/revisions"}],"predecessor-version":[{"id":33275,"href":"https:\/\/www.efk.admin.ch\/it\/wp-json\/wp\/v2\/posts\/33191\/revisions\/33275"}],"wp:attachment":[{"href":"https:\/\/www.efk.admin.ch\/it\/wp-json\/wp\/v2\/media?parent=33191"}],"wp:term":[{"taxonomy":"category","embeddable":true,"href":"https:\/\/www.efk.admin.ch\/it\/wp-json\/wp\/v2\/categories?post=33191"},{"taxonomy":"post_tag","embeddable":true,"href":"https:\/\/www.efk.admin.ch\/it\/wp-json\/wp\/v2\/tags?post=33191"}],"curies":[{"name":"wp","href":"https:\/\/api.w.org\/{rel}","templated":true}]}}