{"id":32433,"date":"2018-02-23T06:00:00","date_gmt":"2018-02-23T05:00:00","guid":{"rendered":"https:\/\/www.efk.admin.ch\/?p=32433"},"modified":"2024-07-03T15:12:57","modified_gmt":"2024-07-03T13:12:57","slug":"il-cdf-esprime-dubbi-circa-la-legittimita-di-un-accantonamento-di-2-miliardi-di-franchi","status":"publish","type":"post","link":"https:\/\/www.efk.admin.ch\/it\/il-cdf-esprime-dubbi-circa-la-legittimita-di-un-accantonamento-di-2-miliardi-di-franchi\/","title":{"rendered":"Il CDF esprime dubbi circa la legittimit\u00e0 di un accantonamento di 2 miliardi di franchi"},"content":{"rendered":"\n<p>Dopo essere stato informato dall\u2019Amministrazione federale il 23 gennaio 2018, il Controllo federale delle finanze (CDF) ha esaminato in modo sommario la possibilit\u00e0 di costituire un accantonamento di 2 miliardi di franchi a carico del conto di finanziamento 2017 della Confederazione.<\/p>\n\n\n\n<p>Da questo esame preliminare \u00e8 emerso che l\u2019operazione prevista \u00e8 chiaramente in linea con la volont\u00e0 politica espressa dal Parlamento e dal Consiglio federale. La proposta d\u00e0 seguito alla mozione depositata dal consigliere di Stato Peter Hegglin, che chiede di adeguare la presentazione dei conti in modo di rispecchiare la situazione finanziaria reale. Si tratta di correggere la prassi attuale secondo la quale il preventivo della Confederazione deve essere redatto secondo il principio \u00abcash accounting\u00bb, modello basato sulla contabilit\u00e0 entrate\/uscite. Il CDF non \u00e8 contrario a questa modifica legislativa, finalizzata ad armonizzare la prassi della Confederazione con quella dei Cantoni. Permetterebbe di semplificare la presentazione dei conti della Confederazione, che si caratterizza, da un lato, per un conto economico che tiene conto degli accantonamenti e, dall\u2019altro, per un conto di finanziamento e un preventivo che non li considera affatto.<\/p>\n\n\n\n<p>Il CDF fa tuttavia notare che, secondo la legge federale sulle finanze della Confederazione in vigore, il conto di finanziamento \u00e8 allestito secondo il principio \u00abcash accounting\u00bb e non pu\u00f2 quindi includere accantonamenti. Questa problematica sar\u00e0 esaminata in maniera approfondita nel quadro della verifica dei conti 2017.<\/p>\n\n\n\n<p>Al riguardo non verranno fornite alcune informazioni complementari.<\/p>\n","protected":false},"excerpt":{"rendered":"<p>Dopo essere stato informato dall\u2019Amministrazione federale il 23 gennaio 2018, il Controllo federale delle finanze (CDF) ha esaminato in modo sommario la possibilit\u00e0 di costituire un accantonamento di 2 miliardi di franchi a carico del conto di finanziamento 2017 della Confederazione. Da questo esame preliminare \u00e8 emerso che l\u2019operazione prevista \u00e8 chiaramente in linea con [&hellip;]<\/p>\n","protected":false},"author":5,"featured_media":0,"comment_status":"closed","ping_status":"closed","sticky":false,"template":"","format":"standard","meta":{"_acf_changed":false,"footnotes":""},"categories":[211,240],"tags":[],"class_list":["post-32433","post","type-post","status-publish","format-standard","hentry","category-comunicato-stampa","category-cdf"],"acf":[],"yoast_head":"<!-- This site is optimized with the Yoast SEO Premium plugin v27.4 (Yoast SEO v27.4) - https:\/\/yoast.com\/product\/yoast-seo-premium-wordpress\/ -->\n<title>Il CDF esprime dubbi circa la legittimit\u00e0 di un accantonamento di 2 miliardi di franchi - Controllo federale delle finanze (CDF)<\/title>\n<meta name=\"robots\" content=\"index, follow, max-snippet:-1, max-image-preview:large, max-video-preview:-1\" \/>\n<link rel=\"canonical\" href=\"https:\/\/www.efk.admin.ch\/it\/il-cdf-esprime-dubbi-circa-la-legittimita-di-un-accantonamento-di-2-miliardi-di-franchi\/\" \/>\n<meta property=\"og:locale\" content=\"it_IT\" \/>\n<meta property=\"og:type\" content=\"article\" \/>\n<meta property=\"og:title\" content=\"Il CDF esprime dubbi circa la legittimit\u00e0 di un accantonamento di 2 miliardi di franchi\" \/>\n<meta property=\"og:description\" content=\"Dopo essere stato informato dall\u2019Amministrazione federale il 23 gennaio 2018, il Controllo federale delle finanze (CDF) ha esaminato in modo sommario la possibilit\u00e0 di costituire un accantonamento di 2 miliardi di franchi a carico del conto di finanziamento 2017 della Confederazione. Da questo esame preliminare \u00e8 emerso che l\u2019operazione prevista \u00e8 chiaramente in linea con [&hellip;]\" \/>\n<meta property=\"og:url\" content=\"https:\/\/www.efk.admin.ch\/it\/il-cdf-esprime-dubbi-circa-la-legittimita-di-un-accantonamento-di-2-miliardi-di-franchi\/\" \/>\n<meta property=\"og:site_name\" content=\"Controllo federale delle finanze (CDF)\" \/>\n<meta property=\"article:published_time\" content=\"2018-02-23T05:00:00+00:00\" \/>\n<meta property=\"article:modified_time\" content=\"2024-07-03T13:12:57+00:00\" \/>\n<meta property=\"og:image\" content=\"https:\/\/www.efk.admin.ch\/wp-content\/uploads\/test\/palais.jpg\" \/>\n\t<meta property=\"og:image:width\" content=\"750\" \/>\n\t<meta property=\"og:image:height\" content=\"500\" \/>\n\t<meta property=\"og:image:type\" content=\"image\/jpeg\" \/>\n<meta name=\"author\" content=\"Daniel Puric\" \/>\n<meta name=\"twitter:card\" content=\"summary_large_image\" \/>\n<meta name=\"twitter:label1\" content=\"Written by\" \/>\n\t<meta name=\"twitter:data1\" content=\"Daniel Puric\" \/>\n\t<meta name=\"twitter:label2\" content=\"Est. reading time\" \/>\n\t<meta name=\"twitter:data2\" content=\"2 minutes\" \/>\n<script type=\"application\/ld+json\" class=\"yoast-schema-graph\">{\"@context\":\"https:\\\/\\\/schema.org\",\"@graph\":[{\"@type\":\"Article\",\"@id\":\"https:\\\/\\\/www.efk.admin.ch\\\/it\\\/il-cdf-esprime-dubbi-circa-la-legittimita-di-un-accantonamento-di-2-miliardi-di-franchi\\\/#article\",\"isPartOf\":{\"@id\":\"https:\\\/\\\/www.efk.admin.ch\\\/it\\\/il-cdf-esprime-dubbi-circa-la-legittimita-di-un-accantonamento-di-2-miliardi-di-franchi\\\/\"},\"author\":{\"name\":\"Daniel Puric\",\"@id\":\"https:\\\/\\\/www.efk.admin.ch\\\/it\\\/#\\\/schema\\\/person\\\/64fde6b991e45272f0a47bcf8064e250\"},\"headline\":\"Il CDF esprime dubbi circa la legittimit\u00e0 di un accantonamento di 2 miliardi di franchi\",\"datePublished\":\"2018-02-23T05:00:00+00:00\",\"dateModified\":\"2024-07-03T13:12:57+00:00\",\"mainEntityOfPage\":{\"@id\":\"https:\\\/\\\/www.efk.admin.ch\\\/it\\\/il-cdf-esprime-dubbi-circa-la-legittimita-di-un-accantonamento-di-2-miliardi-di-franchi\\\/\"},\"wordCount\":244,\"publisher\":{\"@id\":\"https:\\\/\\\/www.efk.admin.ch\\\/it\\\/#organization\"},\"articleSection\":[\"Comunicato stampa\",\"CDF\"],\"inLanguage\":\"it-IT\"},{\"@type\":\"WebPage\",\"@id\":\"https:\\\/\\\/www.efk.admin.ch\\\/it\\\/il-cdf-esprime-dubbi-circa-la-legittimita-di-un-accantonamento-di-2-miliardi-di-franchi\\\/\",\"url\":\"https:\\\/\\\/www.efk.admin.ch\\\/it\\\/il-cdf-esprime-dubbi-circa-la-legittimita-di-un-accantonamento-di-2-miliardi-di-franchi\\\/\",\"name\":\"Il CDF esprime dubbi circa la legittimit\u00e0 di un accantonamento di 2 miliardi di franchi - Controllo federale delle finanze (CDF)\",\"isPartOf\":{\"@id\":\"https:\\\/\\\/www.efk.admin.ch\\\/it\\\/#website\"},\"datePublished\":\"2018-02-23T05:00:00+00:00\",\"dateModified\":\"2024-07-03T13:12:57+00:00\",\"breadcrumb\":{\"@id\":\"https:\\\/\\\/www.efk.admin.ch\\\/it\\\/il-cdf-esprime-dubbi-circa-la-legittimita-di-un-accantonamento-di-2-miliardi-di-franchi\\\/#breadcrumb\"},\"inLanguage\":\"it-IT\",\"potentialAction\":[{\"@type\":\"ReadAction\",\"target\":[\"https:\\\/\\\/www.efk.admin.ch\\\/it\\\/il-cdf-esprime-dubbi-circa-la-legittimita-di-un-accantonamento-di-2-miliardi-di-franchi\\\/\"]}]},{\"@type\":\"BreadcrumbList\",\"@id\":\"https:\\\/\\\/www.efk.admin.ch\\\/it\\\/il-cdf-esprime-dubbi-circa-la-legittimita-di-un-accantonamento-di-2-miliardi-di-franchi\\\/#breadcrumb\",\"itemListElement\":[{\"@type\":\"ListItem\",\"position\":1,\"name\":\"Home\",\"item\":\"https:\\\/\\\/www.efk.admin.ch\\\/it\\\/\"},{\"@type\":\"ListItem\",\"position\":2,\"name\":\"Il CDF esprime dubbi circa la legittimit\u00e0 di un accantonamento di 2 miliardi di franchi\"}]},{\"@type\":\"WebSite\",\"@id\":\"https:\\\/\\\/www.efk.admin.ch\\\/it\\\/#website\",\"url\":\"https:\\\/\\\/www.efk.admin.ch\\\/it\\\/\",\"name\":\"Informationen \u00fcber das oberste Finanzaufsichtsorgan der Schweiz\",\"description\":\"Il Controllo federale delle finanze (CDF) \u00e8 l'organo supremo di vigilanza finanziaria della Confederazione svizzera.\",\"publisher\":{\"@id\":\"https:\\\/\\\/www.efk.admin.ch\\\/it\\\/#organization\"},\"alternateName\":\"EFK\",\"potentialAction\":[{\"@type\":\"SearchAction\",\"target\":{\"@type\":\"EntryPoint\",\"urlTemplate\":\"https:\\\/\\\/www.efk.admin.ch\\\/it\\\/?s={search_term_string}\"},\"query-input\":{\"@type\":\"PropertyValueSpecification\",\"valueRequired\":true,\"valueName\":\"search_term_string\"}}],\"inLanguage\":\"it-IT\"},{\"@type\":\"Organization\",\"@id\":\"https:\\\/\\\/www.efk.admin.ch\\\/it\\\/#organization\",\"name\":\"Controllo federale delle finanze (CDF)\",\"alternateName\":\"EFK\",\"url\":\"https:\\\/\\\/www.efk.admin.ch\\\/it\\\/\",\"logo\":{\"@type\":\"ImageObject\",\"inLanguage\":\"it-IT\",\"@id\":\"https:\\\/\\\/www.efk.admin.ch\\\/it\\\/#\\\/schema\\\/logo\\\/image\\\/\",\"url\":\"https:\\\/\\\/www.efk.admin.ch\\\/wp-content\\\/uploads\\\/efk_cdf_logo_ohne_claim.png\",\"contentUrl\":\"https:\\\/\\\/www.efk.admin.ch\\\/wp-content\\\/uploads\\\/efk_cdf_logo_ohne_claim.png\",\"width\":268,\"height\":258,\"caption\":\"Controllo federale delle finanze (CDF)\"},\"image\":{\"@id\":\"https:\\\/\\\/www.efk.admin.ch\\\/it\\\/#\\\/schema\\\/logo\\\/image\\\/\"},\"sameAs\":[\"https:\\\/\\\/www.instagram.com\\\/efk_cdf_sfao\\\/\",\"https:\\\/\\\/www.youtube.com\\\/channel\\\/UCm-bXj227VE5sJzhB-ihdvw\\\/featured\",\"https:\\\/\\\/www.linkedin.com\\\/company\\\/11081578\\\/\"]},{\"@type\":\"Person\",\"@id\":\"https:\\\/\\\/www.efk.admin.ch\\\/it\\\/#\\\/schema\\\/person\\\/64fde6b991e45272f0a47bcf8064e250\",\"name\":\"Daniel Puric\",\"image\":{\"@type\":\"ImageObject\",\"inLanguage\":\"it-IT\",\"@id\":\"https:\\\/\\\/secure.gravatar.com\\\/avatar\\\/ffe31efa04db8f0faef01a94938996b689c09581aa45caed65155c9e3cb70af3?s=96&d=mm&r=g\",\"url\":\"https:\\\/\\\/secure.gravatar.com\\\/avatar\\\/ffe31efa04db8f0faef01a94938996b689c09581aa45caed65155c9e3cb70af3?s=96&d=mm&r=g\",\"contentUrl\":\"https:\\\/\\\/secure.gravatar.com\\\/avatar\\\/ffe31efa04db8f0faef01a94938996b689c09581aa45caed65155c9e3cb70af3?s=96&d=mm&r=g\",\"caption\":\"Daniel Puric\"},\"url\":\"https:\\\/\\\/www.efk.admin.ch\\\/it\\\/author\\\/daniel-puric\\\/\"}]}<\/script>\n<!-- \/ Yoast SEO Premium plugin. -->","yoast_head_json":{"title":"Il CDF esprime dubbi circa la legittimit\u00e0 di un accantonamento di 2 miliardi di franchi - Controllo federale delle finanze (CDF)","robots":{"index":"index","follow":"follow","max-snippet":"max-snippet:-1","max-image-preview":"max-image-preview:large","max-video-preview":"max-video-preview:-1"},"canonical":"https:\/\/www.efk.admin.ch\/it\/il-cdf-esprime-dubbi-circa-la-legittimita-di-un-accantonamento-di-2-miliardi-di-franchi\/","og_locale":"it_IT","og_type":"article","og_title":"Il CDF esprime dubbi circa la legittimit\u00e0 di un accantonamento di 2 miliardi di franchi","og_description":"Dopo essere stato informato dall\u2019Amministrazione federale il 23 gennaio 2018, il Controllo federale delle finanze (CDF) ha esaminato in modo sommario la possibilit\u00e0 di costituire un accantonamento di 2 miliardi di franchi a carico del conto di finanziamento 2017 della Confederazione. Da questo esame preliminare \u00e8 emerso che l\u2019operazione prevista \u00e8 chiaramente in linea con [&hellip;]","og_url":"https:\/\/www.efk.admin.ch\/it\/il-cdf-esprime-dubbi-circa-la-legittimita-di-un-accantonamento-di-2-miliardi-di-franchi\/","og_site_name":"Controllo federale delle finanze (CDF)","article_published_time":"2018-02-23T05:00:00+00:00","article_modified_time":"2024-07-03T13:12:57+00:00","og_image":[{"width":750,"height":500,"url":"https:\/\/www.efk.admin.ch\/wp-content\/uploads\/test\/palais.jpg","type":"image\/jpeg"}],"author":"Daniel Puric","twitter_card":"summary_large_image","twitter_misc":{"Written by":"Daniel Puric","Est. reading time":"2 minutes"},"schema":{"@context":"https:\/\/schema.org","@graph":[{"@type":"Article","@id":"https:\/\/www.efk.admin.ch\/it\/il-cdf-esprime-dubbi-circa-la-legittimita-di-un-accantonamento-di-2-miliardi-di-franchi\/#article","isPartOf":{"@id":"https:\/\/www.efk.admin.ch\/it\/il-cdf-esprime-dubbi-circa-la-legittimita-di-un-accantonamento-di-2-miliardi-di-franchi\/"},"author":{"name":"Daniel Puric","@id":"https:\/\/www.efk.admin.ch\/it\/#\/schema\/person\/64fde6b991e45272f0a47bcf8064e250"},"headline":"Il CDF esprime dubbi circa la legittimit\u00e0 di un accantonamento di 2 miliardi di franchi","datePublished":"2018-02-23T05:00:00+00:00","dateModified":"2024-07-03T13:12:57+00:00","mainEntityOfPage":{"@id":"https:\/\/www.efk.admin.ch\/it\/il-cdf-esprime-dubbi-circa-la-legittimita-di-un-accantonamento-di-2-miliardi-di-franchi\/"},"wordCount":244,"publisher":{"@id":"https:\/\/www.efk.admin.ch\/it\/#organization"},"articleSection":["Comunicato stampa","CDF"],"inLanguage":"it-IT"},{"@type":"WebPage","@id":"https:\/\/www.efk.admin.ch\/it\/il-cdf-esprime-dubbi-circa-la-legittimita-di-un-accantonamento-di-2-miliardi-di-franchi\/","url":"https:\/\/www.efk.admin.ch\/it\/il-cdf-esprime-dubbi-circa-la-legittimita-di-un-accantonamento-di-2-miliardi-di-franchi\/","name":"Il CDF esprime dubbi circa la legittimit\u00e0 di un accantonamento di 2 miliardi di franchi - Controllo federale delle finanze (CDF)","isPartOf":{"@id":"https:\/\/www.efk.admin.ch\/it\/#website"},"datePublished":"2018-02-23T05:00:00+00:00","dateModified":"2024-07-03T13:12:57+00:00","breadcrumb":{"@id":"https:\/\/www.efk.admin.ch\/it\/il-cdf-esprime-dubbi-circa-la-legittimita-di-un-accantonamento-di-2-miliardi-di-franchi\/#breadcrumb"},"inLanguage":"it-IT","potentialAction":[{"@type":"ReadAction","target":["https:\/\/www.efk.admin.ch\/it\/il-cdf-esprime-dubbi-circa-la-legittimita-di-un-accantonamento-di-2-miliardi-di-franchi\/"]}]},{"@type":"BreadcrumbList","@id":"https:\/\/www.efk.admin.ch\/it\/il-cdf-esprime-dubbi-circa-la-legittimita-di-un-accantonamento-di-2-miliardi-di-franchi\/#breadcrumb","itemListElement":[{"@type":"ListItem","position":1,"name":"Home","item":"https:\/\/www.efk.admin.ch\/it\/"},{"@type":"ListItem","position":2,"name":"Il CDF esprime dubbi circa la legittimit\u00e0 di un accantonamento di 2 miliardi di franchi"}]},{"@type":"WebSite","@id":"https:\/\/www.efk.admin.ch\/it\/#website","url":"https:\/\/www.efk.admin.ch\/it\/","name":"Informationen \u00fcber das oberste Finanzaufsichtsorgan der Schweiz","description":"Il Controllo federale delle finanze (CDF) \u00e8 l'organo supremo di vigilanza finanziaria della Confederazione svizzera.","publisher":{"@id":"https:\/\/www.efk.admin.ch\/it\/#organization"},"alternateName":"EFK","potentialAction":[{"@type":"SearchAction","target":{"@type":"EntryPoint","urlTemplate":"https:\/\/www.efk.admin.ch\/it\/?s={search_term_string}"},"query-input":{"@type":"PropertyValueSpecification","valueRequired":true,"valueName":"search_term_string"}}],"inLanguage":"it-IT"},{"@type":"Organization","@id":"https:\/\/www.efk.admin.ch\/it\/#organization","name":"Controllo federale delle finanze (CDF)","alternateName":"EFK","url":"https:\/\/www.efk.admin.ch\/it\/","logo":{"@type":"ImageObject","inLanguage":"it-IT","@id":"https:\/\/www.efk.admin.ch\/it\/#\/schema\/logo\/image\/","url":"https:\/\/www.efk.admin.ch\/wp-content\/uploads\/efk_cdf_logo_ohne_claim.png","contentUrl":"https:\/\/www.efk.admin.ch\/wp-content\/uploads\/efk_cdf_logo_ohne_claim.png","width":268,"height":258,"caption":"Controllo federale delle finanze (CDF)"},"image":{"@id":"https:\/\/www.efk.admin.ch\/it\/#\/schema\/logo\/image\/"},"sameAs":["https:\/\/www.instagram.com\/efk_cdf_sfao\/","https:\/\/www.youtube.com\/channel\/UCm-bXj227VE5sJzhB-ihdvw\/featured","https:\/\/www.linkedin.com\/company\/11081578\/"]},{"@type":"Person","@id":"https:\/\/www.efk.admin.ch\/it\/#\/schema\/person\/64fde6b991e45272f0a47bcf8064e250","name":"Daniel Puric","image":{"@type":"ImageObject","inLanguage":"it-IT","@id":"https:\/\/secure.gravatar.com\/avatar\/ffe31efa04db8f0faef01a94938996b689c09581aa45caed65155c9e3cb70af3?s=96&d=mm&r=g","url":"https:\/\/secure.gravatar.com\/avatar\/ffe31efa04db8f0faef01a94938996b689c09581aa45caed65155c9e3cb70af3?s=96&d=mm&r=g","contentUrl":"https:\/\/secure.gravatar.com\/avatar\/ffe31efa04db8f0faef01a94938996b689c09581aa45caed65155c9e3cb70af3?s=96&d=mm&r=g","caption":"Daniel Puric"},"url":"https:\/\/www.efk.admin.ch\/it\/author\/daniel-puric\/"}]}},"_links":{"self":[{"href":"https:\/\/www.efk.admin.ch\/it\/wp-json\/wp\/v2\/posts\/32433","targetHints":{"allow":["GET"]}}],"collection":[{"href":"https:\/\/www.efk.admin.ch\/it\/wp-json\/wp\/v2\/posts"}],"about":[{"href":"https:\/\/www.efk.admin.ch\/it\/wp-json\/wp\/v2\/types\/post"}],"author":[{"embeddable":true,"href":"https:\/\/www.efk.admin.ch\/it\/wp-json\/wp\/v2\/users\/5"}],"replies":[{"embeddable":true,"href":"https:\/\/www.efk.admin.ch\/it\/wp-json\/wp\/v2\/comments?post=32433"}],"version-history":[{"count":1,"href":"https:\/\/www.efk.admin.ch\/it\/wp-json\/wp\/v2\/posts\/32433\/revisions"}],"predecessor-version":[{"id":32434,"href":"https:\/\/www.efk.admin.ch\/it\/wp-json\/wp\/v2\/posts\/32433\/revisions\/32434"}],"wp:attachment":[{"href":"https:\/\/www.efk.admin.ch\/it\/wp-json\/wp\/v2\/media?parent=32433"}],"wp:term":[{"taxonomy":"category","embeddable":true,"href":"https:\/\/www.efk.admin.ch\/it\/wp-json\/wp\/v2\/categories?post=32433"},{"taxonomy":"post_tag","embeddable":true,"href":"https:\/\/www.efk.admin.ch\/it\/wp-json\/wp\/v2\/tags?post=32433"}],"curies":[{"name":"wp","href":"https:\/\/api.w.org\/{rel}","templated":true}]}}