{"id":32425,"date":"2019-01-16T06:00:00","date_gmt":"2019-01-16T05:00:00","guid":{"rendered":"https:\/\/www.efk.admin.ch\/?p=32425"},"modified":"2024-07-03T14:56:40","modified_gmt":"2024-07-03T12:56:40","slug":"prioritaeten-der-eidgenoessischen-finanzkontrolle-fuer-2019","status":"publish","type":"post","link":"https:\/\/www.efk.admin.ch\/it\/prioritaeten-der-eidgenoessischen-finanzkontrolle-fuer-2019\/","title":{"rendered":"Le priorit\u00e0 del Controllo federale delle finanze per il 2019"},"content":{"rendered":"\n<p>La Delegazione delle finanze delle Camere federali e il Consiglio federale hanno preso conoscenza del programma annuale 2019 del Controllo federale delle finanze (CDF), definito in piena indipendenza. Il programma tratta i principali rischi finanziari e di reputazione nei settori in cui si esercita la vigilanza.<\/p>\n\n\n\n<p>Nel 2019 il CDF si occuper\u00e0 di oltre 160 verifiche. Grazie ai suoi circa cento collaboratori, eseguir\u00e0 revisioni di conti, valutazioni ed esami di acquisti di beni e prestazioni di servizi. Una sessantina di questi rapporti verr\u00e0 pubblicata. Tale impegno per una maggiore trasparenza \u00e8 una priorit\u00e0 gi\u00e0 dal 2014. Da allora il CDF ha pubblicato attivamente pi\u00f9 di 200 rapporti di verifica.<\/p>\n\n\n\n<p>L\u2019elaborazione del programma di verifica annuale del CDF \u00e8 il frutto di una riflessione costante sui rischi finanziari e di reputazione per la Confederazione, l\u2019Amministrazione federale e le sue unit\u00e0. Nel corso degli anni, tale analisi dei rischi ha permesso di effettuare verifiche viepi\u00f9 complesse e che spesso coinvolgono attori diversi.<\/p>\n\n\n\n<p>Tra i temi di cui si occuperanno i team del CDF nel 2019 vi \u00e8 anche il processo di omologazione dei veicoli e di abilitazione dei conducenti, la sostenibilit\u00e0 economica delle agevolazioni fiscali della politica regionale, l\u2019efficacia del controllo dei metalli preziosi, la gestione tecnica degli edifici federali e, ovviamente, i progetti informatici chiave della Confederazione. Al di fuori dell\u2019Amministrazione federale verranno svolte verifiche presso le FFS, RUAG, Svizzera Turismo, Skyguide e Swisscom.<\/p>\n\n\n\n<p>Inoltre il CDF valuter\u00e0 le potenziali sinergie tra l\u2019assicurazione per l\u2019invalidit\u00e0, l\u2019assicurazione contro la disoccupazione e l\u2019aiuto sociale durante la ricerca di un impiego e i servizi consolari all\u2019estero. Verranno poi esaminati progetti di costruzione e ristrutturazione come pure processi di acquisizione e operativi.<\/p>\n\n\n\n<p>A dicembre 2018 l\u2019Assemblea federale ha confermato di confidare nel lavoro del CDF. Il suo budget per il 2019 ammonta a 27,7 milioni di franchi.<\/p>\n","protected":false},"excerpt":{"rendered":"<p>La Delegazione delle finanze delle Camere federali e il Consiglio federale hanno preso conoscenza del programma annuale 2019 del Controllo federale delle finanze (CDF), definito in piena indipendenza. Il programma tratta i principali rischi finanziari e di reputazione nei settori in cui si esercita la vigilanza. Nel 2019 il CDF si occuper\u00e0 di oltre 160 [&hellip;]<\/p>\n","protected":false},"author":5,"featured_media":0,"comment_status":"closed","ping_status":"closed","sticky":false,"template":"","format":"standard","meta":{"_acf_changed":false,"footnotes":""},"categories":[240,211],"tags":[],"class_list":["post-32425","post","type-post","status-publish","format-standard","hentry","category-cdf","category-comunicato-stampa"],"acf":[],"yoast_head":"<!-- This site is optimized with the Yoast SEO Premium plugin v27.4 (Yoast SEO v27.4) - https:\/\/yoast.com\/product\/yoast-seo-premium-wordpress\/ -->\n<title>Le priorit\u00e0 del Controllo federale delle finanze per il 2019 - Controllo federale delle finanze (CDF)<\/title>\n<meta name=\"robots\" content=\"index, follow, max-snippet:-1, max-image-preview:large, max-video-preview:-1\" \/>\n<link rel=\"canonical\" href=\"https:\/\/www.efk.admin.ch\/it\/prioritaeten-der-eidgenoessischen-finanzkontrolle-fuer-2019\/\" \/>\n<meta property=\"og:locale\" content=\"it_IT\" \/>\n<meta property=\"og:type\" content=\"article\" \/>\n<meta property=\"og:title\" content=\"Le priorit\u00e0 del Controllo federale delle finanze per il 2019\" \/>\n<meta property=\"og:description\" content=\"La Delegazione delle finanze delle Camere federali e il Consiglio federale hanno preso conoscenza del programma annuale 2019 del Controllo federale delle finanze (CDF), definito in piena indipendenza. Il programma tratta i principali rischi finanziari e di reputazione nei settori in cui si esercita la vigilanza. Nel 2019 il CDF si occuper\u00e0 di oltre 160 [&hellip;]\" \/>\n<meta property=\"og:url\" content=\"https:\/\/www.efk.admin.ch\/it\/prioritaeten-der-eidgenoessischen-finanzkontrolle-fuer-2019\/\" \/>\n<meta property=\"og:site_name\" content=\"Controllo federale delle finanze (CDF)\" \/>\n<meta property=\"article:published_time\" content=\"2019-01-16T05:00:00+00:00\" \/>\n<meta property=\"article:modified_time\" content=\"2024-07-03T12:56:40+00:00\" \/>\n<meta property=\"og:image\" content=\"https:\/\/www.efk.admin.ch\/wp-content\/uploads\/test\/palais.jpg\" \/>\n\t<meta property=\"og:image:width\" content=\"750\" \/>\n\t<meta property=\"og:image:height\" content=\"500\" \/>\n\t<meta property=\"og:image:type\" content=\"image\/jpeg\" \/>\n<meta name=\"author\" content=\"Daniel Puric\" \/>\n<meta name=\"twitter:card\" content=\"summary_large_image\" \/>\n<meta name=\"twitter:label1\" content=\"Written by\" \/>\n\t<meta name=\"twitter:data1\" content=\"Daniel Puric\" \/>\n\t<meta name=\"twitter:label2\" content=\"Est. reading time\" \/>\n\t<meta name=\"twitter:data2\" content=\"2 minutes\" \/>\n<script type=\"application\/ld+json\" class=\"yoast-schema-graph\">{\"@context\":\"https:\\\/\\\/schema.org\",\"@graph\":[{\"@type\":\"Article\",\"@id\":\"https:\\\/\\\/www.efk.admin.ch\\\/it\\\/prioritaeten-der-eidgenoessischen-finanzkontrolle-fuer-2019\\\/#article\",\"isPartOf\":{\"@id\":\"https:\\\/\\\/www.efk.admin.ch\\\/it\\\/prioritaeten-der-eidgenoessischen-finanzkontrolle-fuer-2019\\\/\"},\"author\":{\"name\":\"Daniel Puric\",\"@id\":\"https:\\\/\\\/www.efk.admin.ch\\\/it\\\/#\\\/schema\\\/person\\\/64fde6b991e45272f0a47bcf8064e250\"},\"headline\":\"Le priorit\u00e0 del Controllo federale delle finanze per il 2019\",\"datePublished\":\"2019-01-16T05:00:00+00:00\",\"dateModified\":\"2024-07-03T12:56:40+00:00\",\"mainEntityOfPage\":{\"@id\":\"https:\\\/\\\/www.efk.admin.ch\\\/it\\\/prioritaeten-der-eidgenoessischen-finanzkontrolle-fuer-2019\\\/\"},\"wordCount\":309,\"publisher\":{\"@id\":\"https:\\\/\\\/www.efk.admin.ch\\\/it\\\/#organization\"},\"articleSection\":[\"CDF\",\"Comunicato stampa\"],\"inLanguage\":\"it-IT\"},{\"@type\":\"WebPage\",\"@id\":\"https:\\\/\\\/www.efk.admin.ch\\\/it\\\/prioritaeten-der-eidgenoessischen-finanzkontrolle-fuer-2019\\\/\",\"url\":\"https:\\\/\\\/www.efk.admin.ch\\\/it\\\/prioritaeten-der-eidgenoessischen-finanzkontrolle-fuer-2019\\\/\",\"name\":\"Le priorit\u00e0 del Controllo federale delle finanze per il 2019 - Controllo federale delle finanze (CDF)\",\"isPartOf\":{\"@id\":\"https:\\\/\\\/www.efk.admin.ch\\\/it\\\/#website\"},\"datePublished\":\"2019-01-16T05:00:00+00:00\",\"dateModified\":\"2024-07-03T12:56:40+00:00\",\"breadcrumb\":{\"@id\":\"https:\\\/\\\/www.efk.admin.ch\\\/it\\\/prioritaeten-der-eidgenoessischen-finanzkontrolle-fuer-2019\\\/#breadcrumb\"},\"inLanguage\":\"it-IT\",\"potentialAction\":[{\"@type\":\"ReadAction\",\"target\":[\"https:\\\/\\\/www.efk.admin.ch\\\/it\\\/prioritaeten-der-eidgenoessischen-finanzkontrolle-fuer-2019\\\/\"]}]},{\"@type\":\"BreadcrumbList\",\"@id\":\"https:\\\/\\\/www.efk.admin.ch\\\/it\\\/prioritaeten-der-eidgenoessischen-finanzkontrolle-fuer-2019\\\/#breadcrumb\",\"itemListElement\":[{\"@type\":\"ListItem\",\"position\":1,\"name\":\"Home\",\"item\":\"https:\\\/\\\/www.efk.admin.ch\\\/it\\\/\"},{\"@type\":\"ListItem\",\"position\":2,\"name\":\"Le priorit\u00e0 del Controllo federale delle finanze per il 2019\"}]},{\"@type\":\"WebSite\",\"@id\":\"https:\\\/\\\/www.efk.admin.ch\\\/it\\\/#website\",\"url\":\"https:\\\/\\\/www.efk.admin.ch\\\/it\\\/\",\"name\":\"Informationen \u00fcber das oberste Finanzaufsichtsorgan der Schweiz\",\"description\":\"Il Controllo federale delle finanze (CDF) \u00e8 l'organo supremo di vigilanza finanziaria della Confederazione svizzera.\",\"publisher\":{\"@id\":\"https:\\\/\\\/www.efk.admin.ch\\\/it\\\/#organization\"},\"alternateName\":\"EFK\",\"potentialAction\":[{\"@type\":\"SearchAction\",\"target\":{\"@type\":\"EntryPoint\",\"urlTemplate\":\"https:\\\/\\\/www.efk.admin.ch\\\/it\\\/?s={search_term_string}\"},\"query-input\":{\"@type\":\"PropertyValueSpecification\",\"valueRequired\":true,\"valueName\":\"search_term_string\"}}],\"inLanguage\":\"it-IT\"},{\"@type\":\"Organization\",\"@id\":\"https:\\\/\\\/www.efk.admin.ch\\\/it\\\/#organization\",\"name\":\"Controllo federale delle finanze (CDF)\",\"alternateName\":\"EFK\",\"url\":\"https:\\\/\\\/www.efk.admin.ch\\\/it\\\/\",\"logo\":{\"@type\":\"ImageObject\",\"inLanguage\":\"it-IT\",\"@id\":\"https:\\\/\\\/www.efk.admin.ch\\\/it\\\/#\\\/schema\\\/logo\\\/image\\\/\",\"url\":\"https:\\\/\\\/www.efk.admin.ch\\\/wp-content\\\/uploads\\\/efk_cdf_logo_ohne_claim.png\",\"contentUrl\":\"https:\\\/\\\/www.efk.admin.ch\\\/wp-content\\\/uploads\\\/efk_cdf_logo_ohne_claim.png\",\"width\":268,\"height\":258,\"caption\":\"Controllo federale delle finanze (CDF)\"},\"image\":{\"@id\":\"https:\\\/\\\/www.efk.admin.ch\\\/it\\\/#\\\/schema\\\/logo\\\/image\\\/\"},\"sameAs\":[\"https:\\\/\\\/www.instagram.com\\\/efk_cdf_sfao\\\/\",\"https:\\\/\\\/www.youtube.com\\\/channel\\\/UCm-bXj227VE5sJzhB-ihdvw\\\/featured\",\"https:\\\/\\\/www.linkedin.com\\\/company\\\/11081578\\\/\"]},{\"@type\":\"Person\",\"@id\":\"https:\\\/\\\/www.efk.admin.ch\\\/it\\\/#\\\/schema\\\/person\\\/64fde6b991e45272f0a47bcf8064e250\",\"name\":\"Daniel Puric\",\"image\":{\"@type\":\"ImageObject\",\"inLanguage\":\"it-IT\",\"@id\":\"https:\\\/\\\/secure.gravatar.com\\\/avatar\\\/ffe31efa04db8f0faef01a94938996b689c09581aa45caed65155c9e3cb70af3?s=96&d=mm&r=g\",\"url\":\"https:\\\/\\\/secure.gravatar.com\\\/avatar\\\/ffe31efa04db8f0faef01a94938996b689c09581aa45caed65155c9e3cb70af3?s=96&d=mm&r=g\",\"contentUrl\":\"https:\\\/\\\/secure.gravatar.com\\\/avatar\\\/ffe31efa04db8f0faef01a94938996b689c09581aa45caed65155c9e3cb70af3?s=96&d=mm&r=g\",\"caption\":\"Daniel Puric\"},\"url\":\"https:\\\/\\\/www.efk.admin.ch\\\/it\\\/author\\\/daniel-puric\\\/\"}]}<\/script>\n<!-- \/ Yoast SEO Premium plugin. -->","yoast_head_json":{"title":"Le priorit\u00e0 del Controllo federale delle finanze per il 2019 - Controllo federale delle finanze (CDF)","robots":{"index":"index","follow":"follow","max-snippet":"max-snippet:-1","max-image-preview":"max-image-preview:large","max-video-preview":"max-video-preview:-1"},"canonical":"https:\/\/www.efk.admin.ch\/it\/prioritaeten-der-eidgenoessischen-finanzkontrolle-fuer-2019\/","og_locale":"it_IT","og_type":"article","og_title":"Le priorit\u00e0 del Controllo federale delle finanze per il 2019","og_description":"La Delegazione delle finanze delle Camere federali e il Consiglio federale hanno preso conoscenza del programma annuale 2019 del Controllo federale delle finanze (CDF), definito in piena indipendenza. Il programma tratta i principali rischi finanziari e di reputazione nei settori in cui si esercita la vigilanza. Nel 2019 il CDF si occuper\u00e0 di oltre 160 [&hellip;]","og_url":"https:\/\/www.efk.admin.ch\/it\/prioritaeten-der-eidgenoessischen-finanzkontrolle-fuer-2019\/","og_site_name":"Controllo federale delle finanze (CDF)","article_published_time":"2019-01-16T05:00:00+00:00","article_modified_time":"2024-07-03T12:56:40+00:00","og_image":[{"width":750,"height":500,"url":"https:\/\/www.efk.admin.ch\/wp-content\/uploads\/test\/palais.jpg","type":"image\/jpeg"}],"author":"Daniel Puric","twitter_card":"summary_large_image","twitter_misc":{"Written by":"Daniel Puric","Est. reading time":"2 minutes"},"schema":{"@context":"https:\/\/schema.org","@graph":[{"@type":"Article","@id":"https:\/\/www.efk.admin.ch\/it\/prioritaeten-der-eidgenoessischen-finanzkontrolle-fuer-2019\/#article","isPartOf":{"@id":"https:\/\/www.efk.admin.ch\/it\/prioritaeten-der-eidgenoessischen-finanzkontrolle-fuer-2019\/"},"author":{"name":"Daniel Puric","@id":"https:\/\/www.efk.admin.ch\/it\/#\/schema\/person\/64fde6b991e45272f0a47bcf8064e250"},"headline":"Le priorit\u00e0 del Controllo federale delle finanze per il 2019","datePublished":"2019-01-16T05:00:00+00:00","dateModified":"2024-07-03T12:56:40+00:00","mainEntityOfPage":{"@id":"https:\/\/www.efk.admin.ch\/it\/prioritaeten-der-eidgenoessischen-finanzkontrolle-fuer-2019\/"},"wordCount":309,"publisher":{"@id":"https:\/\/www.efk.admin.ch\/it\/#organization"},"articleSection":["CDF","Comunicato stampa"],"inLanguage":"it-IT"},{"@type":"WebPage","@id":"https:\/\/www.efk.admin.ch\/it\/prioritaeten-der-eidgenoessischen-finanzkontrolle-fuer-2019\/","url":"https:\/\/www.efk.admin.ch\/it\/prioritaeten-der-eidgenoessischen-finanzkontrolle-fuer-2019\/","name":"Le priorit\u00e0 del Controllo federale delle finanze per il 2019 - Controllo federale delle finanze (CDF)","isPartOf":{"@id":"https:\/\/www.efk.admin.ch\/it\/#website"},"datePublished":"2019-01-16T05:00:00+00:00","dateModified":"2024-07-03T12:56:40+00:00","breadcrumb":{"@id":"https:\/\/www.efk.admin.ch\/it\/prioritaeten-der-eidgenoessischen-finanzkontrolle-fuer-2019\/#breadcrumb"},"inLanguage":"it-IT","potentialAction":[{"@type":"ReadAction","target":["https:\/\/www.efk.admin.ch\/it\/prioritaeten-der-eidgenoessischen-finanzkontrolle-fuer-2019\/"]}]},{"@type":"BreadcrumbList","@id":"https:\/\/www.efk.admin.ch\/it\/prioritaeten-der-eidgenoessischen-finanzkontrolle-fuer-2019\/#breadcrumb","itemListElement":[{"@type":"ListItem","position":1,"name":"Home","item":"https:\/\/www.efk.admin.ch\/it\/"},{"@type":"ListItem","position":2,"name":"Le priorit\u00e0 del Controllo federale delle finanze per il 2019"}]},{"@type":"WebSite","@id":"https:\/\/www.efk.admin.ch\/it\/#website","url":"https:\/\/www.efk.admin.ch\/it\/","name":"Informationen \u00fcber das oberste Finanzaufsichtsorgan der Schweiz","description":"Il Controllo federale delle finanze (CDF) \u00e8 l'organo supremo di vigilanza finanziaria della Confederazione svizzera.","publisher":{"@id":"https:\/\/www.efk.admin.ch\/it\/#organization"},"alternateName":"EFK","potentialAction":[{"@type":"SearchAction","target":{"@type":"EntryPoint","urlTemplate":"https:\/\/www.efk.admin.ch\/it\/?s={search_term_string}"},"query-input":{"@type":"PropertyValueSpecification","valueRequired":true,"valueName":"search_term_string"}}],"inLanguage":"it-IT"},{"@type":"Organization","@id":"https:\/\/www.efk.admin.ch\/it\/#organization","name":"Controllo federale delle finanze (CDF)","alternateName":"EFK","url":"https:\/\/www.efk.admin.ch\/it\/","logo":{"@type":"ImageObject","inLanguage":"it-IT","@id":"https:\/\/www.efk.admin.ch\/it\/#\/schema\/logo\/image\/","url":"https:\/\/www.efk.admin.ch\/wp-content\/uploads\/efk_cdf_logo_ohne_claim.png","contentUrl":"https:\/\/www.efk.admin.ch\/wp-content\/uploads\/efk_cdf_logo_ohne_claim.png","width":268,"height":258,"caption":"Controllo federale delle finanze (CDF)"},"image":{"@id":"https:\/\/www.efk.admin.ch\/it\/#\/schema\/logo\/image\/"},"sameAs":["https:\/\/www.instagram.com\/efk_cdf_sfao\/","https:\/\/www.youtube.com\/channel\/UCm-bXj227VE5sJzhB-ihdvw\/featured","https:\/\/www.linkedin.com\/company\/11081578\/"]},{"@type":"Person","@id":"https:\/\/www.efk.admin.ch\/it\/#\/schema\/person\/64fde6b991e45272f0a47bcf8064e250","name":"Daniel Puric","image":{"@type":"ImageObject","inLanguage":"it-IT","@id":"https:\/\/secure.gravatar.com\/avatar\/ffe31efa04db8f0faef01a94938996b689c09581aa45caed65155c9e3cb70af3?s=96&d=mm&r=g","url":"https:\/\/secure.gravatar.com\/avatar\/ffe31efa04db8f0faef01a94938996b689c09581aa45caed65155c9e3cb70af3?s=96&d=mm&r=g","contentUrl":"https:\/\/secure.gravatar.com\/avatar\/ffe31efa04db8f0faef01a94938996b689c09581aa45caed65155c9e3cb70af3?s=96&d=mm&r=g","caption":"Daniel Puric"},"url":"https:\/\/www.efk.admin.ch\/it\/author\/daniel-puric\/"}]}},"_links":{"self":[{"href":"https:\/\/www.efk.admin.ch\/it\/wp-json\/wp\/v2\/posts\/32425","targetHints":{"allow":["GET"]}}],"collection":[{"href":"https:\/\/www.efk.admin.ch\/it\/wp-json\/wp\/v2\/posts"}],"about":[{"href":"https:\/\/www.efk.admin.ch\/it\/wp-json\/wp\/v2\/types\/post"}],"author":[{"embeddable":true,"href":"https:\/\/www.efk.admin.ch\/it\/wp-json\/wp\/v2\/users\/5"}],"replies":[{"embeddable":true,"href":"https:\/\/www.efk.admin.ch\/it\/wp-json\/wp\/v2\/comments?post=32425"}],"version-history":[{"count":1,"href":"https:\/\/www.efk.admin.ch\/it\/wp-json\/wp\/v2\/posts\/32425\/revisions"}],"predecessor-version":[{"id":32426,"href":"https:\/\/www.efk.admin.ch\/it\/wp-json\/wp\/v2\/posts\/32425\/revisions\/32426"}],"wp:attachment":[{"href":"https:\/\/www.efk.admin.ch\/it\/wp-json\/wp\/v2\/media?parent=32425"}],"wp:term":[{"taxonomy":"category","embeddable":true,"href":"https:\/\/www.efk.admin.ch\/it\/wp-json\/wp\/v2\/categories?post=32425"},{"taxonomy":"post_tag","embeddable":true,"href":"https:\/\/www.efk.admin.ch\/it\/wp-json\/wp\/v2\/tags?post=32425"}],"curies":[{"name":"wp","href":"https:\/\/api.w.org\/{rel}","templated":true}]}}