{"id":43253,"date":"2026-03-17T09:19:18","date_gmt":"2026-03-17T08:19:18","guid":{"rendered":"https:\/\/www.efk.admin.ch\/eveline-huegli-wird-neue-vizedirektorin-der-efk\/"},"modified":"2026-03-17T15:20:34","modified_gmt":"2026-03-17T14:20:34","slug":"eveline-hugli-sera-la-nouvelle-vice-directrice-du-cdf","status":"publish","type":"post","link":"https:\/\/www.efk.admin.ch\/fr\/eveline-hugli-sera-la-nouvelle-vice-directrice-du-cdf\/","title":{"rendered":"Eveline H\u00fcgli sera la nouvelle vice-directrice du CDF"},"content":{"rendered":"\n<p><strong>A compter du 1er juillet 2026, des changements interviendront au sein de la direction du Contr\u00f4le f\u00e9d\u00e9ral des finances (CDF). Eveline H\u00fcgli deviendra la nouvelle vice-directrice et succ\u00e9dera \u00e0 Brigitte Christ. Eric-Serge Jeannet sera le nouveau directeur suppl\u00e9ant.<\/strong><\/p>\n\n\n\n<p>\u00ab Je me r\u00e9jouis beaucoup d\u2019accueillir Eveline H\u00fcgli, une cadre exp\u00e9riment\u00e9e et engag\u00e9e, au sein de la direction \u00bb, d\u00e9clare Pascal Stirnimann, directeur du CDF. Elle s\u2019est d\u00e9marqu\u00e9e \u00e0 l\u2019issue d\u2019une proc\u00e9dure de s\u00e9lection interne. Eveline H\u00fcgli a rejoint le CDF mi-2016 en tant qu\u2019experte en \u00e9valuation. \u00c0 peine un an plus tard, elle est devenue responsable de mandat et a depuis lors \u00e9t\u00e9 charg\u00e9es de diff\u00e9rents d\u00e9partements, o\u00f9 elle a \u00e9valu\u00e9 les situations \u00e0 risque qui ont engendr\u00e9s des audits. Auparavant, cette politologue de 45 ans a \u00e9t\u00e9 pendant huit ans cheffe de projet en recherche et conseil politiques au Bureau Vatter.<br><br>Eveline H\u00fcgli succ\u00e8de \u00e0 Brigitte Christ \u00e0 la t\u00eate des domaines d\u2019examen. Brigitte Christ travaille au CDF depuis pr\u00e8s de 15 ans. D\u2019abord comme responsable de domaine, puis comme vice-directrice et enfin comme directrice suppl\u00e9ante. Elle a d\u00e9cid\u00e9 de prendre une retraite anticip\u00e9e. \u00ab Je remercie Brigitte Christ pour l\u2019important travail qu\u2019elle a accompli pour le CDF. Elle a contribu\u00e9 de mani\u00e8re significative \u00e0 l\u2019action du Contr\u00f4le f\u00e9d\u00e9ral des finances \u00bb, d\u00e9clare Pascal Stirnimann.<br><br>Le nouveau directeur suppl\u00e9ant sera Eric-Serge Jeannet, qui occupe le poste de vice-directeur depuis 2013 et dirige les centres de comp\u00e9tences. Afin de pr\u00e9venir tout conflit d\u2019int\u00e9r\u00eats potentiel, Eveline H\u00fcgli ne sera pas comp\u00e9tente pour le D\u00e9partement f\u00e9d\u00e9ral de la d\u00e9fense, de la protection de la population et des sports (DDPS).<\/p>\n","protected":false},"excerpt":{"rendered":"<p>A compter du 1er juillet 2026, des changements interviendront au sein de la direction du Contr\u00f4le f\u00e9d\u00e9ral des finances (CDF). Eveline H\u00fcgli deviendra la nouvelle vice-directrice et succ\u00e9dera \u00e0 Brigitte Christ. Eric-Serge Jeannet sera le nouveau directeur suppl\u00e9ant. \u00ab Je me r\u00e9jouis beaucoup d\u2019accueillir Eveline H\u00fcgli, une cadre exp\u00e9riment\u00e9e et engag\u00e9e, au sein de la [&hellip;]<\/p>\n","protected":false},"author":14,"featured_media":0,"comment_status":"closed","ping_status":"closed","sticky":false,"template":"","format":"standard","meta":{"_acf_changed":false,"footnotes":""},"categories":[208,238],"tags":[],"class_list":["post-43253","post","type-post","status-publish","format-standard","hentry","category-news","category-efk"],"acf":[],"yoast_head":"<!-- This site is optimized with the Yoast SEO Premium plugin v27.4 (Yoast SEO v27.4) - https:\/\/yoast.com\/product\/yoast-seo-premium-wordpress\/ -->\n<title>Eveline H\u00fcgli sera la nouvelle vice-directrice du CDF - Contr\u00f4le f\u00e9d\u00e9ral des finances (CDF)<\/title>\n<meta name=\"robots\" content=\"index, follow, max-snippet:-1, max-image-preview:large, max-video-preview:-1\" \/>\n<link rel=\"canonical\" href=\"https:\/\/www.efk.admin.ch\/fr\/eveline-hugli-sera-la-nouvelle-vice-directrice-du-cdf\/\" \/>\n<meta property=\"og:locale\" content=\"fr_FR\" \/>\n<meta property=\"og:type\" content=\"article\" \/>\n<meta property=\"og:title\" content=\"Eveline H\u00fcgli sera la nouvelle vice-directrice du CDF\" \/>\n<meta property=\"og:description\" content=\"A compter du 1er juillet 2026, des changements interviendront au sein de la direction du Contr\u00f4le f\u00e9d\u00e9ral des finances (CDF). Eveline H\u00fcgli deviendra la nouvelle vice-directrice et succ\u00e9dera \u00e0 Brigitte Christ. Eric-Serge Jeannet sera le nouveau directeur suppl\u00e9ant. \u00ab Je me r\u00e9jouis beaucoup d\u2019accueillir Eveline H\u00fcgli, une cadre exp\u00e9riment\u00e9e et engag\u00e9e, au sein de la [&hellip;]\" \/>\n<meta property=\"og:url\" content=\"https:\/\/www.efk.admin.ch\/fr\/eveline-hugli-sera-la-nouvelle-vice-directrice-du-cdf\/\" \/>\n<meta property=\"og:site_name\" content=\"Contr\u00f4le f\u00e9d\u00e9ral des finances (CDF)\" \/>\n<meta property=\"article:published_time\" content=\"2026-03-17T08:19:18+00:00\" \/>\n<meta property=\"article:modified_time\" content=\"2026-03-17T14:20:34+00:00\" \/>\n<meta property=\"og:image\" content=\"https:\/\/www.efk.admin.ch\/wp-content\/uploads\/test\/palais.jpg\" \/>\n\t<meta property=\"og:image:width\" content=\"750\" \/>\n\t<meta property=\"og:image:height\" content=\"500\" \/>\n\t<meta property=\"og:image:type\" content=\"image\/jpeg\" \/>\n<meta name=\"author\" content=\"Benjamin Meyer\" \/>\n<meta name=\"twitter:card\" content=\"summary_large_image\" \/>\n<meta name=\"twitter:label1\" content=\"\u00c9crit par\" \/>\n\t<meta name=\"twitter:data1\" content=\"Benjamin Meyer\" \/>\n\t<meta name=\"twitter:label2\" content=\"Dur\u00e9e de lecture estim\u00e9e\" \/>\n\t<meta name=\"twitter:data2\" content=\"2 minutes\" \/>\n<script type=\"application\/ld+json\" class=\"yoast-schema-graph\">{\"@context\":\"https:\\\/\\\/schema.org\",\"@graph\":[{\"@type\":\"Article\",\"@id\":\"https:\\\/\\\/www.efk.admin.ch\\\/fr\\\/eveline-hugli-sera-la-nouvelle-vice-directrice-du-cdf\\\/#article\",\"isPartOf\":{\"@id\":\"https:\\\/\\\/www.efk.admin.ch\\\/fr\\\/eveline-hugli-sera-la-nouvelle-vice-directrice-du-cdf\\\/\"},\"author\":{\"name\":\"Benjamin Meyer\",\"@id\":\"https:\\\/\\\/www.efk.admin.ch\\\/fr\\\/#\\\/schema\\\/person\\\/a33aae6a9e254690e482e7ee9617a5d5\"},\"headline\":\"Eveline H\u00fcgli sera la nouvelle vice-directrice du CDF\",\"datePublished\":\"2026-03-17T08:19:18+00:00\",\"dateModified\":\"2026-03-17T14:20:34+00:00\",\"mainEntityOfPage\":{\"@id\":\"https:\\\/\\\/www.efk.admin.ch\\\/fr\\\/eveline-hugli-sera-la-nouvelle-vice-directrice-du-cdf\\\/\"},\"wordCount\":315,\"publisher\":{\"@id\":\"https:\\\/\\\/www.efk.admin.ch\\\/fr\\\/#organization\"},\"articleSection\":[\"News\",\"EFK\"],\"inLanguage\":\"fr-FR\"},{\"@type\":\"WebPage\",\"@id\":\"https:\\\/\\\/www.efk.admin.ch\\\/fr\\\/eveline-hugli-sera-la-nouvelle-vice-directrice-du-cdf\\\/\",\"url\":\"https:\\\/\\\/www.efk.admin.ch\\\/fr\\\/eveline-hugli-sera-la-nouvelle-vice-directrice-du-cdf\\\/\",\"name\":\"Eveline H\u00fcgli sera la nouvelle vice-directrice du CDF - Contr\u00f4le f\u00e9d\u00e9ral des finances (CDF)\",\"isPartOf\":{\"@id\":\"https:\\\/\\\/www.efk.admin.ch\\\/fr\\\/#website\"},\"datePublished\":\"2026-03-17T08:19:18+00:00\",\"dateModified\":\"2026-03-17T14:20:34+00:00\",\"breadcrumb\":{\"@id\":\"https:\\\/\\\/www.efk.admin.ch\\\/fr\\\/eveline-hugli-sera-la-nouvelle-vice-directrice-du-cdf\\\/#breadcrumb\"},\"inLanguage\":\"fr-FR\",\"potentialAction\":[{\"@type\":\"ReadAction\",\"target\":[\"https:\\\/\\\/www.efk.admin.ch\\\/fr\\\/eveline-hugli-sera-la-nouvelle-vice-directrice-du-cdf\\\/\"]}]},{\"@type\":\"BreadcrumbList\",\"@id\":\"https:\\\/\\\/www.efk.admin.ch\\\/fr\\\/eveline-hugli-sera-la-nouvelle-vice-directrice-du-cdf\\\/#breadcrumb\",\"itemListElement\":[{\"@type\":\"ListItem\",\"position\":1,\"name\":\"Home\",\"item\":\"https:\\\/\\\/www.efk.admin.ch\\\/fr\\\/\"},{\"@type\":\"ListItem\",\"position\":2,\"name\":\"Eveline H\u00fcgli sera la nouvelle vice-directrice du CDF\"}]},{\"@type\":\"WebSite\",\"@id\":\"https:\\\/\\\/www.efk.admin.ch\\\/fr\\\/#website\",\"url\":\"https:\\\/\\\/www.efk.admin.ch\\\/fr\\\/\",\"name\":\"Informationen \u00fcber das oberste Finanzaufsichtsorgan der Schweiz\",\"description\":\"Le Contr\u00f4le f\u00e9d\u00e9ral des finances (CDF) est l'organe supr\u00eame de surveillance financi\u00e8re de la Conf\u00e9d\u00e9ration suisse.\",\"publisher\":{\"@id\":\"https:\\\/\\\/www.efk.admin.ch\\\/fr\\\/#organization\"},\"alternateName\":\"EFK\",\"potentialAction\":[{\"@type\":\"SearchAction\",\"target\":{\"@type\":\"EntryPoint\",\"urlTemplate\":\"https:\\\/\\\/www.efk.admin.ch\\\/fr\\\/?s={search_term_string}\"},\"query-input\":{\"@type\":\"PropertyValueSpecification\",\"valueRequired\":true,\"valueName\":\"search_term_string\"}}],\"inLanguage\":\"fr-FR\"},{\"@type\":\"Organization\",\"@id\":\"https:\\\/\\\/www.efk.admin.ch\\\/fr\\\/#organization\",\"name\":\"Contr\u00f4le f\u00e9d\u00e9ral des finances (CDF)\",\"alternateName\":\"EFK\",\"url\":\"https:\\\/\\\/www.efk.admin.ch\\\/fr\\\/\",\"logo\":{\"@type\":\"ImageObject\",\"inLanguage\":\"fr-FR\",\"@id\":\"https:\\\/\\\/www.efk.admin.ch\\\/fr\\\/#\\\/schema\\\/logo\\\/image\\\/\",\"url\":\"https:\\\/\\\/www.efk.admin.ch\\\/wp-content\\\/uploads\\\/efk_cdf_logo_ohne_claim.png\",\"contentUrl\":\"https:\\\/\\\/www.efk.admin.ch\\\/wp-content\\\/uploads\\\/efk_cdf_logo_ohne_claim.png\",\"width\":268,\"height\":258,\"caption\":\"Contr\u00f4le f\u00e9d\u00e9ral des finances (CDF)\"},\"image\":{\"@id\":\"https:\\\/\\\/www.efk.admin.ch\\\/fr\\\/#\\\/schema\\\/logo\\\/image\\\/\"},\"sameAs\":[\"https:\\\/\\\/www.instagram.com\\\/efk_cdf_sfao\\\/\",\"https:\\\/\\\/www.youtube.com\\\/channel\\\/UCm-bXj227VE5sJzhB-ihdvw\\\/featured\",\"https:\\\/\\\/www.linkedin.com\\\/company\\\/11081578\\\/\"]},{\"@type\":\"Person\",\"@id\":\"https:\\\/\\\/www.efk.admin.ch\\\/fr\\\/#\\\/schema\\\/person\\\/a33aae6a9e254690e482e7ee9617a5d5\",\"name\":\"Benjamin Meyer\",\"image\":{\"@type\":\"ImageObject\",\"inLanguage\":\"fr-FR\",\"@id\":\"https:\\\/\\\/secure.gravatar.com\\\/avatar\\\/8d694065a0cf6be941f547fb223a776559dd983436e0e8b2198b05e5cbd4ad85?s=96&d=mm&r=g\",\"url\":\"https:\\\/\\\/secure.gravatar.com\\\/avatar\\\/8d694065a0cf6be941f547fb223a776559dd983436e0e8b2198b05e5cbd4ad85?s=96&d=mm&r=g\",\"contentUrl\":\"https:\\\/\\\/secure.gravatar.com\\\/avatar\\\/8d694065a0cf6be941f547fb223a776559dd983436e0e8b2198b05e5cbd4ad85?s=96&d=mm&r=g\",\"caption\":\"Benjamin Meyer\"},\"url\":\"https:\\\/\\\/www.efk.admin.ch\\\/fr\\\/author\\\/bmeyer\\\/\"}]}<\/script>\n<!-- \/ Yoast SEO Premium plugin. -->","yoast_head_json":{"title":"Eveline H\u00fcgli sera la nouvelle vice-directrice du CDF - Contr\u00f4le f\u00e9d\u00e9ral des finances (CDF)","robots":{"index":"index","follow":"follow","max-snippet":"max-snippet:-1","max-image-preview":"max-image-preview:large","max-video-preview":"max-video-preview:-1"},"canonical":"https:\/\/www.efk.admin.ch\/fr\/eveline-hugli-sera-la-nouvelle-vice-directrice-du-cdf\/","og_locale":"fr_FR","og_type":"article","og_title":"Eveline H\u00fcgli sera la nouvelle vice-directrice du CDF","og_description":"A compter du 1er juillet 2026, des changements interviendront au sein de la direction du Contr\u00f4le f\u00e9d\u00e9ral des finances (CDF). Eveline H\u00fcgli deviendra la nouvelle vice-directrice et succ\u00e9dera \u00e0 Brigitte Christ. Eric-Serge Jeannet sera le nouveau directeur suppl\u00e9ant. \u00ab Je me r\u00e9jouis beaucoup d\u2019accueillir Eveline H\u00fcgli, une cadre exp\u00e9riment\u00e9e et engag\u00e9e, au sein de la [&hellip;]","og_url":"https:\/\/www.efk.admin.ch\/fr\/eveline-hugli-sera-la-nouvelle-vice-directrice-du-cdf\/","og_site_name":"Contr\u00f4le f\u00e9d\u00e9ral des finances (CDF)","article_published_time":"2026-03-17T08:19:18+00:00","article_modified_time":"2026-03-17T14:20:34+00:00","og_image":[{"width":750,"height":500,"url":"https:\/\/www.efk.admin.ch\/wp-content\/uploads\/test\/palais.jpg","type":"image\/jpeg"}],"author":"Benjamin Meyer","twitter_card":"summary_large_image","twitter_misc":{"\u00c9crit par":"Benjamin Meyer","Dur\u00e9e de lecture estim\u00e9e":"2 minutes"},"schema":{"@context":"https:\/\/schema.org","@graph":[{"@type":"Article","@id":"https:\/\/www.efk.admin.ch\/fr\/eveline-hugli-sera-la-nouvelle-vice-directrice-du-cdf\/#article","isPartOf":{"@id":"https:\/\/www.efk.admin.ch\/fr\/eveline-hugli-sera-la-nouvelle-vice-directrice-du-cdf\/"},"author":{"name":"Benjamin Meyer","@id":"https:\/\/www.efk.admin.ch\/fr\/#\/schema\/person\/a33aae6a9e254690e482e7ee9617a5d5"},"headline":"Eveline H\u00fcgli sera la nouvelle vice-directrice du CDF","datePublished":"2026-03-17T08:19:18+00:00","dateModified":"2026-03-17T14:20:34+00:00","mainEntityOfPage":{"@id":"https:\/\/www.efk.admin.ch\/fr\/eveline-hugli-sera-la-nouvelle-vice-directrice-du-cdf\/"},"wordCount":315,"publisher":{"@id":"https:\/\/www.efk.admin.ch\/fr\/#organization"},"articleSection":["News","EFK"],"inLanguage":"fr-FR"},{"@type":"WebPage","@id":"https:\/\/www.efk.admin.ch\/fr\/eveline-hugli-sera-la-nouvelle-vice-directrice-du-cdf\/","url":"https:\/\/www.efk.admin.ch\/fr\/eveline-hugli-sera-la-nouvelle-vice-directrice-du-cdf\/","name":"Eveline H\u00fcgli sera la nouvelle vice-directrice du CDF - Contr\u00f4le f\u00e9d\u00e9ral des finances (CDF)","isPartOf":{"@id":"https:\/\/www.efk.admin.ch\/fr\/#website"},"datePublished":"2026-03-17T08:19:18+00:00","dateModified":"2026-03-17T14:20:34+00:00","breadcrumb":{"@id":"https:\/\/www.efk.admin.ch\/fr\/eveline-hugli-sera-la-nouvelle-vice-directrice-du-cdf\/#breadcrumb"},"inLanguage":"fr-FR","potentialAction":[{"@type":"ReadAction","target":["https:\/\/www.efk.admin.ch\/fr\/eveline-hugli-sera-la-nouvelle-vice-directrice-du-cdf\/"]}]},{"@type":"BreadcrumbList","@id":"https:\/\/www.efk.admin.ch\/fr\/eveline-hugli-sera-la-nouvelle-vice-directrice-du-cdf\/#breadcrumb","itemListElement":[{"@type":"ListItem","position":1,"name":"Home","item":"https:\/\/www.efk.admin.ch\/fr\/"},{"@type":"ListItem","position":2,"name":"Eveline H\u00fcgli sera la nouvelle vice-directrice du CDF"}]},{"@type":"WebSite","@id":"https:\/\/www.efk.admin.ch\/fr\/#website","url":"https:\/\/www.efk.admin.ch\/fr\/","name":"Informationen \u00fcber das oberste Finanzaufsichtsorgan der Schweiz","description":"Le Contr\u00f4le f\u00e9d\u00e9ral des finances (CDF) est l'organe supr\u00eame de surveillance financi\u00e8re de la Conf\u00e9d\u00e9ration suisse.","publisher":{"@id":"https:\/\/www.efk.admin.ch\/fr\/#organization"},"alternateName":"EFK","potentialAction":[{"@type":"SearchAction","target":{"@type":"EntryPoint","urlTemplate":"https:\/\/www.efk.admin.ch\/fr\/?s={search_term_string}"},"query-input":{"@type":"PropertyValueSpecification","valueRequired":true,"valueName":"search_term_string"}}],"inLanguage":"fr-FR"},{"@type":"Organization","@id":"https:\/\/www.efk.admin.ch\/fr\/#organization","name":"Contr\u00f4le f\u00e9d\u00e9ral des finances (CDF)","alternateName":"EFK","url":"https:\/\/www.efk.admin.ch\/fr\/","logo":{"@type":"ImageObject","inLanguage":"fr-FR","@id":"https:\/\/www.efk.admin.ch\/fr\/#\/schema\/logo\/image\/","url":"https:\/\/www.efk.admin.ch\/wp-content\/uploads\/efk_cdf_logo_ohne_claim.png","contentUrl":"https:\/\/www.efk.admin.ch\/wp-content\/uploads\/efk_cdf_logo_ohne_claim.png","width":268,"height":258,"caption":"Contr\u00f4le f\u00e9d\u00e9ral des finances (CDF)"},"image":{"@id":"https:\/\/www.efk.admin.ch\/fr\/#\/schema\/logo\/image\/"},"sameAs":["https:\/\/www.instagram.com\/efk_cdf_sfao\/","https:\/\/www.youtube.com\/channel\/UCm-bXj227VE5sJzhB-ihdvw\/featured","https:\/\/www.linkedin.com\/company\/11081578\/"]},{"@type":"Person","@id":"https:\/\/www.efk.admin.ch\/fr\/#\/schema\/person\/a33aae6a9e254690e482e7ee9617a5d5","name":"Benjamin Meyer","image":{"@type":"ImageObject","inLanguage":"fr-FR","@id":"https:\/\/secure.gravatar.com\/avatar\/8d694065a0cf6be941f547fb223a776559dd983436e0e8b2198b05e5cbd4ad85?s=96&d=mm&r=g","url":"https:\/\/secure.gravatar.com\/avatar\/8d694065a0cf6be941f547fb223a776559dd983436e0e8b2198b05e5cbd4ad85?s=96&d=mm&r=g","contentUrl":"https:\/\/secure.gravatar.com\/avatar\/8d694065a0cf6be941f547fb223a776559dd983436e0e8b2198b05e5cbd4ad85?s=96&d=mm&r=g","caption":"Benjamin Meyer"},"url":"https:\/\/www.efk.admin.ch\/fr\/author\/bmeyer\/"}]}},"_links":{"self":[{"href":"https:\/\/www.efk.admin.ch\/fr\/wp-json\/wp\/v2\/posts\/43253","targetHints":{"allow":["GET"]}}],"collection":[{"href":"https:\/\/www.efk.admin.ch\/fr\/wp-json\/wp\/v2\/posts"}],"about":[{"href":"https:\/\/www.efk.admin.ch\/fr\/wp-json\/wp\/v2\/types\/post"}],"author":[{"embeddable":true,"href":"https:\/\/www.efk.admin.ch\/fr\/wp-json\/wp\/v2\/users\/14"}],"replies":[{"embeddable":true,"href":"https:\/\/www.efk.admin.ch\/fr\/wp-json\/wp\/v2\/comments?post=43253"}],"version-history":[{"count":2,"href":"https:\/\/www.efk.admin.ch\/fr\/wp-json\/wp\/v2\/posts\/43253\/revisions"}],"predecessor-version":[{"id":43261,"href":"https:\/\/www.efk.admin.ch\/fr\/wp-json\/wp\/v2\/posts\/43253\/revisions\/43261"}],"wp:attachment":[{"href":"https:\/\/www.efk.admin.ch\/fr\/wp-json\/wp\/v2\/media?parent=43253"}],"wp:term":[{"taxonomy":"category","embeddable":true,"href":"https:\/\/www.efk.admin.ch\/fr\/wp-json\/wp\/v2\/categories?post=43253"},{"taxonomy":"post_tag","embeddable":true,"href":"https:\/\/www.efk.admin.ch\/fr\/wp-json\/wp\/v2\/tags?post=43253"}],"curies":[{"name":"wp","href":"https:\/\/api.w.org\/{rel}","templated":true}]}}