{"id":42585,"date":"2026-02-11T14:06:00","date_gmt":"2026-02-11T13:06:00","guid":{"rendered":"https:\/\/www.efk.admin.ch\/?p=42585"},"modified":"2026-02-11T13:20:46","modified_gmt":"2026-02-11T12:20:46","slug":"programme-annuel-2026-intelligence-artificielle-et-respect-des-engagements","status":"publish","type":"post","link":"https:\/\/www.efk.admin.ch\/fr\/programme-annuel-2026-intelligence-artificielle-et-respect-des-engagements\/","title":{"rendered":"Programme annuel 2026 : intelligence artificielle et respect des engagements"},"content":{"rendered":"\n<p><strong>La D\u00e9l\u00e9gation des finances des Chambres f\u00e9d\u00e9rales et le Conseil f\u00e9d\u00e9ral ont pris connaissance du programme du Contr\u00f4le f\u00e9d\u00e9ral des finances (CDF) pour l\u2019ann\u00e9e 2026. Celui-ci pr\u00e9voit des audits sur une grande vari\u00e9t\u00e9 de th\u00e8mes, notamment sur celui de l\u2019intelligence artificielle. Il met \u00e9galement l\u2019accent sur le respect des engagements pris, un sujet qui gagne en importance au sein du CDF.<\/strong><\/p>\n\n\n\n<p>Les engagements non tenus peuvent affecter la rentabilit\u00e9 d\u2019un projet. Dans sa pr\u00e9face au programme d\u2019audit de cette ann\u00e9e, Pascal Stirnimman soul\u00e8ve la question des promesses faites aux repr\u00e9sentants politiques et \u00e0 la population. On leur assure que les d\u00e9penses consacr\u00e9es \u00e0 des projets permettront une am\u00e9lioration de la qualit\u00e9 d\u2019une prestation ou une meilleure efficacit\u00e9 \u00e0 moindre co\u00fbt. Mais le directeur du CDF souligne que, trop, souvent, l\u2019accomplissement de ces promesses est entour\u00e9 d\u2019incertitudes. C\u2019est pourquoi, en 2026, le CDF entend consacrer plusieurs de ses audits \u00e0 ce sujet.<br><br>Le CDF s\u2019occupera \u00e9galement d\u2019intelligence artificielle (IA), le th\u00e8me cl\u00e9 de 2026. Cette technologie repr\u00e9sente \u00e0 la fois un grand potentiel et de nouveaux d\u00e9fis pour l\u2019ex\u00e9cution des t\u00e2ches de l\u2019administration. Une s\u00e9rie d\u2019audits \u00e9valueront son utilisation sous diff\u00e9rents angles. Le CDF examinera notamment les solutions d\u2019IA exploit\u00e9es dans le domaine militaire et effectuera un audit de la mise \u00e0 disposition de l\u2019infrastructure f\u00e9d\u00e9rale pour les solutions d\u2019IA. Il s\u2019agira avant tout d\u2019\u00e9valuer le mode de gouvernance, la fa\u00e7on de traiter les donn\u00e9es et la promesse de rentabilit\u00e9 de ces nouvelles solutions.<br><br>Dans le domaine de la s\u00e9curit\u00e9, le CDF se penchera sur l\u2019estimation des co\u00fbts d\u2019exploitation des F-35A et sur la planification financi\u00e8re de l\u2019arm\u00e9e. Il s\u2019int\u00e9ressera \u00e9galement aux assurances sociales afin de d\u00e9terminer si la r\u00e9forme des prestations compl\u00e9mentaires a permis d\u2019atteindre les objectifs fix\u00e9s. Il proc\u00e9dera par ailleurs \u00e0 un examen du dispositif de surveillance mis en place pour contr\u00f4ler le versement de l\u2019aide sociale aux requ\u00e9rants d\u2019asile. Enfin, dans le domaine de la justice, le CDF \u00e9valuera les possibilit\u00e9s de num\u00e9riser les processus de l\u2019Institut suisse de droit compar\u00e9 et contr\u00f4lera la s\u00e9curit\u00e9 de la plateforme \u00ab justitia.swiss \u00bb.<br><br>Le programme annuel 2026 du CDF pr\u00e9voit quelque 170 audits dans divers domaines, notamment sur des  projets informatiques, des subventions, des acquisitions ou des projets de construction. La rentabilit\u00e9 sera l\u2019un des principaux aspects \u00e9valu\u00e9s. Des r\u00e9visions de comptes et une s\u00e9rie d\u2019\u00e9valuations sont \u00e9galement inscrites au programme.<\/p>\n\n\n\n<figure class=\"wp-block-image size-large is-resized\"><img loading=\"lazy\" decoding=\"async\" width=\"1024\" height=\"796\" src=\"https:\/\/www.efk.admin.ch\/wp-content\/uploads\/publikationen\/medienmitteilungen\/2026\/jahresprogramm-2026\/jahresprogramm2026_f-1024x796.jpg\" alt=\"\" class=\"wp-image-42699\" style=\"width:650px\" srcset=\"https:\/\/www.efk.admin.ch\/wp-content\/uploads\/publikationen\/medienmitteilungen\/2026\/jahresprogramm-2026\/jahresprogramm2026_f-1024x796.jpg 1024w, https:\/\/www.efk.admin.ch\/wp-content\/uploads\/publikationen\/medienmitteilungen\/2026\/jahresprogramm-2026\/jahresprogramm2026_f-300x233.jpg 300w, https:\/\/www.efk.admin.ch\/wp-content\/uploads\/publikationen\/medienmitteilungen\/2026\/jahresprogramm-2026\/jahresprogramm2026_f-768x597.jpg 768w, https:\/\/www.efk.admin.ch\/wp-content\/uploads\/publikationen\/medienmitteilungen\/2026\/jahresprogramm-2026\/jahresprogramm2026_f-1536x1194.jpg 1536w, https:\/\/www.efk.admin.ch\/wp-content\/uploads\/publikationen\/medienmitteilungen\/2026\/jahresprogramm-2026\/jahresprogramm2026_f-2048x1592.jpg 2048w, https:\/\/www.efk.admin.ch\/wp-content\/uploads\/publikationen\/medienmitteilungen\/2026\/jahresprogramm-2026\/jahresprogramm2026_f.jpg 1080w\" sizes=\"auto, (max-width: 1024px) 100vw, 1024px\" \/><\/figure>\n","protected":false},"excerpt":{"rendered":"<p>La D\u00e9l\u00e9gation des finances des Chambres f\u00e9d\u00e9rales et le Conseil f\u00e9d\u00e9ral ont pris connaissance du programme du Contr\u00f4le f\u00e9d\u00e9ral des finances (CDF) pour l\u2019ann\u00e9e 2026. Celui-ci pr\u00e9voit des audits sur une grande vari\u00e9t\u00e9 de th\u00e8mes, notamment sur celui de l\u2019intelligence artificielle. Il met \u00e9galement l\u2019accent sur le respect des engagements pris, un sujet qui gagne [&hellip;]<\/p>\n","protected":false},"author":14,"featured_media":0,"comment_status":"closed","ping_status":"closed","sticky":false,"template":"","format":"standard","meta":{"_acf_changed":false,"footnotes":""},"categories":[213,239],"tags":[],"class_list":["post-42585","post","type-post","status-publish","format-standard","hentry","category-communique-de-presse","category-cdf"],"acf":[],"yoast_head":"<!-- This site is optimized with the Yoast SEO Premium plugin v27.4 (Yoast SEO v27.4) - https:\/\/yoast.com\/product\/yoast-seo-premium-wordpress\/ -->\n<title>Programme annuel 2026 : intelligence artificielle et respect des engagements - Contr\u00f4le f\u00e9d\u00e9ral des finances (CDF)<\/title>\n<meta name=\"robots\" content=\"index, follow, max-snippet:-1, max-image-preview:large, max-video-preview:-1\" \/>\n<link rel=\"canonical\" href=\"https:\/\/www.efk.admin.ch\/fr\/programme-annuel-2026-intelligence-artificielle-et-respect-des-engagements\/\" \/>\n<meta property=\"og:locale\" content=\"fr_FR\" \/>\n<meta property=\"og:type\" content=\"article\" \/>\n<meta property=\"og:title\" content=\"Programme annuel 2026 : intelligence artificielle et respect des engagements\" \/>\n<meta property=\"og:description\" content=\"La D\u00e9l\u00e9gation des finances des Chambres f\u00e9d\u00e9rales et le Conseil f\u00e9d\u00e9ral ont pris connaissance du programme du Contr\u00f4le f\u00e9d\u00e9ral des finances (CDF) pour l\u2019ann\u00e9e 2026. Celui-ci pr\u00e9voit des audits sur une grande vari\u00e9t\u00e9 de th\u00e8mes, notamment sur celui de l\u2019intelligence artificielle. Il met \u00e9galement l\u2019accent sur le respect des engagements pris, un sujet qui gagne [&hellip;]\" \/>\n<meta property=\"og:url\" content=\"https:\/\/www.efk.admin.ch\/fr\/programme-annuel-2026-intelligence-artificielle-et-respect-des-engagements\/\" \/>\n<meta property=\"og:site_name\" content=\"Contr\u00f4le f\u00e9d\u00e9ral des finances (CDF)\" \/>\n<meta property=\"article:published_time\" content=\"2026-02-11T13:06:00+00:00\" \/>\n<meta property=\"og:image\" content=\"https:\/\/www.efk.admin.ch\/wp-content\/uploads\/publikationen\/medienmitteilungen\/2026\/jahresprogramm-2026\/jahresprogramm2026_f.jpg\" \/>\n\t<meta property=\"og:image:width\" content=\"1080\" \/>\n\t<meta property=\"og:image:height\" content=\"840\" \/>\n\t<meta property=\"og:image:type\" content=\"image\/jpeg\" \/>\n<meta name=\"author\" content=\"Benjamin Meyer\" \/>\n<meta name=\"twitter:card\" content=\"summary_large_image\" \/>\n<meta name=\"twitter:label1\" content=\"\u00c9crit par\" \/>\n\t<meta name=\"twitter:data1\" content=\"Benjamin Meyer\" \/>\n\t<meta name=\"twitter:label2\" content=\"Dur\u00e9e de lecture estim\u00e9e\" \/>\n\t<meta name=\"twitter:data2\" content=\"3 minutes\" \/>\n<script type=\"application\/ld+json\" class=\"yoast-schema-graph\">{\"@context\":\"https:\\\/\\\/schema.org\",\"@graph\":[{\"@type\":\"Article\",\"@id\":\"https:\\\/\\\/www.efk.admin.ch\\\/fr\\\/programme-annuel-2026-intelligence-artificielle-et-respect-des-engagements\\\/#article\",\"isPartOf\":{\"@id\":\"https:\\\/\\\/www.efk.admin.ch\\\/fr\\\/programme-annuel-2026-intelligence-artificielle-et-respect-des-engagements\\\/\"},\"author\":{\"name\":\"Benjamin Meyer\",\"@id\":\"https:\\\/\\\/www.efk.admin.ch\\\/fr\\\/#\\\/schema\\\/person\\\/a33aae6a9e254690e482e7ee9617a5d5\"},\"headline\":\"Programme annuel 2026 : intelligence artificielle et respect des engagements\",\"datePublished\":\"2026-02-11T13:06:00+00:00\",\"mainEntityOfPage\":{\"@id\":\"https:\\\/\\\/www.efk.admin.ch\\\/fr\\\/programme-annuel-2026-intelligence-artificielle-et-respect-des-engagements\\\/\"},\"wordCount\":470,\"publisher\":{\"@id\":\"https:\\\/\\\/www.efk.admin.ch\\\/fr\\\/#organization\"},\"image\":{\"@id\":\"https:\\\/\\\/www.efk.admin.ch\\\/fr\\\/programme-annuel-2026-intelligence-artificielle-et-respect-des-engagements\\\/#primaryimage\"},\"thumbnailUrl\":\"https:\\\/\\\/www.efk.admin.ch\\\/wp-content\\\/uploads\\\/publikationen\\\/medienmitteilungen\\\/2026\\\/jahresprogramm-2026\\\/jahresprogramm2026_f-1024x796.jpg\",\"articleSection\":[\"Communiqu\u00e9 de presse\",\"CDF\"],\"inLanguage\":\"fr-FR\"},{\"@type\":\"WebPage\",\"@id\":\"https:\\\/\\\/www.efk.admin.ch\\\/fr\\\/programme-annuel-2026-intelligence-artificielle-et-respect-des-engagements\\\/\",\"url\":\"https:\\\/\\\/www.efk.admin.ch\\\/fr\\\/programme-annuel-2026-intelligence-artificielle-et-respect-des-engagements\\\/\",\"name\":\"Programme annuel 2026 : intelligence artificielle et respect des engagements - Contr\u00f4le f\u00e9d\u00e9ral des finances (CDF)\",\"isPartOf\":{\"@id\":\"https:\\\/\\\/www.efk.admin.ch\\\/fr\\\/#website\"},\"primaryImageOfPage\":{\"@id\":\"https:\\\/\\\/www.efk.admin.ch\\\/fr\\\/programme-annuel-2026-intelligence-artificielle-et-respect-des-engagements\\\/#primaryimage\"},\"image\":{\"@id\":\"https:\\\/\\\/www.efk.admin.ch\\\/fr\\\/programme-annuel-2026-intelligence-artificielle-et-respect-des-engagements\\\/#primaryimage\"},\"thumbnailUrl\":\"https:\\\/\\\/www.efk.admin.ch\\\/wp-content\\\/uploads\\\/publikationen\\\/medienmitteilungen\\\/2026\\\/jahresprogramm-2026\\\/jahresprogramm2026_f-1024x796.jpg\",\"datePublished\":\"2026-02-11T13:06:00+00:00\",\"breadcrumb\":{\"@id\":\"https:\\\/\\\/www.efk.admin.ch\\\/fr\\\/programme-annuel-2026-intelligence-artificielle-et-respect-des-engagements\\\/#breadcrumb\"},\"inLanguage\":\"fr-FR\",\"potentialAction\":[{\"@type\":\"ReadAction\",\"target\":[\"https:\\\/\\\/www.efk.admin.ch\\\/fr\\\/programme-annuel-2026-intelligence-artificielle-et-respect-des-engagements\\\/\"]}]},{\"@type\":\"ImageObject\",\"inLanguage\":\"fr-FR\",\"@id\":\"https:\\\/\\\/www.efk.admin.ch\\\/fr\\\/programme-annuel-2026-intelligence-artificielle-et-respect-des-engagements\\\/#primaryimage\",\"url\":\"https:\\\/\\\/www.efk.admin.ch\\\/wp-content\\\/uploads\\\/publikationen\\\/medienmitteilungen\\\/2026\\\/jahresprogramm-2026\\\/jahresprogramm2026_f-1024x796.jpg\",\"contentUrl\":\"https:\\\/\\\/www.efk.admin.ch\\\/wp-content\\\/uploads\\\/publikationen\\\/medienmitteilungen\\\/2026\\\/jahresprogramm-2026\\\/jahresprogramm2026_f-1024x796.jpg\"},{\"@type\":\"BreadcrumbList\",\"@id\":\"https:\\\/\\\/www.efk.admin.ch\\\/fr\\\/programme-annuel-2026-intelligence-artificielle-et-respect-des-engagements\\\/#breadcrumb\",\"itemListElement\":[{\"@type\":\"ListItem\",\"position\":1,\"name\":\"Home\",\"item\":\"https:\\\/\\\/www.efk.admin.ch\\\/fr\\\/\"},{\"@type\":\"ListItem\",\"position\":2,\"name\":\"Programme annuel 2026 : intelligence artificielle et respect des engagements\"}]},{\"@type\":\"WebSite\",\"@id\":\"https:\\\/\\\/www.efk.admin.ch\\\/fr\\\/#website\",\"url\":\"https:\\\/\\\/www.efk.admin.ch\\\/fr\\\/\",\"name\":\"Informationen \u00fcber das oberste Finanzaufsichtsorgan der Schweiz\",\"description\":\"Le Contr\u00f4le f\u00e9d\u00e9ral des finances (CDF) est l'organe supr\u00eame de surveillance financi\u00e8re de la Conf\u00e9d\u00e9ration suisse.\",\"publisher\":{\"@id\":\"https:\\\/\\\/www.efk.admin.ch\\\/fr\\\/#organization\"},\"alternateName\":\"EFK\",\"potentialAction\":[{\"@type\":\"SearchAction\",\"target\":{\"@type\":\"EntryPoint\",\"urlTemplate\":\"https:\\\/\\\/www.efk.admin.ch\\\/fr\\\/?s={search_term_string}\"},\"query-input\":{\"@type\":\"PropertyValueSpecification\",\"valueRequired\":true,\"valueName\":\"search_term_string\"}}],\"inLanguage\":\"fr-FR\"},{\"@type\":\"Organization\",\"@id\":\"https:\\\/\\\/www.efk.admin.ch\\\/fr\\\/#organization\",\"name\":\"Contr\u00f4le f\u00e9d\u00e9ral des finances (CDF)\",\"alternateName\":\"EFK\",\"url\":\"https:\\\/\\\/www.efk.admin.ch\\\/fr\\\/\",\"logo\":{\"@type\":\"ImageObject\",\"inLanguage\":\"fr-FR\",\"@id\":\"https:\\\/\\\/www.efk.admin.ch\\\/fr\\\/#\\\/schema\\\/logo\\\/image\\\/\",\"url\":\"https:\\\/\\\/www.efk.admin.ch\\\/wp-content\\\/uploads\\\/efk_cdf_logo_ohne_claim.png\",\"contentUrl\":\"https:\\\/\\\/www.efk.admin.ch\\\/wp-content\\\/uploads\\\/efk_cdf_logo_ohne_claim.png\",\"width\":268,\"height\":258,\"caption\":\"Contr\u00f4le f\u00e9d\u00e9ral des finances (CDF)\"},\"image\":{\"@id\":\"https:\\\/\\\/www.efk.admin.ch\\\/fr\\\/#\\\/schema\\\/logo\\\/image\\\/\"},\"sameAs\":[\"https:\\\/\\\/www.instagram.com\\\/efk_cdf_sfao\\\/\",\"https:\\\/\\\/www.youtube.com\\\/channel\\\/UCm-bXj227VE5sJzhB-ihdvw\\\/featured\",\"https:\\\/\\\/www.linkedin.com\\\/company\\\/11081578\\\/\"]},{\"@type\":\"Person\",\"@id\":\"https:\\\/\\\/www.efk.admin.ch\\\/fr\\\/#\\\/schema\\\/person\\\/a33aae6a9e254690e482e7ee9617a5d5\",\"name\":\"Benjamin Meyer\",\"image\":{\"@type\":\"ImageObject\",\"inLanguage\":\"fr-FR\",\"@id\":\"https:\\\/\\\/secure.gravatar.com\\\/avatar\\\/8d694065a0cf6be941f547fb223a776559dd983436e0e8b2198b05e5cbd4ad85?s=96&d=mm&r=g\",\"url\":\"https:\\\/\\\/secure.gravatar.com\\\/avatar\\\/8d694065a0cf6be941f547fb223a776559dd983436e0e8b2198b05e5cbd4ad85?s=96&d=mm&r=g\",\"contentUrl\":\"https:\\\/\\\/secure.gravatar.com\\\/avatar\\\/8d694065a0cf6be941f547fb223a776559dd983436e0e8b2198b05e5cbd4ad85?s=96&d=mm&r=g\",\"caption\":\"Benjamin Meyer\"},\"url\":\"https:\\\/\\\/www.efk.admin.ch\\\/fr\\\/author\\\/bmeyer\\\/\"}]}<\/script>\n<!-- \/ Yoast SEO Premium plugin. -->","yoast_head_json":{"title":"Programme annuel 2026 : intelligence artificielle et respect des engagements - Contr\u00f4le f\u00e9d\u00e9ral des finances (CDF)","robots":{"index":"index","follow":"follow","max-snippet":"max-snippet:-1","max-image-preview":"max-image-preview:large","max-video-preview":"max-video-preview:-1"},"canonical":"https:\/\/www.efk.admin.ch\/fr\/programme-annuel-2026-intelligence-artificielle-et-respect-des-engagements\/","og_locale":"fr_FR","og_type":"article","og_title":"Programme annuel 2026 : intelligence artificielle et respect des engagements","og_description":"La D\u00e9l\u00e9gation des finances des Chambres f\u00e9d\u00e9rales et le Conseil f\u00e9d\u00e9ral ont pris connaissance du programme du Contr\u00f4le f\u00e9d\u00e9ral des finances (CDF) pour l\u2019ann\u00e9e 2026. Celui-ci pr\u00e9voit des audits sur une grande vari\u00e9t\u00e9 de th\u00e8mes, notamment sur celui de l\u2019intelligence artificielle. Il met \u00e9galement l\u2019accent sur le respect des engagements pris, un sujet qui gagne [&hellip;]","og_url":"https:\/\/www.efk.admin.ch\/fr\/programme-annuel-2026-intelligence-artificielle-et-respect-des-engagements\/","og_site_name":"Contr\u00f4le f\u00e9d\u00e9ral des finances (CDF)","article_published_time":"2026-02-11T13:06:00+00:00","og_image":[{"width":1080,"height":840,"url":"https:\/\/www.efk.admin.ch\/wp-content\/uploads\/publikationen\/medienmitteilungen\/2026\/jahresprogramm-2026\/jahresprogramm2026_f.jpg","type":"image\/jpeg"}],"author":"Benjamin Meyer","twitter_card":"summary_large_image","twitter_misc":{"\u00c9crit par":"Benjamin Meyer","Dur\u00e9e de lecture estim\u00e9e":"3 minutes"},"schema":{"@context":"https:\/\/schema.org","@graph":[{"@type":"Article","@id":"https:\/\/www.efk.admin.ch\/fr\/programme-annuel-2026-intelligence-artificielle-et-respect-des-engagements\/#article","isPartOf":{"@id":"https:\/\/www.efk.admin.ch\/fr\/programme-annuel-2026-intelligence-artificielle-et-respect-des-engagements\/"},"author":{"name":"Benjamin Meyer","@id":"https:\/\/www.efk.admin.ch\/fr\/#\/schema\/person\/a33aae6a9e254690e482e7ee9617a5d5"},"headline":"Programme annuel 2026 : intelligence artificielle et respect des engagements","datePublished":"2026-02-11T13:06:00+00:00","mainEntityOfPage":{"@id":"https:\/\/www.efk.admin.ch\/fr\/programme-annuel-2026-intelligence-artificielle-et-respect-des-engagements\/"},"wordCount":470,"publisher":{"@id":"https:\/\/www.efk.admin.ch\/fr\/#organization"},"image":{"@id":"https:\/\/www.efk.admin.ch\/fr\/programme-annuel-2026-intelligence-artificielle-et-respect-des-engagements\/#primaryimage"},"thumbnailUrl":"https:\/\/www.efk.admin.ch\/wp-content\/uploads\/publikationen\/medienmitteilungen\/2026\/jahresprogramm-2026\/jahresprogramm2026_f-1024x796.jpg","articleSection":["Communiqu\u00e9 de presse","CDF"],"inLanguage":"fr-FR"},{"@type":"WebPage","@id":"https:\/\/www.efk.admin.ch\/fr\/programme-annuel-2026-intelligence-artificielle-et-respect-des-engagements\/","url":"https:\/\/www.efk.admin.ch\/fr\/programme-annuel-2026-intelligence-artificielle-et-respect-des-engagements\/","name":"Programme annuel 2026 : intelligence artificielle et respect des engagements - Contr\u00f4le f\u00e9d\u00e9ral des finances (CDF)","isPartOf":{"@id":"https:\/\/www.efk.admin.ch\/fr\/#website"},"primaryImageOfPage":{"@id":"https:\/\/www.efk.admin.ch\/fr\/programme-annuel-2026-intelligence-artificielle-et-respect-des-engagements\/#primaryimage"},"image":{"@id":"https:\/\/www.efk.admin.ch\/fr\/programme-annuel-2026-intelligence-artificielle-et-respect-des-engagements\/#primaryimage"},"thumbnailUrl":"https:\/\/www.efk.admin.ch\/wp-content\/uploads\/publikationen\/medienmitteilungen\/2026\/jahresprogramm-2026\/jahresprogramm2026_f-1024x796.jpg","datePublished":"2026-02-11T13:06:00+00:00","breadcrumb":{"@id":"https:\/\/www.efk.admin.ch\/fr\/programme-annuel-2026-intelligence-artificielle-et-respect-des-engagements\/#breadcrumb"},"inLanguage":"fr-FR","potentialAction":[{"@type":"ReadAction","target":["https:\/\/www.efk.admin.ch\/fr\/programme-annuel-2026-intelligence-artificielle-et-respect-des-engagements\/"]}]},{"@type":"ImageObject","inLanguage":"fr-FR","@id":"https:\/\/www.efk.admin.ch\/fr\/programme-annuel-2026-intelligence-artificielle-et-respect-des-engagements\/#primaryimage","url":"https:\/\/www.efk.admin.ch\/wp-content\/uploads\/publikationen\/medienmitteilungen\/2026\/jahresprogramm-2026\/jahresprogramm2026_f-1024x796.jpg","contentUrl":"https:\/\/www.efk.admin.ch\/wp-content\/uploads\/publikationen\/medienmitteilungen\/2026\/jahresprogramm-2026\/jahresprogramm2026_f-1024x796.jpg"},{"@type":"BreadcrumbList","@id":"https:\/\/www.efk.admin.ch\/fr\/programme-annuel-2026-intelligence-artificielle-et-respect-des-engagements\/#breadcrumb","itemListElement":[{"@type":"ListItem","position":1,"name":"Home","item":"https:\/\/www.efk.admin.ch\/fr\/"},{"@type":"ListItem","position":2,"name":"Programme annuel 2026 : intelligence artificielle et respect des engagements"}]},{"@type":"WebSite","@id":"https:\/\/www.efk.admin.ch\/fr\/#website","url":"https:\/\/www.efk.admin.ch\/fr\/","name":"Informationen \u00fcber das oberste Finanzaufsichtsorgan der Schweiz","description":"Le Contr\u00f4le f\u00e9d\u00e9ral des finances (CDF) est l'organe supr\u00eame de surveillance financi\u00e8re de la Conf\u00e9d\u00e9ration suisse.","publisher":{"@id":"https:\/\/www.efk.admin.ch\/fr\/#organization"},"alternateName":"EFK","potentialAction":[{"@type":"SearchAction","target":{"@type":"EntryPoint","urlTemplate":"https:\/\/www.efk.admin.ch\/fr\/?s={search_term_string}"},"query-input":{"@type":"PropertyValueSpecification","valueRequired":true,"valueName":"search_term_string"}}],"inLanguage":"fr-FR"},{"@type":"Organization","@id":"https:\/\/www.efk.admin.ch\/fr\/#organization","name":"Contr\u00f4le f\u00e9d\u00e9ral des finances (CDF)","alternateName":"EFK","url":"https:\/\/www.efk.admin.ch\/fr\/","logo":{"@type":"ImageObject","inLanguage":"fr-FR","@id":"https:\/\/www.efk.admin.ch\/fr\/#\/schema\/logo\/image\/","url":"https:\/\/www.efk.admin.ch\/wp-content\/uploads\/efk_cdf_logo_ohne_claim.png","contentUrl":"https:\/\/www.efk.admin.ch\/wp-content\/uploads\/efk_cdf_logo_ohne_claim.png","width":268,"height":258,"caption":"Contr\u00f4le f\u00e9d\u00e9ral des finances (CDF)"},"image":{"@id":"https:\/\/www.efk.admin.ch\/fr\/#\/schema\/logo\/image\/"},"sameAs":["https:\/\/www.instagram.com\/efk_cdf_sfao\/","https:\/\/www.youtube.com\/channel\/UCm-bXj227VE5sJzhB-ihdvw\/featured","https:\/\/www.linkedin.com\/company\/11081578\/"]},{"@type":"Person","@id":"https:\/\/www.efk.admin.ch\/fr\/#\/schema\/person\/a33aae6a9e254690e482e7ee9617a5d5","name":"Benjamin Meyer","image":{"@type":"ImageObject","inLanguage":"fr-FR","@id":"https:\/\/secure.gravatar.com\/avatar\/8d694065a0cf6be941f547fb223a776559dd983436e0e8b2198b05e5cbd4ad85?s=96&d=mm&r=g","url":"https:\/\/secure.gravatar.com\/avatar\/8d694065a0cf6be941f547fb223a776559dd983436e0e8b2198b05e5cbd4ad85?s=96&d=mm&r=g","contentUrl":"https:\/\/secure.gravatar.com\/avatar\/8d694065a0cf6be941f547fb223a776559dd983436e0e8b2198b05e5cbd4ad85?s=96&d=mm&r=g","caption":"Benjamin Meyer"},"url":"https:\/\/www.efk.admin.ch\/fr\/author\/bmeyer\/"}]}},"_links":{"self":[{"href":"https:\/\/www.efk.admin.ch\/fr\/wp-json\/wp\/v2\/posts\/42585","targetHints":{"allow":["GET"]}}],"collection":[{"href":"https:\/\/www.efk.admin.ch\/fr\/wp-json\/wp\/v2\/posts"}],"about":[{"href":"https:\/\/www.efk.admin.ch\/fr\/wp-json\/wp\/v2\/types\/post"}],"author":[{"embeddable":true,"href":"https:\/\/www.efk.admin.ch\/fr\/wp-json\/wp\/v2\/users\/14"}],"replies":[{"embeddable":true,"href":"https:\/\/www.efk.admin.ch\/fr\/wp-json\/wp\/v2\/comments?post=42585"}],"version-history":[{"count":4,"href":"https:\/\/www.efk.admin.ch\/fr\/wp-json\/wp\/v2\/posts\/42585\/revisions"}],"predecessor-version":[{"id":42705,"href":"https:\/\/www.efk.admin.ch\/fr\/wp-json\/wp\/v2\/posts\/42585\/revisions\/42705"}],"wp:attachment":[{"href":"https:\/\/www.efk.admin.ch\/fr\/wp-json\/wp\/v2\/media?parent=42585"}],"wp:term":[{"taxonomy":"category","embeddable":true,"href":"https:\/\/www.efk.admin.ch\/fr\/wp-json\/wp\/v2\/categories?post=42585"},{"taxonomy":"post_tag","embeddable":true,"href":"https:\/\/www.efk.admin.ch\/fr\/wp-json\/wp\/v2\/tags?post=42585"}],"curies":[{"name":"wp","href":"https:\/\/api.w.org\/{rel}","templated":true}]}}