{"id":41240,"date":"2025-12-12T09:00:00","date_gmt":"2025-12-12T08:00:00","guid":{"rendered":"https:\/\/www.efk.admin.ch\/?p=41240"},"modified":"2026-02-12T09:04:17","modified_gmt":"2026-02-12T08:04:17","slug":"transparence-du-financement-de-la-vie-politique-montants-definitifs-des-recettes-concernant-les-campagnes-pour-les-votations-federales-du-28-septembre-2025","status":"publish","type":"post","link":"https:\/\/www.efk.admin.ch\/fr\/transparence-du-financement-de-la-vie-politique-montants-definitifs-des-recettes-concernant-les-campagnes-pour-les-votations-federales-du-28-septembre-2025\/","title":{"rendered":"Transparence du financement de la vie politique\u00a0: montants d\u00e9finitifs des recettes concernant les campagnes pour les votations f\u00e9d\u00e9rales du 28\u00a0septembre 2025"},"content":{"rendered":"\n<p>Le 28 septembre 2025, deux objets ont \u00e9t\u00e9 soumis au vote. Les personnes et acteurs menant une campagne dont les d\u00e9penses d\u00e9passent 50\u00a0000\u00a0francs doivent d\u00e9clarer leur financement. Le Contr\u00f4le f\u00e9d\u00e9ral des finances (CDF) publie syst\u00e9matiquement les chiffres annonc\u00e9s dans le <a href=\"https:\/\/politikfinanzierung.efk.admin.ch\/app\/fr\/campaign-financings\" target=\"_blank\" rel=\"noreferrer noopener\">registre \u00e9lectronique<\/a>, 75\u00a0jours apr\u00e8s le scrutin.<br><br>Au total, les montants d\u00e9finitifs des recettes d\u00e9clar\u00e9es relatives aux deux objets soumis \u00e0 votation s\u2019\u00e9l\u00e8vent \u00e0 8,54 millions francs. Ils sont donc inf\u00e9rieurs de 4 % aux recettes budg\u00e9tis\u00e9es. Pour l\u2019objet \u00ab\u00a0Loi sur l\u2019e-ID\u00a0\u00bb 1,44 millions francs ont \u00e9t\u00e9 d\u00e9clar\u00e9s et pour la votation \u00ab\u00a0Imp\u00f4t immobilier sur les r\u00e9sidences secondaires\u00a0\u00bb 7,1 millions francs. Les montants peuvent inclure des doublons. (Voir infobox)<br><br>Sur les 21 campagnes annonc\u00e9es, le CDF en a v\u00e9rifi\u00e9 5. Les contr\u00f4les ont port\u00e9 sur 76 % de l\u2019ensemble des recettes, toutes campagnes confondues. La liste des acteurs politiques ayant fait l\u2019objet d\u2019un contr\u00f4le a \u00e9t\u00e9 <a href=\"https:\/\/www.efk.admin.ch\/fr\/actualites-et-echeances\/\" target=\"_blank\" rel=\"noreferrer noopener\">mise \u00e0 jour<\/a>. Le CDF n\u2019est pas autoris\u00e9 \u00e0 communiquer des informations sur le r\u00e9sultat des contr\u00f4les r\u00e9alis\u00e9s.<br><br>Les actrices et acteurs politiques sont responsables de l\u2019exactitude des donn\u00e9es publi\u00e9es.<\/p>\n\n\n\n<figure class=\"wp-block-image size-large is-resized\"><img loading=\"lazy\" decoding=\"async\" width=\"586\" height=\"1024\" src=\"https:\/\/www.efk.admin.ch\/wp-content\/uploads\/publikationen\/webnews\/2025\/tpf-12.12.2025\/f\/20250928_grafiken_tpf_webnews_schlusszahlen_liegenschaftssteuern-f-586x1024.jpg\" alt=\"\" class=\"wp-image-41271\" style=\"width:550px\" srcset=\"https:\/\/www.efk.admin.ch\/wp-content\/uploads\/publikationen\/webnews\/2025\/tpf-12.12.2025\/f\/20250928_grafiken_tpf_webnews_schlusszahlen_liegenschaftssteuern-f-586x1024.jpg 586w, https:\/\/www.efk.admin.ch\/wp-content\/uploads\/publikationen\/webnews\/2025\/tpf-12.12.2025\/f\/20250928_grafiken_tpf_webnews_schlusszahlen_liegenschaftssteuern-f-171x300.jpg 171w, https:\/\/www.efk.admin.ch\/wp-content\/uploads\/publikationen\/webnews\/2025\/tpf-12.12.2025\/f\/20250928_grafiken_tpf_webnews_schlusszahlen_liegenschaftssteuern-f-768x1342.jpg 768w, https:\/\/www.efk.admin.ch\/wp-content\/uploads\/publikationen\/webnews\/2025\/tpf-12.12.2025\/f\/20250928_grafiken_tpf_webnews_schlusszahlen_liegenschaftssteuern-f-879x1536.jpg 879w, https:\/\/www.efk.admin.ch\/wp-content\/uploads\/publikationen\/webnews\/2025\/tpf-12.12.2025\/f\/20250928_grafiken_tpf_webnews_schlusszahlen_liegenschaftssteuern-f-1172x2048.jpg 1172w, https:\/\/www.efk.admin.ch\/wp-content\/uploads\/publikationen\/webnews\/2025\/tpf-12.12.2025\/f\/20250928_grafiken_tpf_webnews_schlusszahlen_liegenschaftssteuern-f-scaled.jpg 1465w\" sizes=\"auto, (max-width: 586px) 100vw, 586px\" \/><\/figure>\n\n\n\n<figure class=\"wp-block-image size-large is-resized\"><img loading=\"lazy\" decoding=\"async\" width=\"897\" height=\"1024\" src=\"https:\/\/www.efk.admin.ch\/wp-content\/uploads\/publikationen\/webnews\/2025\/tpf-12.12.2025\/f\/20250928_grafiken_tpf_webnews_schlusszahlen_e-id-f-897x1024.jpg\" alt=\"\" class=\"wp-image-41269\" style=\"width:550px\" srcset=\"https:\/\/www.efk.admin.ch\/wp-content\/uploads\/publikationen\/webnews\/2025\/tpf-12.12.2025\/f\/20250928_grafiken_tpf_webnews_schlusszahlen_e-id-f-897x1024.jpg 897w, https:\/\/www.efk.admin.ch\/wp-content\/uploads\/publikationen\/webnews\/2025\/tpf-12.12.2025\/f\/20250928_grafiken_tpf_webnews_schlusszahlen_e-id-f-263x300.jpg 263w, https:\/\/www.efk.admin.ch\/wp-content\/uploads\/publikationen\/webnews\/2025\/tpf-12.12.2025\/f\/20250928_grafiken_tpf_webnews_schlusszahlen_e-id-f-768x876.jpg 768w, https:\/\/www.efk.admin.ch\/wp-content\/uploads\/publikationen\/webnews\/2025\/tpf-12.12.2025\/f\/20250928_grafiken_tpf_webnews_schlusszahlen_e-id-f-1346x1536.jpg 1346w, https:\/\/www.efk.admin.ch\/wp-content\/uploads\/publikationen\/webnews\/2025\/tpf-12.12.2025\/f\/20250928_grafiken_tpf_webnews_schlusszahlen_e-id-f-1795x2048.jpg 1795w, https:\/\/www.efk.admin.ch\/wp-content\/uploads\/publikationen\/webnews\/2025\/tpf-12.12.2025\/f\/20250928_grafiken_tpf_webnews_schlusszahlen_e-id-f.jpg 1525w\" sizes=\"auto, (max-width: 897px) 100vw, 897px\" \/><\/figure>\n\n\n\n<figure class=\"wp-block-table\"><table class=\"has-fixed-layout\"><tbody><tr><td><strong>Pourquoi n\u2019est-il pas toujours possible d\u2019additionner les sommes d\u00e9clar\u00e9es pour les campagnes individuelles ?<\/strong><\/td><\/tr><tr><td>Si la campagne ne remplit pas les crit\u00e8res d\u2019une campagne commune, chaque actrice et acteur politique d\u00e9clare les fonds relatifs \u00e0 sa propre campagne. D\u00e8s lors, il peut parfois arriver qu\u2019un m\u00eame fonds soit d\u00e9clar\u00e9 par plusieurs acteurs. C\u2019est par exemple le cas lorsqu\u2019une organisation faisant campagne d\u00e9cide de mettre une partie des fonds de sa campagne \u00e0 la disposition d\u2019une autre organisation menant elle aussi une campagne. Dans une telle situation, les recettes en question seront, \u00e0 juste titre, d\u00e9clar\u00e9es deux fois, d\u2019abord comme fonds propres, puis comme lib\u00e9ralit\u00e9s.<\/td><\/tr><\/tbody><\/table><\/figure>\n","protected":false},"excerpt":{"rendered":"<p>Le 28 septembre 2025, deux objets ont \u00e9t\u00e9 soumis au vote. Les personnes et acteurs menant une campagne dont les d\u00e9penses d\u00e9passent 50\u00a0000\u00a0francs doivent d\u00e9clarer leur financement. Le Contr\u00f4le f\u00e9d\u00e9ral des finances (CDF) publie syst\u00e9matiquement les chiffres annonc\u00e9s dans le registre \u00e9lectronique, 75\u00a0jours apr\u00e8s le scrutin. Au total, les montants d\u00e9finitifs des recettes d\u00e9clar\u00e9es relatives [&hellip;]<\/p>\n","protected":false},"author":14,"featured_media":0,"comment_status":"closed","ping_status":"closed","sticky":false,"template":"","format":"standard","meta":{"_acf_changed":false,"footnotes":""},"categories":[208,219],"tags":[],"class_list":["post-41240","post","type-post","status-publish","format-standard","hentry","category-news","category-transparence-du-financement-de-la-vie-politique"],"acf":[],"yoast_head":"<!-- This site is optimized with the Yoast SEO Premium plugin v27.4 (Yoast SEO v27.4) - https:\/\/yoast.com\/product\/yoast-seo-premium-wordpress\/ -->\n<title>Transparence du financement de la vie politique\u00a0: montants d\u00e9finitifs des recettes concernant les campagnes pour les votations f\u00e9d\u00e9rales du 28\u00a0septembre 2025 - Contr\u00f4le f\u00e9d\u00e9ral des finances (CDF)<\/title>\n<meta name=\"robots\" content=\"index, follow, max-snippet:-1, max-image-preview:large, max-video-preview:-1\" \/>\n<link rel=\"canonical\" href=\"https:\/\/www.efk.admin.ch\/fr\/transparence-du-financement-de-la-vie-politique-montants-definitifs-des-recettes-concernant-les-campagnes-pour-les-votations-federales-du-28-septembre-2025\/\" \/>\n<meta property=\"og:locale\" content=\"fr_FR\" \/>\n<meta property=\"og:type\" content=\"article\" \/>\n<meta property=\"og:title\" content=\"Transparence du financement de la vie politique\u00a0: montants d\u00e9finitifs des recettes concernant les campagnes pour les votations f\u00e9d\u00e9rales du 28\u00a0septembre 2025\" \/>\n<meta property=\"og:description\" content=\"Le 28 septembre 2025, deux objets ont \u00e9t\u00e9 soumis au vote. Les personnes et acteurs menant une campagne dont les d\u00e9penses d\u00e9passent 50\u00a0000\u00a0francs doivent d\u00e9clarer leur financement. Le Contr\u00f4le f\u00e9d\u00e9ral des finances (CDF) publie syst\u00e9matiquement les chiffres annonc\u00e9s dans le registre \u00e9lectronique, 75\u00a0jours apr\u00e8s le scrutin. Au total, les montants d\u00e9finitifs des recettes d\u00e9clar\u00e9es relatives [&hellip;]\" \/>\n<meta property=\"og:url\" content=\"https:\/\/www.efk.admin.ch\/fr\/transparence-du-financement-de-la-vie-politique-montants-definitifs-des-recettes-concernant-les-campagnes-pour-les-votations-federales-du-28-septembre-2025\/\" \/>\n<meta property=\"og:site_name\" content=\"Contr\u00f4le f\u00e9d\u00e9ral des finances (CDF)\" \/>\n<meta property=\"article:published_time\" content=\"2025-12-12T08:00:00+00:00\" \/>\n<meta property=\"article:modified_time\" content=\"2026-02-12T08:04:17+00:00\" \/>\n<meta property=\"og:image\" content=\"https:\/\/www.efk.admin.ch\/wp-content\/uploads\/publikationen\/webnews\/2025\/tpf-12.12.2025\/f\/20250928_grafiken_tpf_webnews_schlusszahlen_liegenschaftssteuern-f-scaled.jpg\" \/>\n\t<meta property=\"og:image:width\" content=\"1465\" \/>\n\t<meta property=\"og:image:height\" content=\"2560\" \/>\n\t<meta property=\"og:image:type\" content=\"image\/jpeg\" \/>\n<meta name=\"author\" content=\"Benjamin Meyer\" \/>\n<meta name=\"twitter:card\" content=\"summary_large_image\" \/>\n<meta name=\"twitter:label1\" content=\"\u00c9crit par\" \/>\n\t<meta name=\"twitter:data1\" content=\"Benjamin Meyer\" \/>\n\t<meta name=\"twitter:label2\" content=\"Dur\u00e9e de lecture estim\u00e9e\" \/>\n\t<meta name=\"twitter:data2\" content=\"2 minutes\" \/>\n<script type=\"application\/ld+json\" class=\"yoast-schema-graph\">{\"@context\":\"https:\\\/\\\/schema.org\",\"@graph\":[{\"@type\":\"Article\",\"@id\":\"https:\\\/\\\/www.efk.admin.ch\\\/fr\\\/transparence-du-financement-de-la-vie-politique-montants-definitifs-des-recettes-concernant-les-campagnes-pour-les-votations-federales-du-28-septembre-2025\\\/#article\",\"isPartOf\":{\"@id\":\"https:\\\/\\\/www.efk.admin.ch\\\/fr\\\/transparence-du-financement-de-la-vie-politique-montants-definitifs-des-recettes-concernant-les-campagnes-pour-les-votations-federales-du-28-septembre-2025\\\/\"},\"author\":{\"name\":\"Benjamin Meyer\",\"@id\":\"https:\\\/\\\/www.efk.admin.ch\\\/fr\\\/#\\\/schema\\\/person\\\/a33aae6a9e254690e482e7ee9617a5d5\"},\"headline\":\"Transparence du financement de la vie politique\u00a0: montants d\u00e9finitifs des recettes concernant les campagnes pour les votations f\u00e9d\u00e9rales du 28\u00a0septembre 2025\",\"datePublished\":\"2025-12-12T08:00:00+00:00\",\"dateModified\":\"2026-02-12T08:04:17+00:00\",\"mainEntityOfPage\":{\"@id\":\"https:\\\/\\\/www.efk.admin.ch\\\/fr\\\/transparence-du-financement-de-la-vie-politique-montants-definitifs-des-recettes-concernant-les-campagnes-pour-les-votations-federales-du-28-septembre-2025\\\/\"},\"wordCount\":341,\"publisher\":{\"@id\":\"https:\\\/\\\/www.efk.admin.ch\\\/fr\\\/#organization\"},\"image\":{\"@id\":\"https:\\\/\\\/www.efk.admin.ch\\\/fr\\\/transparence-du-financement-de-la-vie-politique-montants-definitifs-des-recettes-concernant-les-campagnes-pour-les-votations-federales-du-28-septembre-2025\\\/#primaryimage\"},\"thumbnailUrl\":\"https:\\\/\\\/www.efk.admin.ch\\\/wp-content\\\/uploads\\\/publikationen\\\/webnews\\\/2025\\\/tpf-12.12.2025\\\/f\\\/20250928_grafiken_tpf_webnews_schlusszahlen_liegenschaftssteuern-f-586x1024.jpg\",\"articleSection\":[\"News\",\"Transparence du financement de la vie politique\"],\"inLanguage\":\"fr-FR\"},{\"@type\":\"WebPage\",\"@id\":\"https:\\\/\\\/www.efk.admin.ch\\\/fr\\\/transparence-du-financement-de-la-vie-politique-montants-definitifs-des-recettes-concernant-les-campagnes-pour-les-votations-federales-du-28-septembre-2025\\\/\",\"url\":\"https:\\\/\\\/www.efk.admin.ch\\\/fr\\\/transparence-du-financement-de-la-vie-politique-montants-definitifs-des-recettes-concernant-les-campagnes-pour-les-votations-federales-du-28-septembre-2025\\\/\",\"name\":\"Transparence du financement de la vie politique\u00a0: montants d\u00e9finitifs des recettes concernant les campagnes pour les votations f\u00e9d\u00e9rales du 28\u00a0septembre 2025 - Contr\u00f4le f\u00e9d\u00e9ral des finances (CDF)\",\"isPartOf\":{\"@id\":\"https:\\\/\\\/www.efk.admin.ch\\\/fr\\\/#website\"},\"primaryImageOfPage\":{\"@id\":\"https:\\\/\\\/www.efk.admin.ch\\\/fr\\\/transparence-du-financement-de-la-vie-politique-montants-definitifs-des-recettes-concernant-les-campagnes-pour-les-votations-federales-du-28-septembre-2025\\\/#primaryimage\"},\"image\":{\"@id\":\"https:\\\/\\\/www.efk.admin.ch\\\/fr\\\/transparence-du-financement-de-la-vie-politique-montants-definitifs-des-recettes-concernant-les-campagnes-pour-les-votations-federales-du-28-septembre-2025\\\/#primaryimage\"},\"thumbnailUrl\":\"https:\\\/\\\/www.efk.admin.ch\\\/wp-content\\\/uploads\\\/publikationen\\\/webnews\\\/2025\\\/tpf-12.12.2025\\\/f\\\/20250928_grafiken_tpf_webnews_schlusszahlen_liegenschaftssteuern-f-586x1024.jpg\",\"datePublished\":\"2025-12-12T08:00:00+00:00\",\"dateModified\":\"2026-02-12T08:04:17+00:00\",\"breadcrumb\":{\"@id\":\"https:\\\/\\\/www.efk.admin.ch\\\/fr\\\/transparence-du-financement-de-la-vie-politique-montants-definitifs-des-recettes-concernant-les-campagnes-pour-les-votations-federales-du-28-septembre-2025\\\/#breadcrumb\"},\"inLanguage\":\"fr-FR\",\"potentialAction\":[{\"@type\":\"ReadAction\",\"target\":[\"https:\\\/\\\/www.efk.admin.ch\\\/fr\\\/transparence-du-financement-de-la-vie-politique-montants-definitifs-des-recettes-concernant-les-campagnes-pour-les-votations-federales-du-28-septembre-2025\\\/\"]}]},{\"@type\":\"ImageObject\",\"inLanguage\":\"fr-FR\",\"@id\":\"https:\\\/\\\/www.efk.admin.ch\\\/fr\\\/transparence-du-financement-de-la-vie-politique-montants-definitifs-des-recettes-concernant-les-campagnes-pour-les-votations-federales-du-28-septembre-2025\\\/#primaryimage\",\"url\":\"https:\\\/\\\/www.efk.admin.ch\\\/wp-content\\\/uploads\\\/publikationen\\\/webnews\\\/2025\\\/tpf-12.12.2025\\\/f\\\/20250928_grafiken_tpf_webnews_schlusszahlen_liegenschaftssteuern-f-586x1024.jpg\",\"contentUrl\":\"https:\\\/\\\/www.efk.admin.ch\\\/wp-content\\\/uploads\\\/publikationen\\\/webnews\\\/2025\\\/tpf-12.12.2025\\\/f\\\/20250928_grafiken_tpf_webnews_schlusszahlen_liegenschaftssteuern-f-586x1024.jpg\"},{\"@type\":\"BreadcrumbList\",\"@id\":\"https:\\\/\\\/www.efk.admin.ch\\\/fr\\\/transparence-du-financement-de-la-vie-politique-montants-definitifs-des-recettes-concernant-les-campagnes-pour-les-votations-federales-du-28-septembre-2025\\\/#breadcrumb\",\"itemListElement\":[{\"@type\":\"ListItem\",\"position\":1,\"name\":\"Home\",\"item\":\"https:\\\/\\\/www.efk.admin.ch\\\/fr\\\/\"},{\"@type\":\"ListItem\",\"position\":2,\"name\":\"Transparence du financement de la vie politique\u00a0: montants d\u00e9finitifs des recettes concernant les campagnes pour les votations f\u00e9d\u00e9rales du 28\u00a0septembre 2025\"}]},{\"@type\":\"WebSite\",\"@id\":\"https:\\\/\\\/www.efk.admin.ch\\\/fr\\\/#website\",\"url\":\"https:\\\/\\\/www.efk.admin.ch\\\/fr\\\/\",\"name\":\"Informationen \u00fcber das oberste Finanzaufsichtsorgan der Schweiz\",\"description\":\"Le Contr\u00f4le f\u00e9d\u00e9ral des finances (CDF) est l'organe supr\u00eame de surveillance financi\u00e8re de la Conf\u00e9d\u00e9ration suisse.\",\"publisher\":{\"@id\":\"https:\\\/\\\/www.efk.admin.ch\\\/fr\\\/#organization\"},\"alternateName\":\"EFK\",\"potentialAction\":[{\"@type\":\"SearchAction\",\"target\":{\"@type\":\"EntryPoint\",\"urlTemplate\":\"https:\\\/\\\/www.efk.admin.ch\\\/fr\\\/?s={search_term_string}\"},\"query-input\":{\"@type\":\"PropertyValueSpecification\",\"valueRequired\":true,\"valueName\":\"search_term_string\"}}],\"inLanguage\":\"fr-FR\"},{\"@type\":\"Organization\",\"@id\":\"https:\\\/\\\/www.efk.admin.ch\\\/fr\\\/#organization\",\"name\":\"Contr\u00f4le f\u00e9d\u00e9ral des finances (CDF)\",\"alternateName\":\"EFK\",\"url\":\"https:\\\/\\\/www.efk.admin.ch\\\/fr\\\/\",\"logo\":{\"@type\":\"ImageObject\",\"inLanguage\":\"fr-FR\",\"@id\":\"https:\\\/\\\/www.efk.admin.ch\\\/fr\\\/#\\\/schema\\\/logo\\\/image\\\/\",\"url\":\"https:\\\/\\\/www.efk.admin.ch\\\/wp-content\\\/uploads\\\/efk_cdf_logo_ohne_claim.png\",\"contentUrl\":\"https:\\\/\\\/www.efk.admin.ch\\\/wp-content\\\/uploads\\\/efk_cdf_logo_ohne_claim.png\",\"width\":268,\"height\":258,\"caption\":\"Contr\u00f4le f\u00e9d\u00e9ral des finances (CDF)\"},\"image\":{\"@id\":\"https:\\\/\\\/www.efk.admin.ch\\\/fr\\\/#\\\/schema\\\/logo\\\/image\\\/\"},\"sameAs\":[\"https:\\\/\\\/www.instagram.com\\\/efk_cdf_sfao\\\/\",\"https:\\\/\\\/www.youtube.com\\\/channel\\\/UCm-bXj227VE5sJzhB-ihdvw\\\/featured\",\"https:\\\/\\\/www.linkedin.com\\\/company\\\/11081578\\\/\"]},{\"@type\":\"Person\",\"@id\":\"https:\\\/\\\/www.efk.admin.ch\\\/fr\\\/#\\\/schema\\\/person\\\/a33aae6a9e254690e482e7ee9617a5d5\",\"name\":\"Benjamin Meyer\",\"image\":{\"@type\":\"ImageObject\",\"inLanguage\":\"fr-FR\",\"@id\":\"https:\\\/\\\/secure.gravatar.com\\\/avatar\\\/8d694065a0cf6be941f547fb223a776559dd983436e0e8b2198b05e5cbd4ad85?s=96&d=mm&r=g\",\"url\":\"https:\\\/\\\/secure.gravatar.com\\\/avatar\\\/8d694065a0cf6be941f547fb223a776559dd983436e0e8b2198b05e5cbd4ad85?s=96&d=mm&r=g\",\"contentUrl\":\"https:\\\/\\\/secure.gravatar.com\\\/avatar\\\/8d694065a0cf6be941f547fb223a776559dd983436e0e8b2198b05e5cbd4ad85?s=96&d=mm&r=g\",\"caption\":\"Benjamin Meyer\"},\"url\":\"https:\\\/\\\/www.efk.admin.ch\\\/fr\\\/author\\\/bmeyer\\\/\"}]}<\/script>\n<!-- \/ Yoast SEO Premium plugin. -->","yoast_head_json":{"title":"Transparence du financement de la vie politique\u00a0: montants d\u00e9finitifs des recettes concernant les campagnes pour les votations f\u00e9d\u00e9rales du 28\u00a0septembre 2025 - Contr\u00f4le f\u00e9d\u00e9ral des finances (CDF)","robots":{"index":"index","follow":"follow","max-snippet":"max-snippet:-1","max-image-preview":"max-image-preview:large","max-video-preview":"max-video-preview:-1"},"canonical":"https:\/\/www.efk.admin.ch\/fr\/transparence-du-financement-de-la-vie-politique-montants-definitifs-des-recettes-concernant-les-campagnes-pour-les-votations-federales-du-28-septembre-2025\/","og_locale":"fr_FR","og_type":"article","og_title":"Transparence du financement de la vie politique\u00a0: montants d\u00e9finitifs des recettes concernant les campagnes pour les votations f\u00e9d\u00e9rales du 28\u00a0septembre 2025","og_description":"Le 28 septembre 2025, deux objets ont \u00e9t\u00e9 soumis au vote. Les personnes et acteurs menant une campagne dont les d\u00e9penses d\u00e9passent 50\u00a0000\u00a0francs doivent d\u00e9clarer leur financement. Le Contr\u00f4le f\u00e9d\u00e9ral des finances (CDF) publie syst\u00e9matiquement les chiffres annonc\u00e9s dans le registre \u00e9lectronique, 75\u00a0jours apr\u00e8s le scrutin. Au total, les montants d\u00e9finitifs des recettes d\u00e9clar\u00e9es relatives [&hellip;]","og_url":"https:\/\/www.efk.admin.ch\/fr\/transparence-du-financement-de-la-vie-politique-montants-definitifs-des-recettes-concernant-les-campagnes-pour-les-votations-federales-du-28-septembre-2025\/","og_site_name":"Contr\u00f4le f\u00e9d\u00e9ral des finances (CDF)","article_published_time":"2025-12-12T08:00:00+00:00","article_modified_time":"2026-02-12T08:04:17+00:00","og_image":[{"width":1465,"height":2560,"url":"https:\/\/www.efk.admin.ch\/wp-content\/uploads\/publikationen\/webnews\/2025\/tpf-12.12.2025\/f\/20250928_grafiken_tpf_webnews_schlusszahlen_liegenschaftssteuern-f-scaled.jpg","type":"image\/jpeg"}],"author":"Benjamin Meyer","twitter_card":"summary_large_image","twitter_misc":{"\u00c9crit par":"Benjamin Meyer","Dur\u00e9e de lecture estim\u00e9e":"2 minutes"},"schema":{"@context":"https:\/\/schema.org","@graph":[{"@type":"Article","@id":"https:\/\/www.efk.admin.ch\/fr\/transparence-du-financement-de-la-vie-politique-montants-definitifs-des-recettes-concernant-les-campagnes-pour-les-votations-federales-du-28-septembre-2025\/#article","isPartOf":{"@id":"https:\/\/www.efk.admin.ch\/fr\/transparence-du-financement-de-la-vie-politique-montants-definitifs-des-recettes-concernant-les-campagnes-pour-les-votations-federales-du-28-septembre-2025\/"},"author":{"name":"Benjamin Meyer","@id":"https:\/\/www.efk.admin.ch\/fr\/#\/schema\/person\/a33aae6a9e254690e482e7ee9617a5d5"},"headline":"Transparence du financement de la vie politique\u00a0: montants d\u00e9finitifs des recettes concernant les campagnes pour les votations f\u00e9d\u00e9rales du 28\u00a0septembre 2025","datePublished":"2025-12-12T08:00:00+00:00","dateModified":"2026-02-12T08:04:17+00:00","mainEntityOfPage":{"@id":"https:\/\/www.efk.admin.ch\/fr\/transparence-du-financement-de-la-vie-politique-montants-definitifs-des-recettes-concernant-les-campagnes-pour-les-votations-federales-du-28-septembre-2025\/"},"wordCount":341,"publisher":{"@id":"https:\/\/www.efk.admin.ch\/fr\/#organization"},"image":{"@id":"https:\/\/www.efk.admin.ch\/fr\/transparence-du-financement-de-la-vie-politique-montants-definitifs-des-recettes-concernant-les-campagnes-pour-les-votations-federales-du-28-septembre-2025\/#primaryimage"},"thumbnailUrl":"https:\/\/www.efk.admin.ch\/wp-content\/uploads\/publikationen\/webnews\/2025\/tpf-12.12.2025\/f\/20250928_grafiken_tpf_webnews_schlusszahlen_liegenschaftssteuern-f-586x1024.jpg","articleSection":["News","Transparence du financement de la vie politique"],"inLanguage":"fr-FR"},{"@type":"WebPage","@id":"https:\/\/www.efk.admin.ch\/fr\/transparence-du-financement-de-la-vie-politique-montants-definitifs-des-recettes-concernant-les-campagnes-pour-les-votations-federales-du-28-septembre-2025\/","url":"https:\/\/www.efk.admin.ch\/fr\/transparence-du-financement-de-la-vie-politique-montants-definitifs-des-recettes-concernant-les-campagnes-pour-les-votations-federales-du-28-septembre-2025\/","name":"Transparence du financement de la vie politique\u00a0: montants d\u00e9finitifs des recettes concernant les campagnes pour les votations f\u00e9d\u00e9rales du 28\u00a0septembre 2025 - Contr\u00f4le f\u00e9d\u00e9ral des finances (CDF)","isPartOf":{"@id":"https:\/\/www.efk.admin.ch\/fr\/#website"},"primaryImageOfPage":{"@id":"https:\/\/www.efk.admin.ch\/fr\/transparence-du-financement-de-la-vie-politique-montants-definitifs-des-recettes-concernant-les-campagnes-pour-les-votations-federales-du-28-septembre-2025\/#primaryimage"},"image":{"@id":"https:\/\/www.efk.admin.ch\/fr\/transparence-du-financement-de-la-vie-politique-montants-definitifs-des-recettes-concernant-les-campagnes-pour-les-votations-federales-du-28-septembre-2025\/#primaryimage"},"thumbnailUrl":"https:\/\/www.efk.admin.ch\/wp-content\/uploads\/publikationen\/webnews\/2025\/tpf-12.12.2025\/f\/20250928_grafiken_tpf_webnews_schlusszahlen_liegenschaftssteuern-f-586x1024.jpg","datePublished":"2025-12-12T08:00:00+00:00","dateModified":"2026-02-12T08:04:17+00:00","breadcrumb":{"@id":"https:\/\/www.efk.admin.ch\/fr\/transparence-du-financement-de-la-vie-politique-montants-definitifs-des-recettes-concernant-les-campagnes-pour-les-votations-federales-du-28-septembre-2025\/#breadcrumb"},"inLanguage":"fr-FR","potentialAction":[{"@type":"ReadAction","target":["https:\/\/www.efk.admin.ch\/fr\/transparence-du-financement-de-la-vie-politique-montants-definitifs-des-recettes-concernant-les-campagnes-pour-les-votations-federales-du-28-septembre-2025\/"]}]},{"@type":"ImageObject","inLanguage":"fr-FR","@id":"https:\/\/www.efk.admin.ch\/fr\/transparence-du-financement-de-la-vie-politique-montants-definitifs-des-recettes-concernant-les-campagnes-pour-les-votations-federales-du-28-septembre-2025\/#primaryimage","url":"https:\/\/www.efk.admin.ch\/wp-content\/uploads\/publikationen\/webnews\/2025\/tpf-12.12.2025\/f\/20250928_grafiken_tpf_webnews_schlusszahlen_liegenschaftssteuern-f-586x1024.jpg","contentUrl":"https:\/\/www.efk.admin.ch\/wp-content\/uploads\/publikationen\/webnews\/2025\/tpf-12.12.2025\/f\/20250928_grafiken_tpf_webnews_schlusszahlen_liegenschaftssteuern-f-586x1024.jpg"},{"@type":"BreadcrumbList","@id":"https:\/\/www.efk.admin.ch\/fr\/transparence-du-financement-de-la-vie-politique-montants-definitifs-des-recettes-concernant-les-campagnes-pour-les-votations-federales-du-28-septembre-2025\/#breadcrumb","itemListElement":[{"@type":"ListItem","position":1,"name":"Home","item":"https:\/\/www.efk.admin.ch\/fr\/"},{"@type":"ListItem","position":2,"name":"Transparence du financement de la vie politique\u00a0: montants d\u00e9finitifs des recettes concernant les campagnes pour les votations f\u00e9d\u00e9rales du 28\u00a0septembre 2025"}]},{"@type":"WebSite","@id":"https:\/\/www.efk.admin.ch\/fr\/#website","url":"https:\/\/www.efk.admin.ch\/fr\/","name":"Informationen \u00fcber das oberste Finanzaufsichtsorgan der Schweiz","description":"Le Contr\u00f4le f\u00e9d\u00e9ral des finances (CDF) est l'organe supr\u00eame de surveillance financi\u00e8re de la Conf\u00e9d\u00e9ration suisse.","publisher":{"@id":"https:\/\/www.efk.admin.ch\/fr\/#organization"},"alternateName":"EFK","potentialAction":[{"@type":"SearchAction","target":{"@type":"EntryPoint","urlTemplate":"https:\/\/www.efk.admin.ch\/fr\/?s={search_term_string}"},"query-input":{"@type":"PropertyValueSpecification","valueRequired":true,"valueName":"search_term_string"}}],"inLanguage":"fr-FR"},{"@type":"Organization","@id":"https:\/\/www.efk.admin.ch\/fr\/#organization","name":"Contr\u00f4le f\u00e9d\u00e9ral des finances (CDF)","alternateName":"EFK","url":"https:\/\/www.efk.admin.ch\/fr\/","logo":{"@type":"ImageObject","inLanguage":"fr-FR","@id":"https:\/\/www.efk.admin.ch\/fr\/#\/schema\/logo\/image\/","url":"https:\/\/www.efk.admin.ch\/wp-content\/uploads\/efk_cdf_logo_ohne_claim.png","contentUrl":"https:\/\/www.efk.admin.ch\/wp-content\/uploads\/efk_cdf_logo_ohne_claim.png","width":268,"height":258,"caption":"Contr\u00f4le f\u00e9d\u00e9ral des finances (CDF)"},"image":{"@id":"https:\/\/www.efk.admin.ch\/fr\/#\/schema\/logo\/image\/"},"sameAs":["https:\/\/www.instagram.com\/efk_cdf_sfao\/","https:\/\/www.youtube.com\/channel\/UCm-bXj227VE5sJzhB-ihdvw\/featured","https:\/\/www.linkedin.com\/company\/11081578\/"]},{"@type":"Person","@id":"https:\/\/www.efk.admin.ch\/fr\/#\/schema\/person\/a33aae6a9e254690e482e7ee9617a5d5","name":"Benjamin Meyer","image":{"@type":"ImageObject","inLanguage":"fr-FR","@id":"https:\/\/secure.gravatar.com\/avatar\/8d694065a0cf6be941f547fb223a776559dd983436e0e8b2198b05e5cbd4ad85?s=96&d=mm&r=g","url":"https:\/\/secure.gravatar.com\/avatar\/8d694065a0cf6be941f547fb223a776559dd983436e0e8b2198b05e5cbd4ad85?s=96&d=mm&r=g","contentUrl":"https:\/\/secure.gravatar.com\/avatar\/8d694065a0cf6be941f547fb223a776559dd983436e0e8b2198b05e5cbd4ad85?s=96&d=mm&r=g","caption":"Benjamin Meyer"},"url":"https:\/\/www.efk.admin.ch\/fr\/author\/bmeyer\/"}]}},"_links":{"self":[{"href":"https:\/\/www.efk.admin.ch\/fr\/wp-json\/wp\/v2\/posts\/41240","targetHints":{"allow":["GET"]}}],"collection":[{"href":"https:\/\/www.efk.admin.ch\/fr\/wp-json\/wp\/v2\/posts"}],"about":[{"href":"https:\/\/www.efk.admin.ch\/fr\/wp-json\/wp\/v2\/types\/post"}],"author":[{"embeddable":true,"href":"https:\/\/www.efk.admin.ch\/fr\/wp-json\/wp\/v2\/users\/14"}],"replies":[{"embeddable":true,"href":"https:\/\/www.efk.admin.ch\/fr\/wp-json\/wp\/v2\/comments?post=41240"}],"version-history":[{"count":5,"href":"https:\/\/www.efk.admin.ch\/fr\/wp-json\/wp\/v2\/posts\/41240\/revisions"}],"predecessor-version":[{"id":42821,"href":"https:\/\/www.efk.admin.ch\/fr\/wp-json\/wp\/v2\/posts\/41240\/revisions\/42821"}],"wp:attachment":[{"href":"https:\/\/www.efk.admin.ch\/fr\/wp-json\/wp\/v2\/media?parent=41240"}],"wp:term":[{"taxonomy":"category","embeddable":true,"href":"https:\/\/www.efk.admin.ch\/fr\/wp-json\/wp\/v2\/categories?post=41240"},{"taxonomy":"post_tag","embeddable":true,"href":"https:\/\/www.efk.admin.ch\/fr\/wp-json\/wp\/v2\/tags?post=41240"}],"curies":[{"name":"wp","href":"https:\/\/api.w.org\/{rel}","templated":true}]}}