{"id":34761,"date":"2024-12-06T09:00:00","date_gmt":"2024-12-06T08:00:00","guid":{"rendered":"https:\/\/www.efk.admin.ch\/?p=34761"},"modified":"2024-12-06T09:06:27","modified_gmt":"2024-12-06T08:06:27","slug":"transparence-du-financement-de-la-vie-politique-montants-definitifs-des-recettes-concernant-les-campagnes-pour-les-votations-federales-du-22-septembre-2024","status":"publish","type":"post","link":"https:\/\/www.efk.admin.ch\/fr\/transparence-du-financement-de-la-vie-politique-montants-definitifs-des-recettes-concernant-les-campagnes-pour-les-votations-federales-du-22-septembre-2024\/","title":{"rendered":"Transparence du financement de la vie politique : montants d\u00e9finitifs des recettes concernant les campagnes pour les votations f\u00e9d\u00e9rales du 22&nbsp;septembre 2024"},"content":{"rendered":"\n<p>Le 22 septembre 2024, deux objets ont \u00e9t\u00e9 soumis au vote. Les personnes et soci\u00e9t\u00e9s de personnes menant une campagne dont les d\u00e9penses d\u00e9passent 50 000 francs doivent d\u00e9clarer leur financement. Le Contr\u00f4le f\u00e9d\u00e9ral des finances (CDF) publie syst\u00e9matiquement les chiffres annonc\u00e9s dans le <a href=\"https:\/\/politikfinanzierung.efk.admin.ch\/app\/fr\/campaign-financings\" target=\"_blank\" rel=\"noreferrer noopener\">registre  \u00e9lectronique<\/a>, 75 jours apr\u00e8s le scrutin.<\/p>\n\n\n\n<p>Au total, les montants d\u00e9finitifs des recettes d\u00e9clar\u00e9es relatives aux deux objets soumis \u00e0 votation s\u2019\u00e9l\u00e8vent \u00e0 11,89 millions francs. Ils sont donc sup\u00e9rieurs de 7 % aux recettes budg\u00e9tis\u00e9es qui ont \u00e9t\u00e9 publi\u00e9es 30 jours avant la date du scrutin.<\/p>\n\n\n\n<figure class=\"wp-block-image size-large\"><img loading=\"lazy\" decoding=\"async\" width=\"848\" height=\"1024\" src=\"https:\/\/www.efk.admin.ch\/wp-content\/uploads\/publikationen\/webnews\/2024\/fipo_07\/20241206_grafiken_fipo_mm_schlussrechung_f-848x1024.jpg\" alt=\"\" class=\"wp-image-34730\" srcset=\"https:\/\/www.efk.admin.ch\/wp-content\/uploads\/publikationen\/webnews\/2024\/fipo_07\/20241206_grafiken_fipo_mm_schlussrechung_f-848x1024.jpg 848w, https:\/\/www.efk.admin.ch\/wp-content\/uploads\/publikationen\/webnews\/2024\/fipo_07\/20241206_grafiken_fipo_mm_schlussrechung_f-248x300.jpg 248w, https:\/\/www.efk.admin.ch\/wp-content\/uploads\/publikationen\/webnews\/2024\/fipo_07\/20241206_grafiken_fipo_mm_schlussrechung_f-768x927.jpg 768w, https:\/\/www.efk.admin.ch\/wp-content\/uploads\/publikationen\/webnews\/2024\/fipo_07\/20241206_grafiken_fipo_mm_schlussrechung_f-1272x1536.jpg 1272w, https:\/\/www.efk.admin.ch\/wp-content\/uploads\/publikationen\/webnews\/2024\/fipo_07\/20241206_grafiken_fipo_mm_schlussrechung_f-1696x2048.jpg 1696w, https:\/\/www.efk.admin.ch\/wp-content\/uploads\/publikationen\/webnews\/2024\/fipo_07\/20241206_grafiken_fipo_mm_schlussrechung_f.jpg 1782w\" sizes=\"auto, (max-width: 848px) 100vw, 848px\" \/><\/figure>\n\n\n\n<p>Sur les 13 campagnes annonc\u00e9es, le CDF en a v\u00e9rifi\u00e9 6. Les contr\u00f4les ont port\u00e9 sur 84 % de l\u2019ensemble des recettes, toutes campagnes confondues. La liste des acteurs politiques ayant fait l\u2019objet d\u2019un contr\u00f4le a \u00e9t\u00e9 <a href=\"https:\/\/www.efk.admin.ch\/fr\/actualites-et-echeances\/\" target=\"_blank\" rel=\"noreferrer noopener\">mise \u00e0 jour<\/a>. Le CDF n\u2019est pas autoris\u00e9 \u00e0 communiquer des informations sur le r\u00e9sultat des contr\u00f4les r\u00e9alis\u00e9s.<\/p>\n\n\n\n<p>Les acteurs politiques sont responsables de l\u2019exactitude des donn\u00e9es publi\u00e9es.<\/p>\n","protected":false},"excerpt":{"rendered":"<p>Le 22 septembre 2024, deux objets ont \u00e9t\u00e9 soumis au vote. Les personnes et soci\u00e9t\u00e9s de personnes menant une campagne dont les d\u00e9penses d\u00e9passent 50 000 francs doivent d\u00e9clarer leur financement. Le Contr\u00f4le f\u00e9d\u00e9ral des finances (CDF) publie syst\u00e9matiquement les chiffres annonc\u00e9s dans le registre \u00e9lectronique, 75 jours apr\u00e8s le scrutin. Au total, les montants [&hellip;]<\/p>\n","protected":false},"author":14,"featured_media":0,"comment_status":"closed","ping_status":"closed","sticky":false,"template":"","format":"standard","meta":{"_acf_changed":false,"footnotes":""},"categories":[208,219],"tags":[],"class_list":["post-34761","post","type-post","status-publish","format-standard","hentry","category-news","category-transparence-du-financement-de-la-vie-politique"],"acf":[],"yoast_head":"<!-- This site is optimized with the Yoast SEO Premium plugin v27.4 (Yoast SEO v27.4) - https:\/\/yoast.com\/product\/yoast-seo-premium-wordpress\/ -->\n<title>Transparence du financement de la vie politique : montants d\u00e9finitifs des recettes concernant les campagnes pour les votations f\u00e9d\u00e9rales du 22&nbsp;septembre 2024 - Contr\u00f4le f\u00e9d\u00e9ral des finances (CDF)<\/title>\n<meta name=\"robots\" content=\"index, follow, max-snippet:-1, max-image-preview:large, max-video-preview:-1\" \/>\n<link rel=\"canonical\" href=\"https:\/\/www.efk.admin.ch\/fr\/transparence-du-financement-de-la-vie-politique-montants-definitifs-des-recettes-concernant-les-campagnes-pour-les-votations-federales-du-22-septembre-2024\/\" \/>\n<meta property=\"og:locale\" content=\"fr_FR\" \/>\n<meta property=\"og:type\" content=\"article\" \/>\n<meta property=\"og:title\" content=\"Transparence du financement de la vie politique : montants d\u00e9finitifs des recettes concernant les campagnes pour les votations f\u00e9d\u00e9rales du 22&nbsp;septembre 2024\" \/>\n<meta property=\"og:description\" content=\"Le 22 septembre 2024, deux objets ont \u00e9t\u00e9 soumis au vote. Les personnes et soci\u00e9t\u00e9s de personnes menant une campagne dont les d\u00e9penses d\u00e9passent 50 000 francs doivent d\u00e9clarer leur financement. Le Contr\u00f4le f\u00e9d\u00e9ral des finances (CDF) publie syst\u00e9matiquement les chiffres annonc\u00e9s dans le registre \u00e9lectronique, 75 jours apr\u00e8s le scrutin. Au total, les montants [&hellip;]\" \/>\n<meta property=\"og:url\" content=\"https:\/\/www.efk.admin.ch\/fr\/transparence-du-financement-de-la-vie-politique-montants-definitifs-des-recettes-concernant-les-campagnes-pour-les-votations-federales-du-22-septembre-2024\/\" \/>\n<meta property=\"og:site_name\" content=\"Contr\u00f4le f\u00e9d\u00e9ral des finances (CDF)\" \/>\n<meta property=\"article:published_time\" content=\"2024-12-06T08:00:00+00:00\" \/>\n<meta property=\"article:modified_time\" content=\"2024-12-06T08:06:27+00:00\" \/>\n<meta property=\"og:image\" content=\"https:\/\/www.efk.admin.ch\/wp-content\/uploads\/publikationen\/webnews\/2024\/fipo_07\/20241206_grafiken_fipo_mm_schlussrechung_f.jpg\" \/>\n\t<meta property=\"og:image:width\" content=\"1782\" \/>\n\t<meta property=\"og:image:height\" content=\"2151\" \/>\n\t<meta property=\"og:image:type\" content=\"image\/jpeg\" \/>\n<meta name=\"author\" content=\"Benjamin Meyer\" \/>\n<meta name=\"twitter:card\" content=\"summary_large_image\" \/>\n<meta name=\"twitter:label1\" content=\"\u00c9crit par\" \/>\n\t<meta name=\"twitter:data1\" content=\"Benjamin Meyer\" \/>\n\t<meta name=\"twitter:label2\" content=\"Dur\u00e9e de lecture estim\u00e9e\" \/>\n\t<meta name=\"twitter:data2\" content=\"2 minutes\" \/>\n<script type=\"application\/ld+json\" class=\"yoast-schema-graph\">{\"@context\":\"https:\\\/\\\/schema.org\",\"@graph\":[{\"@type\":\"Article\",\"@id\":\"https:\\\/\\\/www.efk.admin.ch\\\/fr\\\/transparence-du-financement-de-la-vie-politique-montants-definitifs-des-recettes-concernant-les-campagnes-pour-les-votations-federales-du-22-septembre-2024\\\/#article\",\"isPartOf\":{\"@id\":\"https:\\\/\\\/www.efk.admin.ch\\\/fr\\\/transparence-du-financement-de-la-vie-politique-montants-definitifs-des-recettes-concernant-les-campagnes-pour-les-votations-federales-du-22-septembre-2024\\\/\"},\"author\":{\"name\":\"Benjamin Meyer\",\"@id\":\"https:\\\/\\\/www.efk.admin.ch\\\/fr\\\/#\\\/schema\\\/person\\\/a33aae6a9e254690e482e7ee9617a5d5\"},\"headline\":\"Transparence du financement de la vie politique : montants d\u00e9finitifs des recettes concernant les campagnes pour les votations f\u00e9d\u00e9rales du 22&nbsp;septembre 2024\",\"datePublished\":\"2024-12-06T08:00:00+00:00\",\"dateModified\":\"2024-12-06T08:06:27+00:00\",\"mainEntityOfPage\":{\"@id\":\"https:\\\/\\\/www.efk.admin.ch\\\/fr\\\/transparence-du-financement-de-la-vie-politique-montants-definitifs-des-recettes-concernant-les-campagnes-pour-les-votations-federales-du-22-septembre-2024\\\/\"},\"wordCount\":199,\"publisher\":{\"@id\":\"https:\\\/\\\/www.efk.admin.ch\\\/fr\\\/#organization\"},\"image\":{\"@id\":\"https:\\\/\\\/www.efk.admin.ch\\\/fr\\\/transparence-du-financement-de-la-vie-politique-montants-definitifs-des-recettes-concernant-les-campagnes-pour-les-votations-federales-du-22-septembre-2024\\\/#primaryimage\"},\"thumbnailUrl\":\"https:\\\/\\\/www.efk.admin.ch\\\/wp-content\\\/uploads\\\/publikationen\\\/webnews\\\/2024\\\/fipo_07\\\/20241206_grafiken_fipo_mm_schlussrechung_f-848x1024.jpg\",\"articleSection\":[\"News\",\"Transparence du financement de la vie politique\"],\"inLanguage\":\"fr-FR\"},{\"@type\":\"WebPage\",\"@id\":\"https:\\\/\\\/www.efk.admin.ch\\\/fr\\\/transparence-du-financement-de-la-vie-politique-montants-definitifs-des-recettes-concernant-les-campagnes-pour-les-votations-federales-du-22-septembre-2024\\\/\",\"url\":\"https:\\\/\\\/www.efk.admin.ch\\\/fr\\\/transparence-du-financement-de-la-vie-politique-montants-definitifs-des-recettes-concernant-les-campagnes-pour-les-votations-federales-du-22-septembre-2024\\\/\",\"name\":\"Transparence du financement de la vie politique : montants d\u00e9finitifs des recettes concernant les campagnes pour les votations f\u00e9d\u00e9rales du 22&nbsp;septembre 2024 - Contr\u00f4le f\u00e9d\u00e9ral des finances (CDF)\",\"isPartOf\":{\"@id\":\"https:\\\/\\\/www.efk.admin.ch\\\/fr\\\/#website\"},\"primaryImageOfPage\":{\"@id\":\"https:\\\/\\\/www.efk.admin.ch\\\/fr\\\/transparence-du-financement-de-la-vie-politique-montants-definitifs-des-recettes-concernant-les-campagnes-pour-les-votations-federales-du-22-septembre-2024\\\/#primaryimage\"},\"image\":{\"@id\":\"https:\\\/\\\/www.efk.admin.ch\\\/fr\\\/transparence-du-financement-de-la-vie-politique-montants-definitifs-des-recettes-concernant-les-campagnes-pour-les-votations-federales-du-22-septembre-2024\\\/#primaryimage\"},\"thumbnailUrl\":\"https:\\\/\\\/www.efk.admin.ch\\\/wp-content\\\/uploads\\\/publikationen\\\/webnews\\\/2024\\\/fipo_07\\\/20241206_grafiken_fipo_mm_schlussrechung_f-848x1024.jpg\",\"datePublished\":\"2024-12-06T08:00:00+00:00\",\"dateModified\":\"2024-12-06T08:06:27+00:00\",\"breadcrumb\":{\"@id\":\"https:\\\/\\\/www.efk.admin.ch\\\/fr\\\/transparence-du-financement-de-la-vie-politique-montants-definitifs-des-recettes-concernant-les-campagnes-pour-les-votations-federales-du-22-septembre-2024\\\/#breadcrumb\"},\"inLanguage\":\"fr-FR\",\"potentialAction\":[{\"@type\":\"ReadAction\",\"target\":[\"https:\\\/\\\/www.efk.admin.ch\\\/fr\\\/transparence-du-financement-de-la-vie-politique-montants-definitifs-des-recettes-concernant-les-campagnes-pour-les-votations-federales-du-22-septembre-2024\\\/\"]}]},{\"@type\":\"ImageObject\",\"inLanguage\":\"fr-FR\",\"@id\":\"https:\\\/\\\/www.efk.admin.ch\\\/fr\\\/transparence-du-financement-de-la-vie-politique-montants-definitifs-des-recettes-concernant-les-campagnes-pour-les-votations-federales-du-22-septembre-2024\\\/#primaryimage\",\"url\":\"https:\\\/\\\/www.efk.admin.ch\\\/wp-content\\\/uploads\\\/publikationen\\\/webnews\\\/2024\\\/fipo_07\\\/20241206_grafiken_fipo_mm_schlussrechung_f-848x1024.jpg\",\"contentUrl\":\"https:\\\/\\\/www.efk.admin.ch\\\/wp-content\\\/uploads\\\/publikationen\\\/webnews\\\/2024\\\/fipo_07\\\/20241206_grafiken_fipo_mm_schlussrechung_f-848x1024.jpg\"},{\"@type\":\"BreadcrumbList\",\"@id\":\"https:\\\/\\\/www.efk.admin.ch\\\/fr\\\/transparence-du-financement-de-la-vie-politique-montants-definitifs-des-recettes-concernant-les-campagnes-pour-les-votations-federales-du-22-septembre-2024\\\/#breadcrumb\",\"itemListElement\":[{\"@type\":\"ListItem\",\"position\":1,\"name\":\"Home\",\"item\":\"https:\\\/\\\/www.efk.admin.ch\\\/fr\\\/\"},{\"@type\":\"ListItem\",\"position\":2,\"name\":\"Transparence du financement de la vie politique : montants d\u00e9finitifs des recettes concernant les campagnes pour les votations f\u00e9d\u00e9rales du 22&nbsp;septembre 2024\"}]},{\"@type\":\"WebSite\",\"@id\":\"https:\\\/\\\/www.efk.admin.ch\\\/fr\\\/#website\",\"url\":\"https:\\\/\\\/www.efk.admin.ch\\\/fr\\\/\",\"name\":\"Informationen \u00fcber das oberste Finanzaufsichtsorgan der Schweiz\",\"description\":\"Le Contr\u00f4le f\u00e9d\u00e9ral des finances (CDF) est l'organe supr\u00eame de surveillance financi\u00e8re de la Conf\u00e9d\u00e9ration suisse.\",\"publisher\":{\"@id\":\"https:\\\/\\\/www.efk.admin.ch\\\/fr\\\/#organization\"},\"alternateName\":\"EFK\",\"potentialAction\":[{\"@type\":\"SearchAction\",\"target\":{\"@type\":\"EntryPoint\",\"urlTemplate\":\"https:\\\/\\\/www.efk.admin.ch\\\/fr\\\/?s={search_term_string}\"},\"query-input\":{\"@type\":\"PropertyValueSpecification\",\"valueRequired\":true,\"valueName\":\"search_term_string\"}}],\"inLanguage\":\"fr-FR\"},{\"@type\":\"Organization\",\"@id\":\"https:\\\/\\\/www.efk.admin.ch\\\/fr\\\/#organization\",\"name\":\"Contr\u00f4le f\u00e9d\u00e9ral des finances (CDF)\",\"alternateName\":\"EFK\",\"url\":\"https:\\\/\\\/www.efk.admin.ch\\\/fr\\\/\",\"logo\":{\"@type\":\"ImageObject\",\"inLanguage\":\"fr-FR\",\"@id\":\"https:\\\/\\\/www.efk.admin.ch\\\/fr\\\/#\\\/schema\\\/logo\\\/image\\\/\",\"url\":\"https:\\\/\\\/www.efk.admin.ch\\\/wp-content\\\/uploads\\\/efk_cdf_logo_ohne_claim.png\",\"contentUrl\":\"https:\\\/\\\/www.efk.admin.ch\\\/wp-content\\\/uploads\\\/efk_cdf_logo_ohne_claim.png\",\"width\":268,\"height\":258,\"caption\":\"Contr\u00f4le f\u00e9d\u00e9ral des finances (CDF)\"},\"image\":{\"@id\":\"https:\\\/\\\/www.efk.admin.ch\\\/fr\\\/#\\\/schema\\\/logo\\\/image\\\/\"},\"sameAs\":[\"https:\\\/\\\/www.instagram.com\\\/efk_cdf_sfao\\\/\",\"https:\\\/\\\/www.youtube.com\\\/channel\\\/UCm-bXj227VE5sJzhB-ihdvw\\\/featured\",\"https:\\\/\\\/www.linkedin.com\\\/company\\\/11081578\\\/\"]},{\"@type\":\"Person\",\"@id\":\"https:\\\/\\\/www.efk.admin.ch\\\/fr\\\/#\\\/schema\\\/person\\\/a33aae6a9e254690e482e7ee9617a5d5\",\"name\":\"Benjamin Meyer\",\"image\":{\"@type\":\"ImageObject\",\"inLanguage\":\"fr-FR\",\"@id\":\"https:\\\/\\\/secure.gravatar.com\\\/avatar\\\/8d694065a0cf6be941f547fb223a776559dd983436e0e8b2198b05e5cbd4ad85?s=96&d=mm&r=g\",\"url\":\"https:\\\/\\\/secure.gravatar.com\\\/avatar\\\/8d694065a0cf6be941f547fb223a776559dd983436e0e8b2198b05e5cbd4ad85?s=96&d=mm&r=g\",\"contentUrl\":\"https:\\\/\\\/secure.gravatar.com\\\/avatar\\\/8d694065a0cf6be941f547fb223a776559dd983436e0e8b2198b05e5cbd4ad85?s=96&d=mm&r=g\",\"caption\":\"Benjamin Meyer\"},\"url\":\"https:\\\/\\\/www.efk.admin.ch\\\/fr\\\/author\\\/bmeyer\\\/\"}]}<\/script>\n<!-- \/ Yoast SEO Premium plugin. -->","yoast_head_json":{"title":"Transparence du financement de la vie politique : montants d\u00e9finitifs des recettes concernant les campagnes pour les votations f\u00e9d\u00e9rales du 22&nbsp;septembre 2024 - Contr\u00f4le f\u00e9d\u00e9ral des finances (CDF)","robots":{"index":"index","follow":"follow","max-snippet":"max-snippet:-1","max-image-preview":"max-image-preview:large","max-video-preview":"max-video-preview:-1"},"canonical":"https:\/\/www.efk.admin.ch\/fr\/transparence-du-financement-de-la-vie-politique-montants-definitifs-des-recettes-concernant-les-campagnes-pour-les-votations-federales-du-22-septembre-2024\/","og_locale":"fr_FR","og_type":"article","og_title":"Transparence du financement de la vie politique : montants d\u00e9finitifs des recettes concernant les campagnes pour les votations f\u00e9d\u00e9rales du 22&nbsp;septembre 2024","og_description":"Le 22 septembre 2024, deux objets ont \u00e9t\u00e9 soumis au vote. Les personnes et soci\u00e9t\u00e9s de personnes menant une campagne dont les d\u00e9penses d\u00e9passent 50 000 francs doivent d\u00e9clarer leur financement. Le Contr\u00f4le f\u00e9d\u00e9ral des finances (CDF) publie syst\u00e9matiquement les chiffres annonc\u00e9s dans le registre \u00e9lectronique, 75 jours apr\u00e8s le scrutin. Au total, les montants [&hellip;]","og_url":"https:\/\/www.efk.admin.ch\/fr\/transparence-du-financement-de-la-vie-politique-montants-definitifs-des-recettes-concernant-les-campagnes-pour-les-votations-federales-du-22-septembre-2024\/","og_site_name":"Contr\u00f4le f\u00e9d\u00e9ral des finances (CDF)","article_published_time":"2024-12-06T08:00:00+00:00","article_modified_time":"2024-12-06T08:06:27+00:00","og_image":[{"width":1782,"height":2151,"url":"https:\/\/www.efk.admin.ch\/wp-content\/uploads\/publikationen\/webnews\/2024\/fipo_07\/20241206_grafiken_fipo_mm_schlussrechung_f.jpg","type":"image\/jpeg"}],"author":"Benjamin Meyer","twitter_card":"summary_large_image","twitter_misc":{"\u00c9crit par":"Benjamin Meyer","Dur\u00e9e de lecture estim\u00e9e":"2 minutes"},"schema":{"@context":"https:\/\/schema.org","@graph":[{"@type":"Article","@id":"https:\/\/www.efk.admin.ch\/fr\/transparence-du-financement-de-la-vie-politique-montants-definitifs-des-recettes-concernant-les-campagnes-pour-les-votations-federales-du-22-septembre-2024\/#article","isPartOf":{"@id":"https:\/\/www.efk.admin.ch\/fr\/transparence-du-financement-de-la-vie-politique-montants-definitifs-des-recettes-concernant-les-campagnes-pour-les-votations-federales-du-22-septembre-2024\/"},"author":{"name":"Benjamin Meyer","@id":"https:\/\/www.efk.admin.ch\/fr\/#\/schema\/person\/a33aae6a9e254690e482e7ee9617a5d5"},"headline":"Transparence du financement de la vie politique : montants d\u00e9finitifs des recettes concernant les campagnes pour les votations f\u00e9d\u00e9rales du 22&nbsp;septembre 2024","datePublished":"2024-12-06T08:00:00+00:00","dateModified":"2024-12-06T08:06:27+00:00","mainEntityOfPage":{"@id":"https:\/\/www.efk.admin.ch\/fr\/transparence-du-financement-de-la-vie-politique-montants-definitifs-des-recettes-concernant-les-campagnes-pour-les-votations-federales-du-22-septembre-2024\/"},"wordCount":199,"publisher":{"@id":"https:\/\/www.efk.admin.ch\/fr\/#organization"},"image":{"@id":"https:\/\/www.efk.admin.ch\/fr\/transparence-du-financement-de-la-vie-politique-montants-definitifs-des-recettes-concernant-les-campagnes-pour-les-votations-federales-du-22-septembre-2024\/#primaryimage"},"thumbnailUrl":"https:\/\/www.efk.admin.ch\/wp-content\/uploads\/publikationen\/webnews\/2024\/fipo_07\/20241206_grafiken_fipo_mm_schlussrechung_f-848x1024.jpg","articleSection":["News","Transparence du financement de la vie politique"],"inLanguage":"fr-FR"},{"@type":"WebPage","@id":"https:\/\/www.efk.admin.ch\/fr\/transparence-du-financement-de-la-vie-politique-montants-definitifs-des-recettes-concernant-les-campagnes-pour-les-votations-federales-du-22-septembre-2024\/","url":"https:\/\/www.efk.admin.ch\/fr\/transparence-du-financement-de-la-vie-politique-montants-definitifs-des-recettes-concernant-les-campagnes-pour-les-votations-federales-du-22-septembre-2024\/","name":"Transparence du financement de la vie politique : montants d\u00e9finitifs des recettes concernant les campagnes pour les votations f\u00e9d\u00e9rales du 22&nbsp;septembre 2024 - Contr\u00f4le f\u00e9d\u00e9ral des finances (CDF)","isPartOf":{"@id":"https:\/\/www.efk.admin.ch\/fr\/#website"},"primaryImageOfPage":{"@id":"https:\/\/www.efk.admin.ch\/fr\/transparence-du-financement-de-la-vie-politique-montants-definitifs-des-recettes-concernant-les-campagnes-pour-les-votations-federales-du-22-septembre-2024\/#primaryimage"},"image":{"@id":"https:\/\/www.efk.admin.ch\/fr\/transparence-du-financement-de-la-vie-politique-montants-definitifs-des-recettes-concernant-les-campagnes-pour-les-votations-federales-du-22-septembre-2024\/#primaryimage"},"thumbnailUrl":"https:\/\/www.efk.admin.ch\/wp-content\/uploads\/publikationen\/webnews\/2024\/fipo_07\/20241206_grafiken_fipo_mm_schlussrechung_f-848x1024.jpg","datePublished":"2024-12-06T08:00:00+00:00","dateModified":"2024-12-06T08:06:27+00:00","breadcrumb":{"@id":"https:\/\/www.efk.admin.ch\/fr\/transparence-du-financement-de-la-vie-politique-montants-definitifs-des-recettes-concernant-les-campagnes-pour-les-votations-federales-du-22-septembre-2024\/#breadcrumb"},"inLanguage":"fr-FR","potentialAction":[{"@type":"ReadAction","target":["https:\/\/www.efk.admin.ch\/fr\/transparence-du-financement-de-la-vie-politique-montants-definitifs-des-recettes-concernant-les-campagnes-pour-les-votations-federales-du-22-septembre-2024\/"]}]},{"@type":"ImageObject","inLanguage":"fr-FR","@id":"https:\/\/www.efk.admin.ch\/fr\/transparence-du-financement-de-la-vie-politique-montants-definitifs-des-recettes-concernant-les-campagnes-pour-les-votations-federales-du-22-septembre-2024\/#primaryimage","url":"https:\/\/www.efk.admin.ch\/wp-content\/uploads\/publikationen\/webnews\/2024\/fipo_07\/20241206_grafiken_fipo_mm_schlussrechung_f-848x1024.jpg","contentUrl":"https:\/\/www.efk.admin.ch\/wp-content\/uploads\/publikationen\/webnews\/2024\/fipo_07\/20241206_grafiken_fipo_mm_schlussrechung_f-848x1024.jpg"},{"@type":"BreadcrumbList","@id":"https:\/\/www.efk.admin.ch\/fr\/transparence-du-financement-de-la-vie-politique-montants-definitifs-des-recettes-concernant-les-campagnes-pour-les-votations-federales-du-22-septembre-2024\/#breadcrumb","itemListElement":[{"@type":"ListItem","position":1,"name":"Home","item":"https:\/\/www.efk.admin.ch\/fr\/"},{"@type":"ListItem","position":2,"name":"Transparence du financement de la vie politique : montants d\u00e9finitifs des recettes concernant les campagnes pour les votations f\u00e9d\u00e9rales du 22&nbsp;septembre 2024"}]},{"@type":"WebSite","@id":"https:\/\/www.efk.admin.ch\/fr\/#website","url":"https:\/\/www.efk.admin.ch\/fr\/","name":"Informationen \u00fcber das oberste Finanzaufsichtsorgan der Schweiz","description":"Le Contr\u00f4le f\u00e9d\u00e9ral des finances (CDF) est l'organe supr\u00eame de surveillance financi\u00e8re de la Conf\u00e9d\u00e9ration suisse.","publisher":{"@id":"https:\/\/www.efk.admin.ch\/fr\/#organization"},"alternateName":"EFK","potentialAction":[{"@type":"SearchAction","target":{"@type":"EntryPoint","urlTemplate":"https:\/\/www.efk.admin.ch\/fr\/?s={search_term_string}"},"query-input":{"@type":"PropertyValueSpecification","valueRequired":true,"valueName":"search_term_string"}}],"inLanguage":"fr-FR"},{"@type":"Organization","@id":"https:\/\/www.efk.admin.ch\/fr\/#organization","name":"Contr\u00f4le f\u00e9d\u00e9ral des finances (CDF)","alternateName":"EFK","url":"https:\/\/www.efk.admin.ch\/fr\/","logo":{"@type":"ImageObject","inLanguage":"fr-FR","@id":"https:\/\/www.efk.admin.ch\/fr\/#\/schema\/logo\/image\/","url":"https:\/\/www.efk.admin.ch\/wp-content\/uploads\/efk_cdf_logo_ohne_claim.png","contentUrl":"https:\/\/www.efk.admin.ch\/wp-content\/uploads\/efk_cdf_logo_ohne_claim.png","width":268,"height":258,"caption":"Contr\u00f4le f\u00e9d\u00e9ral des finances (CDF)"},"image":{"@id":"https:\/\/www.efk.admin.ch\/fr\/#\/schema\/logo\/image\/"},"sameAs":["https:\/\/www.instagram.com\/efk_cdf_sfao\/","https:\/\/www.youtube.com\/channel\/UCm-bXj227VE5sJzhB-ihdvw\/featured","https:\/\/www.linkedin.com\/company\/11081578\/"]},{"@type":"Person","@id":"https:\/\/www.efk.admin.ch\/fr\/#\/schema\/person\/a33aae6a9e254690e482e7ee9617a5d5","name":"Benjamin Meyer","image":{"@type":"ImageObject","inLanguage":"fr-FR","@id":"https:\/\/secure.gravatar.com\/avatar\/8d694065a0cf6be941f547fb223a776559dd983436e0e8b2198b05e5cbd4ad85?s=96&d=mm&r=g","url":"https:\/\/secure.gravatar.com\/avatar\/8d694065a0cf6be941f547fb223a776559dd983436e0e8b2198b05e5cbd4ad85?s=96&d=mm&r=g","contentUrl":"https:\/\/secure.gravatar.com\/avatar\/8d694065a0cf6be941f547fb223a776559dd983436e0e8b2198b05e5cbd4ad85?s=96&d=mm&r=g","caption":"Benjamin Meyer"},"url":"https:\/\/www.efk.admin.ch\/fr\/author\/bmeyer\/"}]}},"_links":{"self":[{"href":"https:\/\/www.efk.admin.ch\/fr\/wp-json\/wp\/v2\/posts\/34761","targetHints":{"allow":["GET"]}}],"collection":[{"href":"https:\/\/www.efk.admin.ch\/fr\/wp-json\/wp\/v2\/posts"}],"about":[{"href":"https:\/\/www.efk.admin.ch\/fr\/wp-json\/wp\/v2\/types\/post"}],"author":[{"embeddable":true,"href":"https:\/\/www.efk.admin.ch\/fr\/wp-json\/wp\/v2\/users\/14"}],"replies":[{"embeddable":true,"href":"https:\/\/www.efk.admin.ch\/fr\/wp-json\/wp\/v2\/comments?post=34761"}],"version-history":[{"count":3,"href":"https:\/\/www.efk.admin.ch\/fr\/wp-json\/wp\/v2\/posts\/34761\/revisions"}],"predecessor-version":[{"id":34785,"href":"https:\/\/www.efk.admin.ch\/fr\/wp-json\/wp\/v2\/posts\/34761\/revisions\/34785"}],"wp:attachment":[{"href":"https:\/\/www.efk.admin.ch\/fr\/wp-json\/wp\/v2\/media?parent=34761"}],"wp:term":[{"taxonomy":"category","embeddable":true,"href":"https:\/\/www.efk.admin.ch\/fr\/wp-json\/wp\/v2\/categories?post=34761"},{"taxonomy":"post_tag","embeddable":true,"href":"https:\/\/www.efk.admin.ch\/fr\/wp-json\/wp\/v2\/tags?post=34761"}],"curies":[{"name":"wp","href":"https:\/\/api.w.org\/{rel}","templated":true}]}}