{"id":34314,"date":"2024-10-25T09:00:00","date_gmt":"2024-10-25T07:00:00","guid":{"rendered":"https:\/\/www.efk.admin.ch\/?p=34314"},"modified":"2024-10-25T08:40:24","modified_gmt":"2024-10-25T06:40:24","slug":"transparence-du-financement-de-la-vie-politique-les-budgets-pour-la-votation-populaire-du-24-11-2024-sont-disponibles","status":"publish","type":"post","link":"https:\/\/www.efk.admin.ch\/fr\/transparence-du-financement-de-la-vie-politique-les-budgets-pour-la-votation-populaire-du-24-11-2024-sont-disponibles\/","title":{"rendered":"Transparence du financement de la vie politique \u2013 les budgets pour la votation populaire du 24.11.2024 sont disponibles"},"content":{"rendered":"\n<p>Le 24 novembre 2024, quatre objets seront soumis \u00e0 votation. Les personnes et soci\u00e9t\u00e9s de personnes faisant campagne dont les d\u00e9penses d\u00e9passent 50 000 francs doivent d\u00e9clarer leur financement. Le Contr\u00f4le f\u00e9d\u00e9ral des finances (CDF) publie les chiffres d\u00e9clar\u00e9s par les personnes et soci\u00e9t\u00e9s de personnes faisant campagne 30 jours avant les votations f\u00e9d\u00e9rales. Les recettes budg\u00e9t\u00e9es sont publi\u00e9es de mani\u00e8re d\u00e9taill\u00e9e dans le <a href=\"https:\/\/politikfinanzierung.efk.admin.ch\/app\/fr\/campaign-financings\" target=\"_blank\" rel=\"noreferrer noopener\">registre \u00e9lectronique<\/a> du CDF. \u00c0 la date du rapport, un montant total approximatif de 13,8 millions de francs a \u00e9t\u00e9 d\u00e9clar\u00e9.<\/p>\n\n\n\n<figure class=\"wp-block-image size-large is-resized\"><img loading=\"lazy\" decoding=\"async\" width=\"942\" height=\"1024\" src=\"https:\/\/www.efk.admin.ch\/wp-content\/uploads\/publikationen\/webnews\/2024\/fipo_06\/20241124_grafiken_fipo_mm_budget_f_final-942x1024.jpg\" alt=\"\" class=\"wp-image-34267\" style=\"width:840px;height:auto\" srcset=\"https:\/\/www.efk.admin.ch\/wp-content\/uploads\/publikationen\/webnews\/2024\/fipo_06\/20241124_grafiken_fipo_mm_budget_f_final-942x1024.jpg 942w, https:\/\/www.efk.admin.ch\/wp-content\/uploads\/publikationen\/webnews\/2024\/fipo_06\/20241124_grafiken_fipo_mm_budget_f_final-276x300.jpg 276w, https:\/\/www.efk.admin.ch\/wp-content\/uploads\/publikationen\/webnews\/2024\/fipo_06\/20241124_grafiken_fipo_mm_budget_f_final-768x834.jpg 768w, https:\/\/www.efk.admin.ch\/wp-content\/uploads\/publikationen\/webnews\/2024\/fipo_06\/20241124_grafiken_fipo_mm_budget_f_final-1414x1536.jpg 1414w, https:\/\/www.efk.admin.ch\/wp-content\/uploads\/publikationen\/webnews\/2024\/fipo_06\/20241124_grafiken_fipo_mm_budget_f_final-1885x2048.jpg 1885w\" sizes=\"auto, (max-width: 942px) 100vw, 942px\" \/><\/figure>\n\n\n\n<p>Les actrices et acteurs politiques sont responsables de l&#8217;exactitude des donn\u00e9es d\u00e9clar\u00e9es.<\/p>\n","protected":false},"excerpt":{"rendered":"<p>Le 24 novembre 2024, quatre objets seront soumis \u00e0 votation. Les personnes et soci\u00e9t\u00e9s de personnes faisant campagne dont les d\u00e9penses d\u00e9passent 50 000 francs doivent d\u00e9clarer leur financement. Le Contr\u00f4le f\u00e9d\u00e9ral des finances (CDF) publie les chiffres d\u00e9clar\u00e9s par les personnes et soci\u00e9t\u00e9s de personnes faisant campagne 30 jours avant les votations f\u00e9d\u00e9rales. Les [&hellip;]<\/p>\n","protected":false},"author":14,"featured_media":0,"comment_status":"closed","ping_status":"closed","sticky":false,"template":"","format":"standard","meta":{"_acf_changed":false,"footnotes":""},"categories":[208,219],"tags":[],"class_list":["post-34314","post","type-post","status-publish","format-standard","hentry","category-news","category-transparence-du-financement-de-la-vie-politique"],"acf":[],"yoast_head":"<!-- This site is optimized with the Yoast SEO Premium plugin v27.4 (Yoast SEO v27.4) - https:\/\/yoast.com\/product\/yoast-seo-premium-wordpress\/ -->\n<title>Transparence du financement de la vie politique \u2013 les budgets pour la votation populaire du 24.11.2024 sont disponibles - Contr\u00f4le f\u00e9d\u00e9ral des finances (CDF)<\/title>\n<meta name=\"robots\" content=\"index, follow, max-snippet:-1, max-image-preview:large, max-video-preview:-1\" \/>\n<link rel=\"canonical\" href=\"https:\/\/www.efk.admin.ch\/fr\/transparence-du-financement-de-la-vie-politique-les-budgets-pour-la-votation-populaire-du-24-11-2024-sont-disponibles\/\" \/>\n<meta property=\"og:locale\" content=\"fr_FR\" \/>\n<meta property=\"og:type\" content=\"article\" \/>\n<meta property=\"og:title\" content=\"Transparence du financement de la vie politique \u2013 les budgets pour la votation populaire du 24.11.2024 sont disponibles\" \/>\n<meta property=\"og:description\" content=\"Le 24 novembre 2024, quatre objets seront soumis \u00e0 votation. Les personnes et soci\u00e9t\u00e9s de personnes faisant campagne dont les d\u00e9penses d\u00e9passent 50 000 francs doivent d\u00e9clarer leur financement. Le Contr\u00f4le f\u00e9d\u00e9ral des finances (CDF) publie les chiffres d\u00e9clar\u00e9s par les personnes et soci\u00e9t\u00e9s de personnes faisant campagne 30 jours avant les votations f\u00e9d\u00e9rales. Les [&hellip;]\" \/>\n<meta property=\"og:url\" content=\"https:\/\/www.efk.admin.ch\/fr\/transparence-du-financement-de-la-vie-politique-les-budgets-pour-la-votation-populaire-du-24-11-2024-sont-disponibles\/\" \/>\n<meta property=\"og:site_name\" content=\"Contr\u00f4le f\u00e9d\u00e9ral des finances (CDF)\" \/>\n<meta property=\"article:published_time\" content=\"2024-10-25T07:00:00+00:00\" \/>\n<meta property=\"og:image\" content=\"https:\/\/www.efk.admin.ch\/wp-content\/uploads\/publikationen\/webnews\/2024\/fipo_06\/20241124_grafiken_fipo_mm_budget_f_final.jpg\" \/>\n\t<meta property=\"og:image:width\" content=\"2217\" \/>\n\t<meta property=\"og:image:height\" content=\"2408\" \/>\n\t<meta property=\"og:image:type\" content=\"image\/jpeg\" \/>\n<meta name=\"author\" content=\"Benjamin Meyer\" \/>\n<meta name=\"twitter:card\" content=\"summary_large_image\" \/>\n<meta name=\"twitter:label1\" content=\"\u00c9crit par\" \/>\n\t<meta name=\"twitter:data1\" content=\"Benjamin Meyer\" \/>\n\t<meta name=\"twitter:label2\" content=\"Dur\u00e9e de lecture estim\u00e9e\" \/>\n\t<meta name=\"twitter:data2\" content=\"1 minute\" \/>\n<script type=\"application\/ld+json\" class=\"yoast-schema-graph\">{\"@context\":\"https:\\\/\\\/schema.org\",\"@graph\":[{\"@type\":\"Article\",\"@id\":\"https:\\\/\\\/www.efk.admin.ch\\\/fr\\\/transparence-du-financement-de-la-vie-politique-les-budgets-pour-la-votation-populaire-du-24-11-2024-sont-disponibles\\\/#article\",\"isPartOf\":{\"@id\":\"https:\\\/\\\/www.efk.admin.ch\\\/fr\\\/transparence-du-financement-de-la-vie-politique-les-budgets-pour-la-votation-populaire-du-24-11-2024-sont-disponibles\\\/\"},\"author\":{\"name\":\"Benjamin Meyer\",\"@id\":\"https:\\\/\\\/www.efk.admin.ch\\\/fr\\\/#\\\/schema\\\/person\\\/a33aae6a9e254690e482e7ee9617a5d5\"},\"headline\":\"Transparence du financement de la vie politique \u2013 les budgets pour la votation populaire du 24.11.2024 sont disponibles\",\"datePublished\":\"2024-10-25T07:00:00+00:00\",\"mainEntityOfPage\":{\"@id\":\"https:\\\/\\\/www.efk.admin.ch\\\/fr\\\/transparence-du-financement-de-la-vie-politique-les-budgets-pour-la-votation-populaire-du-24-11-2024-sont-disponibles\\\/\"},\"wordCount\":130,\"publisher\":{\"@id\":\"https:\\\/\\\/www.efk.admin.ch\\\/fr\\\/#organization\"},\"image\":{\"@id\":\"https:\\\/\\\/www.efk.admin.ch\\\/fr\\\/transparence-du-financement-de-la-vie-politique-les-budgets-pour-la-votation-populaire-du-24-11-2024-sont-disponibles\\\/#primaryimage\"},\"thumbnailUrl\":\"https:\\\/\\\/www.efk.admin.ch\\\/wp-content\\\/uploads\\\/publikationen\\\/webnews\\\/2024\\\/fipo_06\\\/20241124_grafiken_fipo_mm_budget_f_final-942x1024.jpg\",\"articleSection\":[\"News\",\"Transparence du financement de la vie politique\"],\"inLanguage\":\"fr-FR\"},{\"@type\":\"WebPage\",\"@id\":\"https:\\\/\\\/www.efk.admin.ch\\\/fr\\\/transparence-du-financement-de-la-vie-politique-les-budgets-pour-la-votation-populaire-du-24-11-2024-sont-disponibles\\\/\",\"url\":\"https:\\\/\\\/www.efk.admin.ch\\\/fr\\\/transparence-du-financement-de-la-vie-politique-les-budgets-pour-la-votation-populaire-du-24-11-2024-sont-disponibles\\\/\",\"name\":\"Transparence du financement de la vie politique \u2013 les budgets pour la votation populaire du 24.11.2024 sont disponibles - Contr\u00f4le f\u00e9d\u00e9ral des finances (CDF)\",\"isPartOf\":{\"@id\":\"https:\\\/\\\/www.efk.admin.ch\\\/fr\\\/#website\"},\"primaryImageOfPage\":{\"@id\":\"https:\\\/\\\/www.efk.admin.ch\\\/fr\\\/transparence-du-financement-de-la-vie-politique-les-budgets-pour-la-votation-populaire-du-24-11-2024-sont-disponibles\\\/#primaryimage\"},\"image\":{\"@id\":\"https:\\\/\\\/www.efk.admin.ch\\\/fr\\\/transparence-du-financement-de-la-vie-politique-les-budgets-pour-la-votation-populaire-du-24-11-2024-sont-disponibles\\\/#primaryimage\"},\"thumbnailUrl\":\"https:\\\/\\\/www.efk.admin.ch\\\/wp-content\\\/uploads\\\/publikationen\\\/webnews\\\/2024\\\/fipo_06\\\/20241124_grafiken_fipo_mm_budget_f_final-942x1024.jpg\",\"datePublished\":\"2024-10-25T07:00:00+00:00\",\"breadcrumb\":{\"@id\":\"https:\\\/\\\/www.efk.admin.ch\\\/fr\\\/transparence-du-financement-de-la-vie-politique-les-budgets-pour-la-votation-populaire-du-24-11-2024-sont-disponibles\\\/#breadcrumb\"},\"inLanguage\":\"fr-FR\",\"potentialAction\":[{\"@type\":\"ReadAction\",\"target\":[\"https:\\\/\\\/www.efk.admin.ch\\\/fr\\\/transparence-du-financement-de-la-vie-politique-les-budgets-pour-la-votation-populaire-du-24-11-2024-sont-disponibles\\\/\"]}]},{\"@type\":\"ImageObject\",\"inLanguage\":\"fr-FR\",\"@id\":\"https:\\\/\\\/www.efk.admin.ch\\\/fr\\\/transparence-du-financement-de-la-vie-politique-les-budgets-pour-la-votation-populaire-du-24-11-2024-sont-disponibles\\\/#primaryimage\",\"url\":\"https:\\\/\\\/www.efk.admin.ch\\\/wp-content\\\/uploads\\\/publikationen\\\/webnews\\\/2024\\\/fipo_06\\\/20241124_grafiken_fipo_mm_budget_f_final-942x1024.jpg\",\"contentUrl\":\"https:\\\/\\\/www.efk.admin.ch\\\/wp-content\\\/uploads\\\/publikationen\\\/webnews\\\/2024\\\/fipo_06\\\/20241124_grafiken_fipo_mm_budget_f_final-942x1024.jpg\"},{\"@type\":\"BreadcrumbList\",\"@id\":\"https:\\\/\\\/www.efk.admin.ch\\\/fr\\\/transparence-du-financement-de-la-vie-politique-les-budgets-pour-la-votation-populaire-du-24-11-2024-sont-disponibles\\\/#breadcrumb\",\"itemListElement\":[{\"@type\":\"ListItem\",\"position\":1,\"name\":\"Home\",\"item\":\"https:\\\/\\\/www.efk.admin.ch\\\/fr\\\/\"},{\"@type\":\"ListItem\",\"position\":2,\"name\":\"Transparence du financement de la vie politique \u2013 les budgets pour la votation populaire du 24.11.2024 sont disponibles\"}]},{\"@type\":\"WebSite\",\"@id\":\"https:\\\/\\\/www.efk.admin.ch\\\/fr\\\/#website\",\"url\":\"https:\\\/\\\/www.efk.admin.ch\\\/fr\\\/\",\"name\":\"Informationen \u00fcber das oberste Finanzaufsichtsorgan der Schweiz\",\"description\":\"Le Contr\u00f4le f\u00e9d\u00e9ral des finances (CDF) est l'organe supr\u00eame de surveillance financi\u00e8re de la Conf\u00e9d\u00e9ration suisse.\",\"publisher\":{\"@id\":\"https:\\\/\\\/www.efk.admin.ch\\\/fr\\\/#organization\"},\"alternateName\":\"EFK\",\"potentialAction\":[{\"@type\":\"SearchAction\",\"target\":{\"@type\":\"EntryPoint\",\"urlTemplate\":\"https:\\\/\\\/www.efk.admin.ch\\\/fr\\\/?s={search_term_string}\"},\"query-input\":{\"@type\":\"PropertyValueSpecification\",\"valueRequired\":true,\"valueName\":\"search_term_string\"}}],\"inLanguage\":\"fr-FR\"},{\"@type\":\"Organization\",\"@id\":\"https:\\\/\\\/www.efk.admin.ch\\\/fr\\\/#organization\",\"name\":\"Contr\u00f4le f\u00e9d\u00e9ral des finances (CDF)\",\"alternateName\":\"EFK\",\"url\":\"https:\\\/\\\/www.efk.admin.ch\\\/fr\\\/\",\"logo\":{\"@type\":\"ImageObject\",\"inLanguage\":\"fr-FR\",\"@id\":\"https:\\\/\\\/www.efk.admin.ch\\\/fr\\\/#\\\/schema\\\/logo\\\/image\\\/\",\"url\":\"https:\\\/\\\/www.efk.admin.ch\\\/wp-content\\\/uploads\\\/efk_cdf_logo_ohne_claim.png\",\"contentUrl\":\"https:\\\/\\\/www.efk.admin.ch\\\/wp-content\\\/uploads\\\/efk_cdf_logo_ohne_claim.png\",\"width\":268,\"height\":258,\"caption\":\"Contr\u00f4le f\u00e9d\u00e9ral des finances (CDF)\"},\"image\":{\"@id\":\"https:\\\/\\\/www.efk.admin.ch\\\/fr\\\/#\\\/schema\\\/logo\\\/image\\\/\"},\"sameAs\":[\"https:\\\/\\\/www.instagram.com\\\/efk_cdf_sfao\\\/\",\"https:\\\/\\\/www.youtube.com\\\/channel\\\/UCm-bXj227VE5sJzhB-ihdvw\\\/featured\",\"https:\\\/\\\/www.linkedin.com\\\/company\\\/11081578\\\/\"]},{\"@type\":\"Person\",\"@id\":\"https:\\\/\\\/www.efk.admin.ch\\\/fr\\\/#\\\/schema\\\/person\\\/a33aae6a9e254690e482e7ee9617a5d5\",\"name\":\"Benjamin Meyer\",\"image\":{\"@type\":\"ImageObject\",\"inLanguage\":\"fr-FR\",\"@id\":\"https:\\\/\\\/secure.gravatar.com\\\/avatar\\\/8d694065a0cf6be941f547fb223a776559dd983436e0e8b2198b05e5cbd4ad85?s=96&d=mm&r=g\",\"url\":\"https:\\\/\\\/secure.gravatar.com\\\/avatar\\\/8d694065a0cf6be941f547fb223a776559dd983436e0e8b2198b05e5cbd4ad85?s=96&d=mm&r=g\",\"contentUrl\":\"https:\\\/\\\/secure.gravatar.com\\\/avatar\\\/8d694065a0cf6be941f547fb223a776559dd983436e0e8b2198b05e5cbd4ad85?s=96&d=mm&r=g\",\"caption\":\"Benjamin Meyer\"},\"url\":\"https:\\\/\\\/www.efk.admin.ch\\\/fr\\\/author\\\/bmeyer\\\/\"}]}<\/script>\n<!-- \/ Yoast SEO Premium plugin. -->","yoast_head_json":{"title":"Transparence du financement de la vie politique \u2013 les budgets pour la votation populaire du 24.11.2024 sont disponibles - Contr\u00f4le f\u00e9d\u00e9ral des finances (CDF)","robots":{"index":"index","follow":"follow","max-snippet":"max-snippet:-1","max-image-preview":"max-image-preview:large","max-video-preview":"max-video-preview:-1"},"canonical":"https:\/\/www.efk.admin.ch\/fr\/transparence-du-financement-de-la-vie-politique-les-budgets-pour-la-votation-populaire-du-24-11-2024-sont-disponibles\/","og_locale":"fr_FR","og_type":"article","og_title":"Transparence du financement de la vie politique \u2013 les budgets pour la votation populaire du 24.11.2024 sont disponibles","og_description":"Le 24 novembre 2024, quatre objets seront soumis \u00e0 votation. Les personnes et soci\u00e9t\u00e9s de personnes faisant campagne dont les d\u00e9penses d\u00e9passent 50 000 francs doivent d\u00e9clarer leur financement. Le Contr\u00f4le f\u00e9d\u00e9ral des finances (CDF) publie les chiffres d\u00e9clar\u00e9s par les personnes et soci\u00e9t\u00e9s de personnes faisant campagne 30 jours avant les votations f\u00e9d\u00e9rales. Les [&hellip;]","og_url":"https:\/\/www.efk.admin.ch\/fr\/transparence-du-financement-de-la-vie-politique-les-budgets-pour-la-votation-populaire-du-24-11-2024-sont-disponibles\/","og_site_name":"Contr\u00f4le f\u00e9d\u00e9ral des finances (CDF)","article_published_time":"2024-10-25T07:00:00+00:00","og_image":[{"width":2217,"height":2408,"url":"https:\/\/www.efk.admin.ch\/wp-content\/uploads\/publikationen\/webnews\/2024\/fipo_06\/20241124_grafiken_fipo_mm_budget_f_final.jpg","type":"image\/jpeg"}],"author":"Benjamin Meyer","twitter_card":"summary_large_image","twitter_misc":{"\u00c9crit par":"Benjamin Meyer","Dur\u00e9e de lecture estim\u00e9e":"1 minute"},"schema":{"@context":"https:\/\/schema.org","@graph":[{"@type":"Article","@id":"https:\/\/www.efk.admin.ch\/fr\/transparence-du-financement-de-la-vie-politique-les-budgets-pour-la-votation-populaire-du-24-11-2024-sont-disponibles\/#article","isPartOf":{"@id":"https:\/\/www.efk.admin.ch\/fr\/transparence-du-financement-de-la-vie-politique-les-budgets-pour-la-votation-populaire-du-24-11-2024-sont-disponibles\/"},"author":{"name":"Benjamin Meyer","@id":"https:\/\/www.efk.admin.ch\/fr\/#\/schema\/person\/a33aae6a9e254690e482e7ee9617a5d5"},"headline":"Transparence du financement de la vie politique \u2013 les budgets pour la votation populaire du 24.11.2024 sont disponibles","datePublished":"2024-10-25T07:00:00+00:00","mainEntityOfPage":{"@id":"https:\/\/www.efk.admin.ch\/fr\/transparence-du-financement-de-la-vie-politique-les-budgets-pour-la-votation-populaire-du-24-11-2024-sont-disponibles\/"},"wordCount":130,"publisher":{"@id":"https:\/\/www.efk.admin.ch\/fr\/#organization"},"image":{"@id":"https:\/\/www.efk.admin.ch\/fr\/transparence-du-financement-de-la-vie-politique-les-budgets-pour-la-votation-populaire-du-24-11-2024-sont-disponibles\/#primaryimage"},"thumbnailUrl":"https:\/\/www.efk.admin.ch\/wp-content\/uploads\/publikationen\/webnews\/2024\/fipo_06\/20241124_grafiken_fipo_mm_budget_f_final-942x1024.jpg","articleSection":["News","Transparence du financement de la vie politique"],"inLanguage":"fr-FR"},{"@type":"WebPage","@id":"https:\/\/www.efk.admin.ch\/fr\/transparence-du-financement-de-la-vie-politique-les-budgets-pour-la-votation-populaire-du-24-11-2024-sont-disponibles\/","url":"https:\/\/www.efk.admin.ch\/fr\/transparence-du-financement-de-la-vie-politique-les-budgets-pour-la-votation-populaire-du-24-11-2024-sont-disponibles\/","name":"Transparence du financement de la vie politique \u2013 les budgets pour la votation populaire du 24.11.2024 sont disponibles - Contr\u00f4le f\u00e9d\u00e9ral des finances (CDF)","isPartOf":{"@id":"https:\/\/www.efk.admin.ch\/fr\/#website"},"primaryImageOfPage":{"@id":"https:\/\/www.efk.admin.ch\/fr\/transparence-du-financement-de-la-vie-politique-les-budgets-pour-la-votation-populaire-du-24-11-2024-sont-disponibles\/#primaryimage"},"image":{"@id":"https:\/\/www.efk.admin.ch\/fr\/transparence-du-financement-de-la-vie-politique-les-budgets-pour-la-votation-populaire-du-24-11-2024-sont-disponibles\/#primaryimage"},"thumbnailUrl":"https:\/\/www.efk.admin.ch\/wp-content\/uploads\/publikationen\/webnews\/2024\/fipo_06\/20241124_grafiken_fipo_mm_budget_f_final-942x1024.jpg","datePublished":"2024-10-25T07:00:00+00:00","breadcrumb":{"@id":"https:\/\/www.efk.admin.ch\/fr\/transparence-du-financement-de-la-vie-politique-les-budgets-pour-la-votation-populaire-du-24-11-2024-sont-disponibles\/#breadcrumb"},"inLanguage":"fr-FR","potentialAction":[{"@type":"ReadAction","target":["https:\/\/www.efk.admin.ch\/fr\/transparence-du-financement-de-la-vie-politique-les-budgets-pour-la-votation-populaire-du-24-11-2024-sont-disponibles\/"]}]},{"@type":"ImageObject","inLanguage":"fr-FR","@id":"https:\/\/www.efk.admin.ch\/fr\/transparence-du-financement-de-la-vie-politique-les-budgets-pour-la-votation-populaire-du-24-11-2024-sont-disponibles\/#primaryimage","url":"https:\/\/www.efk.admin.ch\/wp-content\/uploads\/publikationen\/webnews\/2024\/fipo_06\/20241124_grafiken_fipo_mm_budget_f_final-942x1024.jpg","contentUrl":"https:\/\/www.efk.admin.ch\/wp-content\/uploads\/publikationen\/webnews\/2024\/fipo_06\/20241124_grafiken_fipo_mm_budget_f_final-942x1024.jpg"},{"@type":"BreadcrumbList","@id":"https:\/\/www.efk.admin.ch\/fr\/transparence-du-financement-de-la-vie-politique-les-budgets-pour-la-votation-populaire-du-24-11-2024-sont-disponibles\/#breadcrumb","itemListElement":[{"@type":"ListItem","position":1,"name":"Home","item":"https:\/\/www.efk.admin.ch\/fr\/"},{"@type":"ListItem","position":2,"name":"Transparence du financement de la vie politique \u2013 les budgets pour la votation populaire du 24.11.2024 sont disponibles"}]},{"@type":"WebSite","@id":"https:\/\/www.efk.admin.ch\/fr\/#website","url":"https:\/\/www.efk.admin.ch\/fr\/","name":"Informationen \u00fcber das oberste Finanzaufsichtsorgan der Schweiz","description":"Le Contr\u00f4le f\u00e9d\u00e9ral des finances (CDF) est l'organe supr\u00eame de surveillance financi\u00e8re de la Conf\u00e9d\u00e9ration suisse.","publisher":{"@id":"https:\/\/www.efk.admin.ch\/fr\/#organization"},"alternateName":"EFK","potentialAction":[{"@type":"SearchAction","target":{"@type":"EntryPoint","urlTemplate":"https:\/\/www.efk.admin.ch\/fr\/?s={search_term_string}"},"query-input":{"@type":"PropertyValueSpecification","valueRequired":true,"valueName":"search_term_string"}}],"inLanguage":"fr-FR"},{"@type":"Organization","@id":"https:\/\/www.efk.admin.ch\/fr\/#organization","name":"Contr\u00f4le f\u00e9d\u00e9ral des finances (CDF)","alternateName":"EFK","url":"https:\/\/www.efk.admin.ch\/fr\/","logo":{"@type":"ImageObject","inLanguage":"fr-FR","@id":"https:\/\/www.efk.admin.ch\/fr\/#\/schema\/logo\/image\/","url":"https:\/\/www.efk.admin.ch\/wp-content\/uploads\/efk_cdf_logo_ohne_claim.png","contentUrl":"https:\/\/www.efk.admin.ch\/wp-content\/uploads\/efk_cdf_logo_ohne_claim.png","width":268,"height":258,"caption":"Contr\u00f4le f\u00e9d\u00e9ral des finances (CDF)"},"image":{"@id":"https:\/\/www.efk.admin.ch\/fr\/#\/schema\/logo\/image\/"},"sameAs":["https:\/\/www.instagram.com\/efk_cdf_sfao\/","https:\/\/www.youtube.com\/channel\/UCm-bXj227VE5sJzhB-ihdvw\/featured","https:\/\/www.linkedin.com\/company\/11081578\/"]},{"@type":"Person","@id":"https:\/\/www.efk.admin.ch\/fr\/#\/schema\/person\/a33aae6a9e254690e482e7ee9617a5d5","name":"Benjamin Meyer","image":{"@type":"ImageObject","inLanguage":"fr-FR","@id":"https:\/\/secure.gravatar.com\/avatar\/8d694065a0cf6be941f547fb223a776559dd983436e0e8b2198b05e5cbd4ad85?s=96&d=mm&r=g","url":"https:\/\/secure.gravatar.com\/avatar\/8d694065a0cf6be941f547fb223a776559dd983436e0e8b2198b05e5cbd4ad85?s=96&d=mm&r=g","contentUrl":"https:\/\/secure.gravatar.com\/avatar\/8d694065a0cf6be941f547fb223a776559dd983436e0e8b2198b05e5cbd4ad85?s=96&d=mm&r=g","caption":"Benjamin Meyer"},"url":"https:\/\/www.efk.admin.ch\/fr\/author\/bmeyer\/"}]}},"_links":{"self":[{"href":"https:\/\/www.efk.admin.ch\/fr\/wp-json\/wp\/v2\/posts\/34314","targetHints":{"allow":["GET"]}}],"collection":[{"href":"https:\/\/www.efk.admin.ch\/fr\/wp-json\/wp\/v2\/posts"}],"about":[{"href":"https:\/\/www.efk.admin.ch\/fr\/wp-json\/wp\/v2\/types\/post"}],"author":[{"embeddable":true,"href":"https:\/\/www.efk.admin.ch\/fr\/wp-json\/wp\/v2\/users\/14"}],"replies":[{"embeddable":true,"href":"https:\/\/www.efk.admin.ch\/fr\/wp-json\/wp\/v2\/comments?post=34314"}],"version-history":[{"count":3,"href":"https:\/\/www.efk.admin.ch\/fr\/wp-json\/wp\/v2\/posts\/34314\/revisions"}],"predecessor-version":[{"id":34347,"href":"https:\/\/www.efk.admin.ch\/fr\/wp-json\/wp\/v2\/posts\/34314\/revisions\/34347"}],"wp:attachment":[{"href":"https:\/\/www.efk.admin.ch\/fr\/wp-json\/wp\/v2\/media?parent=34314"}],"wp:term":[{"taxonomy":"category","embeddable":true,"href":"https:\/\/www.efk.admin.ch\/fr\/wp-json\/wp\/v2\/categories?post=34314"},{"taxonomy":"post_tag","embeddable":true,"href":"https:\/\/www.efk.admin.ch\/fr\/wp-json\/wp\/v2\/tags?post=34314"}],"curies":[{"name":"wp","href":"https:\/\/api.w.org\/{rel}","templated":true}]}}