{"id":32743,"date":"2017-02-09T06:00:00","date_gmt":"2017-02-09T05:00:00","guid":{"rendered":"https:\/\/www.efk.admin.ch\/?p=32743"},"modified":"2024-07-26T12:38:21","modified_gmt":"2024-07-26T10:38:21","slug":"automatisch-gespeicherter-entwurf-4","status":"publish","type":"post","link":"https:\/\/www.efk.admin.ch\/fr\/automatisch-gespeicherter-entwurf-4\/","title":{"rendered":"La qualit\u00e9 des messages du Conseil f\u00e9d\u00e9ral est dans l\u2019ensemble satisfaisante"},"content":{"rendered":"\n<p>Le Contr\u00f4le f\u00e9d\u00e9ral des finances (CDF) a analys\u00e9 50 messages du Conseil f\u00e9d\u00e9ral des ann\u00e9es 2007 \u00e0 2014. Il s\u2019agissait d\u2019\u00e9valuer la qualit\u00e9 des pr\u00e9visions que contiennent ces documents. Quel sera l\u2019impact d\u2019une nouvelle loi sur l\u2019environnement, sur la soci\u00e9t\u00e9, sur l\u2019\u00e9conomie, sur les cantons ou sur les finances f\u00e9d\u00e9rales ? L\u2019\u00e9valuation donne une image g\u00e9n\u00e9ralement satisfaisante mais elle recommande des am\u00e9liorations.<\/p>\n\n\n\n<p>Plusieurs interventions parlementaires abordent comme le CDF le th\u00e8me de la qualit\u00e9 des pr\u00e9visions dans les messages du Conseil f\u00e9d\u00e9ral. Dans sa prise de position sur l\u2019\u00e9valuation du CDF, le Conseil f\u00e9d\u00e9ral indique qu\u2019il a charg\u00e9 le D\u00e9partement f\u00e9d\u00e9ral de l\u2019\u00e9conomie, de la formation et de la recherche de lui soumettre des propositions pour renforcer autant que possible le contr\u00f4le de la qualit\u00e9 des pr\u00e9visions. Ces propositions doivent tenir compte des deux motions adopt\u00e9es r\u00e9cemment (Vogler 15.3400 et Groupe lib\u00e9ral-radical 15.3445). Comme le Conseil f\u00e9d\u00e9ral, le CDF ne privil\u00e9gie pas la cr\u00e9ation de nouvelles structures de contr\u00f4le. Il recommande de renforcer la position de la Chancellerie f\u00e9d\u00e9rale, qui occupe une position privil\u00e9gi\u00e9e et pr\u00e9sente les garanties d\u2019ind\u00e9pendance n\u00e9cessaire.<\/p>\n\n\n\n<p>Les diff\u00e9rents textes du Conseil f\u00e9d\u00e9ral relatifs \u00e0 la troisi\u00e8me r\u00e9forme de l\u2019imposition des entreprises (RIE III) n\u2019ont pas \u00e9t\u00e9 examin\u00e9s par le CDF. Cette \u00e9valuation ne permet de tirer aucune conclusion sur ces documents. La D\u00e9l\u00e9gation des finances a pris connaissance de cette \u00e9valuation en janvier dernier.<\/p>\n","protected":false},"excerpt":{"rendered":"<p>Le Contr\u00f4le f\u00e9d\u00e9ral des finances (CDF) a analys\u00e9 50 messages du Conseil f\u00e9d\u00e9ral des ann\u00e9es 2007 \u00e0 2014. Il s\u2019agissait d\u2019\u00e9valuer la qualit\u00e9 des pr\u00e9visions que contiennent ces documents. Quel sera l\u2019impact d\u2019une nouvelle loi sur l\u2019environnement, sur la soci\u00e9t\u00e9, sur l\u2019\u00e9conomie, sur les cantons ou sur les finances f\u00e9d\u00e9rales ? L\u2019\u00e9valuation donne une image [&hellip;]<\/p>\n","protected":false},"author":5,"featured_media":0,"comment_status":"closed","ping_status":"closed","sticky":false,"template":"","format":"standard","meta":{"_acf_changed":false,"footnotes":""},"categories":[213,239],"tags":[],"class_list":["post-32743","post","type-post","status-publish","format-standard","hentry","category-communique-de-presse","category-cdf"],"acf":[],"yoast_head":"<!-- This site is optimized with the Yoast SEO Premium plugin v27.4 (Yoast SEO v27.4) - https:\/\/yoast.com\/product\/yoast-seo-premium-wordpress\/ -->\n<title>La qualit\u00e9 des messages du Conseil f\u00e9d\u00e9ral est dans l\u2019ensemble satisfaisante - Contr\u00f4le f\u00e9d\u00e9ral des finances (CDF)<\/title>\n<meta name=\"robots\" content=\"index, follow, max-snippet:-1, max-image-preview:large, max-video-preview:-1\" \/>\n<link rel=\"canonical\" href=\"https:\/\/www.efk.admin.ch\/fr\/automatisch-gespeicherter-entwurf-4\/\" \/>\n<meta property=\"og:locale\" content=\"fr_FR\" \/>\n<meta property=\"og:type\" content=\"article\" \/>\n<meta property=\"og:title\" content=\"La qualit\u00e9 des messages du Conseil f\u00e9d\u00e9ral est dans l\u2019ensemble satisfaisante\" \/>\n<meta property=\"og:description\" content=\"Le Contr\u00f4le f\u00e9d\u00e9ral des finances (CDF) a analys\u00e9 50 messages du Conseil f\u00e9d\u00e9ral des ann\u00e9es 2007 \u00e0 2014. Il s\u2019agissait d\u2019\u00e9valuer la qualit\u00e9 des pr\u00e9visions que contiennent ces documents. Quel sera l\u2019impact d\u2019une nouvelle loi sur l\u2019environnement, sur la soci\u00e9t\u00e9, sur l\u2019\u00e9conomie, sur les cantons ou sur les finances f\u00e9d\u00e9rales ? L\u2019\u00e9valuation donne une image [&hellip;]\" \/>\n<meta property=\"og:url\" content=\"https:\/\/www.efk.admin.ch\/fr\/automatisch-gespeicherter-entwurf-4\/\" \/>\n<meta property=\"og:site_name\" content=\"Contr\u00f4le f\u00e9d\u00e9ral des finances (CDF)\" \/>\n<meta property=\"article:published_time\" content=\"2017-02-09T05:00:00+00:00\" \/>\n<meta property=\"article:modified_time\" content=\"2024-07-26T10:38:21+00:00\" \/>\n<meta property=\"og:image\" content=\"https:\/\/www.efk.admin.ch\/wp-content\/uploads\/test\/palais.jpg\" \/>\n\t<meta property=\"og:image:width\" content=\"750\" \/>\n\t<meta property=\"og:image:height\" content=\"500\" \/>\n\t<meta property=\"og:image:type\" content=\"image\/jpeg\" \/>\n<meta name=\"author\" content=\"Daniel Puric\" \/>\n<meta name=\"twitter:card\" content=\"summary_large_image\" \/>\n<meta name=\"twitter:label1\" content=\"\u00c9crit par\" \/>\n\t<meta name=\"twitter:data1\" content=\"Daniel Puric\" \/>\n\t<meta name=\"twitter:label2\" content=\"Dur\u00e9e de lecture estim\u00e9e\" \/>\n\t<meta name=\"twitter:data2\" content=\"2 minutes\" \/>\n<script type=\"application\/ld+json\" class=\"yoast-schema-graph\">{\"@context\":\"https:\\\/\\\/schema.org\",\"@graph\":[{\"@type\":\"Article\",\"@id\":\"https:\\\/\\\/www.efk.admin.ch\\\/fr\\\/automatisch-gespeicherter-entwurf-4\\\/#article\",\"isPartOf\":{\"@id\":\"https:\\\/\\\/www.efk.admin.ch\\\/fr\\\/automatisch-gespeicherter-entwurf-4\\\/\"},\"author\":{\"name\":\"Daniel Puric\",\"@id\":\"https:\\\/\\\/www.efk.admin.ch\\\/fr\\\/#\\\/schema\\\/person\\\/64fde6b991e45272f0a47bcf8064e250\"},\"headline\":\"La qualit\u00e9 des messages du Conseil f\u00e9d\u00e9ral est dans l\u2019ensemble satisfaisante\",\"datePublished\":\"2017-02-09T05:00:00+00:00\",\"dateModified\":\"2024-07-26T10:38:21+00:00\",\"mainEntityOfPage\":{\"@id\":\"https:\\\/\\\/www.efk.admin.ch\\\/fr\\\/automatisch-gespeicherter-entwurf-4\\\/\"},\"wordCount\":294,\"publisher\":{\"@id\":\"https:\\\/\\\/www.efk.admin.ch\\\/fr\\\/#organization\"},\"articleSection\":[\"Communiqu\u00e9 de presse\",\"CDF\"],\"inLanguage\":\"fr-FR\"},{\"@type\":\"WebPage\",\"@id\":\"https:\\\/\\\/www.efk.admin.ch\\\/fr\\\/automatisch-gespeicherter-entwurf-4\\\/\",\"url\":\"https:\\\/\\\/www.efk.admin.ch\\\/fr\\\/automatisch-gespeicherter-entwurf-4\\\/\",\"name\":\"La qualit\u00e9 des messages du Conseil f\u00e9d\u00e9ral est dans l\u2019ensemble satisfaisante - Contr\u00f4le f\u00e9d\u00e9ral des finances (CDF)\",\"isPartOf\":{\"@id\":\"https:\\\/\\\/www.efk.admin.ch\\\/fr\\\/#website\"},\"datePublished\":\"2017-02-09T05:00:00+00:00\",\"dateModified\":\"2024-07-26T10:38:21+00:00\",\"breadcrumb\":{\"@id\":\"https:\\\/\\\/www.efk.admin.ch\\\/fr\\\/automatisch-gespeicherter-entwurf-4\\\/#breadcrumb\"},\"inLanguage\":\"fr-FR\",\"potentialAction\":[{\"@type\":\"ReadAction\",\"target\":[\"https:\\\/\\\/www.efk.admin.ch\\\/fr\\\/automatisch-gespeicherter-entwurf-4\\\/\"]}]},{\"@type\":\"BreadcrumbList\",\"@id\":\"https:\\\/\\\/www.efk.admin.ch\\\/fr\\\/automatisch-gespeicherter-entwurf-4\\\/#breadcrumb\",\"itemListElement\":[{\"@type\":\"ListItem\",\"position\":1,\"name\":\"Home\",\"item\":\"https:\\\/\\\/www.efk.admin.ch\\\/fr\\\/\"},{\"@type\":\"ListItem\",\"position\":2,\"name\":\"La qualit\u00e9 des messages du Conseil f\u00e9d\u00e9ral est dans l\u2019ensemble satisfaisante\"}]},{\"@type\":\"WebSite\",\"@id\":\"https:\\\/\\\/www.efk.admin.ch\\\/fr\\\/#website\",\"url\":\"https:\\\/\\\/www.efk.admin.ch\\\/fr\\\/\",\"name\":\"Informationen \u00fcber das oberste Finanzaufsichtsorgan der Schweiz\",\"description\":\"Le Contr\u00f4le f\u00e9d\u00e9ral des finances (CDF) est l'organe supr\u00eame de surveillance financi\u00e8re de la Conf\u00e9d\u00e9ration suisse.\",\"publisher\":{\"@id\":\"https:\\\/\\\/www.efk.admin.ch\\\/fr\\\/#organization\"},\"alternateName\":\"EFK\",\"potentialAction\":[{\"@type\":\"SearchAction\",\"target\":{\"@type\":\"EntryPoint\",\"urlTemplate\":\"https:\\\/\\\/www.efk.admin.ch\\\/fr\\\/?s={search_term_string}\"},\"query-input\":{\"@type\":\"PropertyValueSpecification\",\"valueRequired\":true,\"valueName\":\"search_term_string\"}}],\"inLanguage\":\"fr-FR\"},{\"@type\":\"Organization\",\"@id\":\"https:\\\/\\\/www.efk.admin.ch\\\/fr\\\/#organization\",\"name\":\"Contr\u00f4le f\u00e9d\u00e9ral des finances (CDF)\",\"alternateName\":\"EFK\",\"url\":\"https:\\\/\\\/www.efk.admin.ch\\\/fr\\\/\",\"logo\":{\"@type\":\"ImageObject\",\"inLanguage\":\"fr-FR\",\"@id\":\"https:\\\/\\\/www.efk.admin.ch\\\/fr\\\/#\\\/schema\\\/logo\\\/image\\\/\",\"url\":\"https:\\\/\\\/www.efk.admin.ch\\\/wp-content\\\/uploads\\\/efk_cdf_logo_ohne_claim.png\",\"contentUrl\":\"https:\\\/\\\/www.efk.admin.ch\\\/wp-content\\\/uploads\\\/efk_cdf_logo_ohne_claim.png\",\"width\":268,\"height\":258,\"caption\":\"Contr\u00f4le f\u00e9d\u00e9ral des finances (CDF)\"},\"image\":{\"@id\":\"https:\\\/\\\/www.efk.admin.ch\\\/fr\\\/#\\\/schema\\\/logo\\\/image\\\/\"},\"sameAs\":[\"https:\\\/\\\/www.instagram.com\\\/efk_cdf_sfao\\\/\",\"https:\\\/\\\/www.youtube.com\\\/channel\\\/UCm-bXj227VE5sJzhB-ihdvw\\\/featured\",\"https:\\\/\\\/www.linkedin.com\\\/company\\\/11081578\\\/\"]},{\"@type\":\"Person\",\"@id\":\"https:\\\/\\\/www.efk.admin.ch\\\/fr\\\/#\\\/schema\\\/person\\\/64fde6b991e45272f0a47bcf8064e250\",\"name\":\"Daniel Puric\",\"image\":{\"@type\":\"ImageObject\",\"inLanguage\":\"fr-FR\",\"@id\":\"https:\\\/\\\/secure.gravatar.com\\\/avatar\\\/ffe31efa04db8f0faef01a94938996b689c09581aa45caed65155c9e3cb70af3?s=96&d=mm&r=g\",\"url\":\"https:\\\/\\\/secure.gravatar.com\\\/avatar\\\/ffe31efa04db8f0faef01a94938996b689c09581aa45caed65155c9e3cb70af3?s=96&d=mm&r=g\",\"contentUrl\":\"https:\\\/\\\/secure.gravatar.com\\\/avatar\\\/ffe31efa04db8f0faef01a94938996b689c09581aa45caed65155c9e3cb70af3?s=96&d=mm&r=g\",\"caption\":\"Daniel Puric\"},\"url\":\"https:\\\/\\\/www.efk.admin.ch\\\/fr\\\/author\\\/daniel-puric\\\/\"}]}<\/script>\n<!-- \/ Yoast SEO Premium plugin. -->","yoast_head_json":{"title":"La qualit\u00e9 des messages du Conseil f\u00e9d\u00e9ral est dans l\u2019ensemble satisfaisante - Contr\u00f4le f\u00e9d\u00e9ral des finances (CDF)","robots":{"index":"index","follow":"follow","max-snippet":"max-snippet:-1","max-image-preview":"max-image-preview:large","max-video-preview":"max-video-preview:-1"},"canonical":"https:\/\/www.efk.admin.ch\/fr\/automatisch-gespeicherter-entwurf-4\/","og_locale":"fr_FR","og_type":"article","og_title":"La qualit\u00e9 des messages du Conseil f\u00e9d\u00e9ral est dans l\u2019ensemble satisfaisante","og_description":"Le Contr\u00f4le f\u00e9d\u00e9ral des finances (CDF) a analys\u00e9 50 messages du Conseil f\u00e9d\u00e9ral des ann\u00e9es 2007 \u00e0 2014. Il s\u2019agissait d\u2019\u00e9valuer la qualit\u00e9 des pr\u00e9visions que contiennent ces documents. Quel sera l\u2019impact d\u2019une nouvelle loi sur l\u2019environnement, sur la soci\u00e9t\u00e9, sur l\u2019\u00e9conomie, sur les cantons ou sur les finances f\u00e9d\u00e9rales ? L\u2019\u00e9valuation donne une image [&hellip;]","og_url":"https:\/\/www.efk.admin.ch\/fr\/automatisch-gespeicherter-entwurf-4\/","og_site_name":"Contr\u00f4le f\u00e9d\u00e9ral des finances (CDF)","article_published_time":"2017-02-09T05:00:00+00:00","article_modified_time":"2024-07-26T10:38:21+00:00","og_image":[{"width":750,"height":500,"url":"https:\/\/www.efk.admin.ch\/wp-content\/uploads\/test\/palais.jpg","type":"image\/jpeg"}],"author":"Daniel Puric","twitter_card":"summary_large_image","twitter_misc":{"\u00c9crit par":"Daniel Puric","Dur\u00e9e de lecture estim\u00e9e":"2 minutes"},"schema":{"@context":"https:\/\/schema.org","@graph":[{"@type":"Article","@id":"https:\/\/www.efk.admin.ch\/fr\/automatisch-gespeicherter-entwurf-4\/#article","isPartOf":{"@id":"https:\/\/www.efk.admin.ch\/fr\/automatisch-gespeicherter-entwurf-4\/"},"author":{"name":"Daniel Puric","@id":"https:\/\/www.efk.admin.ch\/fr\/#\/schema\/person\/64fde6b991e45272f0a47bcf8064e250"},"headline":"La qualit\u00e9 des messages du Conseil f\u00e9d\u00e9ral est dans l\u2019ensemble satisfaisante","datePublished":"2017-02-09T05:00:00+00:00","dateModified":"2024-07-26T10:38:21+00:00","mainEntityOfPage":{"@id":"https:\/\/www.efk.admin.ch\/fr\/automatisch-gespeicherter-entwurf-4\/"},"wordCount":294,"publisher":{"@id":"https:\/\/www.efk.admin.ch\/fr\/#organization"},"articleSection":["Communiqu\u00e9 de presse","CDF"],"inLanguage":"fr-FR"},{"@type":"WebPage","@id":"https:\/\/www.efk.admin.ch\/fr\/automatisch-gespeicherter-entwurf-4\/","url":"https:\/\/www.efk.admin.ch\/fr\/automatisch-gespeicherter-entwurf-4\/","name":"La qualit\u00e9 des messages du Conseil f\u00e9d\u00e9ral est dans l\u2019ensemble satisfaisante - Contr\u00f4le f\u00e9d\u00e9ral des finances (CDF)","isPartOf":{"@id":"https:\/\/www.efk.admin.ch\/fr\/#website"},"datePublished":"2017-02-09T05:00:00+00:00","dateModified":"2024-07-26T10:38:21+00:00","breadcrumb":{"@id":"https:\/\/www.efk.admin.ch\/fr\/automatisch-gespeicherter-entwurf-4\/#breadcrumb"},"inLanguage":"fr-FR","potentialAction":[{"@type":"ReadAction","target":["https:\/\/www.efk.admin.ch\/fr\/automatisch-gespeicherter-entwurf-4\/"]}]},{"@type":"BreadcrumbList","@id":"https:\/\/www.efk.admin.ch\/fr\/automatisch-gespeicherter-entwurf-4\/#breadcrumb","itemListElement":[{"@type":"ListItem","position":1,"name":"Home","item":"https:\/\/www.efk.admin.ch\/fr\/"},{"@type":"ListItem","position":2,"name":"La qualit\u00e9 des messages du Conseil f\u00e9d\u00e9ral est dans l\u2019ensemble satisfaisante"}]},{"@type":"WebSite","@id":"https:\/\/www.efk.admin.ch\/fr\/#website","url":"https:\/\/www.efk.admin.ch\/fr\/","name":"Informationen \u00fcber das oberste Finanzaufsichtsorgan der Schweiz","description":"Le Contr\u00f4le f\u00e9d\u00e9ral des finances (CDF) est l'organe supr\u00eame de surveillance financi\u00e8re de la Conf\u00e9d\u00e9ration suisse.","publisher":{"@id":"https:\/\/www.efk.admin.ch\/fr\/#organization"},"alternateName":"EFK","potentialAction":[{"@type":"SearchAction","target":{"@type":"EntryPoint","urlTemplate":"https:\/\/www.efk.admin.ch\/fr\/?s={search_term_string}"},"query-input":{"@type":"PropertyValueSpecification","valueRequired":true,"valueName":"search_term_string"}}],"inLanguage":"fr-FR"},{"@type":"Organization","@id":"https:\/\/www.efk.admin.ch\/fr\/#organization","name":"Contr\u00f4le f\u00e9d\u00e9ral des finances (CDF)","alternateName":"EFK","url":"https:\/\/www.efk.admin.ch\/fr\/","logo":{"@type":"ImageObject","inLanguage":"fr-FR","@id":"https:\/\/www.efk.admin.ch\/fr\/#\/schema\/logo\/image\/","url":"https:\/\/www.efk.admin.ch\/wp-content\/uploads\/efk_cdf_logo_ohne_claim.png","contentUrl":"https:\/\/www.efk.admin.ch\/wp-content\/uploads\/efk_cdf_logo_ohne_claim.png","width":268,"height":258,"caption":"Contr\u00f4le f\u00e9d\u00e9ral des finances (CDF)"},"image":{"@id":"https:\/\/www.efk.admin.ch\/fr\/#\/schema\/logo\/image\/"},"sameAs":["https:\/\/www.instagram.com\/efk_cdf_sfao\/","https:\/\/www.youtube.com\/channel\/UCm-bXj227VE5sJzhB-ihdvw\/featured","https:\/\/www.linkedin.com\/company\/11081578\/"]},{"@type":"Person","@id":"https:\/\/www.efk.admin.ch\/fr\/#\/schema\/person\/64fde6b991e45272f0a47bcf8064e250","name":"Daniel Puric","image":{"@type":"ImageObject","inLanguage":"fr-FR","@id":"https:\/\/secure.gravatar.com\/avatar\/ffe31efa04db8f0faef01a94938996b689c09581aa45caed65155c9e3cb70af3?s=96&d=mm&r=g","url":"https:\/\/secure.gravatar.com\/avatar\/ffe31efa04db8f0faef01a94938996b689c09581aa45caed65155c9e3cb70af3?s=96&d=mm&r=g","contentUrl":"https:\/\/secure.gravatar.com\/avatar\/ffe31efa04db8f0faef01a94938996b689c09581aa45caed65155c9e3cb70af3?s=96&d=mm&r=g","caption":"Daniel Puric"},"url":"https:\/\/www.efk.admin.ch\/fr\/author\/daniel-puric\/"}]}},"_links":{"self":[{"href":"https:\/\/www.efk.admin.ch\/fr\/wp-json\/wp\/v2\/posts\/32743","targetHints":{"allow":["GET"]}}],"collection":[{"href":"https:\/\/www.efk.admin.ch\/fr\/wp-json\/wp\/v2\/posts"}],"about":[{"href":"https:\/\/www.efk.admin.ch\/fr\/wp-json\/wp\/v2\/types\/post"}],"author":[{"embeddable":true,"href":"https:\/\/www.efk.admin.ch\/fr\/wp-json\/wp\/v2\/users\/5"}],"replies":[{"embeddable":true,"href":"https:\/\/www.efk.admin.ch\/fr\/wp-json\/wp\/v2\/comments?post=32743"}],"version-history":[{"count":1,"href":"https:\/\/www.efk.admin.ch\/fr\/wp-json\/wp\/v2\/posts\/32743\/revisions"}],"predecessor-version":[{"id":32744,"href":"https:\/\/www.efk.admin.ch\/fr\/wp-json\/wp\/v2\/posts\/32743\/revisions\/32744"}],"wp:attachment":[{"href":"https:\/\/www.efk.admin.ch\/fr\/wp-json\/wp\/v2\/media?parent=32743"}],"wp:term":[{"taxonomy":"category","embeddable":true,"href":"https:\/\/www.efk.admin.ch\/fr\/wp-json\/wp\/v2\/categories?post=32743"},{"taxonomy":"post_tag","embeddable":true,"href":"https:\/\/www.efk.admin.ch\/fr\/wp-json\/wp\/v2\/tags?post=32743"}],"curies":[{"name":"wp","href":"https:\/\/api.w.org\/{rel}","templated":true}]}}