{"id":32713,"date":"2017-06-08T06:00:00","date_gmt":"2017-06-08T04:00:00","guid":{"rendered":"https:\/\/www.efk.admin.ch\/?p=32713"},"modified":"2024-07-26T11:56:38","modified_gmt":"2024-07-26T09:56:38","slug":"automatisch-gespeicherter-entwurf-3","status":"publish","type":"post","link":"https:\/\/www.efk.admin.ch\/fr\/automatisch-gespeicherter-entwurf-3\/","title":{"rendered":"Nouvelle plateforme s\u00e9curis\u00e9e pour les lanceurs d\u2019alerte de l\u2019administration f\u00e9d\u00e9rale"},"content":{"rendered":"\n<p>Le Contr\u00f4le f\u00e9d\u00e9ral des finances (CDF) est la porte d\u2019entr\u00e9e officielle des lanceurs d\u2019alerte pour l\u2019administration (whistleblowing). Apr\u00e8s six ans d\u2019exp\u00e9rience, le CDF inaugure une nouvelle plateforme en ligne. Son but: \u00e9changer de fa\u00e7on anonyme, ind\u00e9pendante et s\u00e9curis\u00e9e avec les employ\u00e9s, les fournisseurs, les contribuables et toute personne qui veut am\u00e9liorer l\u2019efficience de l\u2019administration et combattre la fraude et la corruption.<\/p>\n\n\n\n<p>Le CDF exerce la surveillance financi\u00e8re sur l\u2019administration f\u00e9d\u00e9rale. Chaque ann\u00e9e, il d\u00e9finit en toute ind\u00e9pendance son programme d\u2019audit. Il porte aussi un regard critique sur l\u2019administration f\u00e9d\u00e9rale d\u00e9centralis\u00e9e. Il est donc le mieux \u00e0 m\u00eame de v\u00e9rifier discr\u00e8tement le bien-fond\u00e9 de signalements re\u00e7us par des lanceurs d\u2019alerte. Le CDF pr\u00e9serve \u00e9galement l\u2019anonymat des lanceurs d\u2019alerte, des employ\u00e9s f\u00e9d\u00e9raux ou des particuliers.<\/p>\n\n\n\n<p>En clair, les irr\u00e9gularit\u00e9s pr\u00e9sum\u00e9es peuvent \u00eatre annonc\u00e9es au CDF, qui est l\u2019organe pr\u00e9vu par la loi (art. 22a de la loi sur le personnel de la Conf\u00e9d\u00e9ration). Aucune preuve n\u2019est n\u00e9cessaire. Toute personne peut le faire de mani\u00e8re anonyme et en toute s\u00e9curit\u00e9 sur la plateforme en ligne <a href=\"http:\/\/www.whistleblowing.admin.ch\" target=\"_blank\" rel=\"noreferrer noopener\">www.whistleblowing.admin.ch<\/a>. Les informations re\u00e7ues seront trait\u00e9es avec diligence, s\u00e9rieux et confidentialit\u00e9.<\/p>\n\n\n\n<p>Par le pass\u00e9, plus de la moiti\u00e9 des cas signal\u00e9s au CDF lui ont permis d\u2019\u00eatre plus efficient et efficace dans ses audits. Ces informations facilitent la d\u00e9couverte de constats plus pr\u00e9cis et \u00e9tay\u00e9s, de m\u00eame que la formulation de recommandations cibl\u00e9es ou la prise de mesures rapides et ad\u00e9quates. En outre, les lanceurs d\u2019alerte qui se sont adress\u00e9s au CDF sont prot\u00e9g\u00e9s. La seule condition est de ne pas rompre la confiance et le droit de diligence de l\u2019employ\u00e9 avec son employeur, par exemple en communiquant avec la presse.<\/p>\n","protected":false},"excerpt":{"rendered":"<p>Le Contr\u00f4le f\u00e9d\u00e9ral des finances (CDF) est la porte d\u2019entr\u00e9e officielle des lanceurs d\u2019alerte pour l\u2019administration (whistleblowing). Apr\u00e8s six ans d\u2019exp\u00e9rience, le CDF inaugure une nouvelle plateforme en ligne. Son but: \u00e9changer de fa\u00e7on anonyme, ind\u00e9pendante et s\u00e9curis\u00e9e avec les employ\u00e9s, les fournisseurs, les contribuables et toute personne qui veut am\u00e9liorer l\u2019efficience de l\u2019administration et [&hellip;]<\/p>\n","protected":false},"author":5,"featured_media":0,"comment_status":"closed","ping_status":"closed","sticky":false,"template":"","format":"standard","meta":{"_acf_changed":false,"footnotes":""},"categories":[213,239],"tags":[],"class_list":["post-32713","post","type-post","status-publish","format-standard","hentry","category-communique-de-presse","category-cdf"],"acf":[],"yoast_head":"<!-- This site is optimized with the Yoast SEO Premium plugin v27.4 (Yoast SEO v27.4) - https:\/\/yoast.com\/product\/yoast-seo-premium-wordpress\/ -->\n<title>Nouvelle plateforme s\u00e9curis\u00e9e pour les lanceurs d\u2019alerte de l\u2019administration f\u00e9d\u00e9rale - Contr\u00f4le f\u00e9d\u00e9ral des finances (CDF)<\/title>\n<meta name=\"robots\" content=\"index, follow, max-snippet:-1, max-image-preview:large, max-video-preview:-1\" \/>\n<link rel=\"canonical\" href=\"https:\/\/www.efk.admin.ch\/fr\/automatisch-gespeicherter-entwurf-3\/\" \/>\n<meta property=\"og:locale\" content=\"fr_FR\" \/>\n<meta property=\"og:type\" content=\"article\" \/>\n<meta property=\"og:title\" content=\"Nouvelle plateforme s\u00e9curis\u00e9e pour les lanceurs d\u2019alerte de l\u2019administration f\u00e9d\u00e9rale\" \/>\n<meta property=\"og:description\" content=\"Le Contr\u00f4le f\u00e9d\u00e9ral des finances (CDF) est la porte d\u2019entr\u00e9e officielle des lanceurs d\u2019alerte pour l\u2019administration (whistleblowing). Apr\u00e8s six ans d\u2019exp\u00e9rience, le CDF inaugure une nouvelle plateforme en ligne. Son but: \u00e9changer de fa\u00e7on anonyme, ind\u00e9pendante et s\u00e9curis\u00e9e avec les employ\u00e9s, les fournisseurs, les contribuables et toute personne qui veut am\u00e9liorer l\u2019efficience de l\u2019administration et [&hellip;]\" \/>\n<meta property=\"og:url\" content=\"https:\/\/www.efk.admin.ch\/fr\/automatisch-gespeicherter-entwurf-3\/\" \/>\n<meta property=\"og:site_name\" content=\"Contr\u00f4le f\u00e9d\u00e9ral des finances (CDF)\" \/>\n<meta property=\"article:published_time\" content=\"2017-06-08T04:00:00+00:00\" \/>\n<meta property=\"article:modified_time\" content=\"2024-07-26T09:56:38+00:00\" \/>\n<meta property=\"og:image\" content=\"https:\/\/www.efk.admin.ch\/wp-content\/uploads\/test\/palais.jpg\" \/>\n\t<meta property=\"og:image:width\" content=\"750\" \/>\n\t<meta property=\"og:image:height\" content=\"500\" \/>\n\t<meta property=\"og:image:type\" content=\"image\/jpeg\" \/>\n<meta name=\"author\" content=\"Daniel Puric\" \/>\n<meta name=\"twitter:card\" content=\"summary_large_image\" \/>\n<meta name=\"twitter:label1\" content=\"\u00c9crit par\" \/>\n\t<meta name=\"twitter:data1\" content=\"Daniel Puric\" \/>\n\t<meta name=\"twitter:label2\" content=\"Dur\u00e9e de lecture estim\u00e9e\" \/>\n\t<meta name=\"twitter:data2\" content=\"2 minutes\" \/>\n<script type=\"application\/ld+json\" class=\"yoast-schema-graph\">{\"@context\":\"https:\\\/\\\/schema.org\",\"@graph\":[{\"@type\":\"Article\",\"@id\":\"https:\\\/\\\/www.efk.admin.ch\\\/fr\\\/automatisch-gespeicherter-entwurf-3\\\/#article\",\"isPartOf\":{\"@id\":\"https:\\\/\\\/www.efk.admin.ch\\\/fr\\\/automatisch-gespeicherter-entwurf-3\\\/\"},\"author\":{\"name\":\"Daniel Puric\",\"@id\":\"https:\\\/\\\/www.efk.admin.ch\\\/fr\\\/#\\\/schema\\\/person\\\/64fde6b991e45272f0a47bcf8064e250\"},\"headline\":\"Nouvelle plateforme s\u00e9curis\u00e9e pour les lanceurs d\u2019alerte de l\u2019administration f\u00e9d\u00e9rale\",\"datePublished\":\"2017-06-08T04:00:00+00:00\",\"dateModified\":\"2024-07-26T09:56:38+00:00\",\"mainEntityOfPage\":{\"@id\":\"https:\\\/\\\/www.efk.admin.ch\\\/fr\\\/automatisch-gespeicherter-entwurf-3\\\/\"},\"wordCount\":362,\"publisher\":{\"@id\":\"https:\\\/\\\/www.efk.admin.ch\\\/fr\\\/#organization\"},\"articleSection\":[\"Communiqu\u00e9 de presse\",\"CDF\"],\"inLanguage\":\"fr-FR\"},{\"@type\":\"WebPage\",\"@id\":\"https:\\\/\\\/www.efk.admin.ch\\\/fr\\\/automatisch-gespeicherter-entwurf-3\\\/\",\"url\":\"https:\\\/\\\/www.efk.admin.ch\\\/fr\\\/automatisch-gespeicherter-entwurf-3\\\/\",\"name\":\"Nouvelle plateforme s\u00e9curis\u00e9e pour les lanceurs d\u2019alerte de l\u2019administration f\u00e9d\u00e9rale - Contr\u00f4le f\u00e9d\u00e9ral des finances (CDF)\",\"isPartOf\":{\"@id\":\"https:\\\/\\\/www.efk.admin.ch\\\/fr\\\/#website\"},\"datePublished\":\"2017-06-08T04:00:00+00:00\",\"dateModified\":\"2024-07-26T09:56:38+00:00\",\"breadcrumb\":{\"@id\":\"https:\\\/\\\/www.efk.admin.ch\\\/fr\\\/automatisch-gespeicherter-entwurf-3\\\/#breadcrumb\"},\"inLanguage\":\"fr-FR\",\"potentialAction\":[{\"@type\":\"ReadAction\",\"target\":[\"https:\\\/\\\/www.efk.admin.ch\\\/fr\\\/automatisch-gespeicherter-entwurf-3\\\/\"]}]},{\"@type\":\"BreadcrumbList\",\"@id\":\"https:\\\/\\\/www.efk.admin.ch\\\/fr\\\/automatisch-gespeicherter-entwurf-3\\\/#breadcrumb\",\"itemListElement\":[{\"@type\":\"ListItem\",\"position\":1,\"name\":\"Home\",\"item\":\"https:\\\/\\\/www.efk.admin.ch\\\/fr\\\/\"},{\"@type\":\"ListItem\",\"position\":2,\"name\":\"Nouvelle plateforme s\u00e9curis\u00e9e pour les lanceurs d\u2019alerte de l\u2019administration f\u00e9d\u00e9rale\"}]},{\"@type\":\"WebSite\",\"@id\":\"https:\\\/\\\/www.efk.admin.ch\\\/fr\\\/#website\",\"url\":\"https:\\\/\\\/www.efk.admin.ch\\\/fr\\\/\",\"name\":\"Informationen \u00fcber das oberste Finanzaufsichtsorgan der Schweiz\",\"description\":\"Le Contr\u00f4le f\u00e9d\u00e9ral des finances (CDF) est l'organe supr\u00eame de surveillance financi\u00e8re de la Conf\u00e9d\u00e9ration suisse.\",\"publisher\":{\"@id\":\"https:\\\/\\\/www.efk.admin.ch\\\/fr\\\/#organization\"},\"alternateName\":\"EFK\",\"potentialAction\":[{\"@type\":\"SearchAction\",\"target\":{\"@type\":\"EntryPoint\",\"urlTemplate\":\"https:\\\/\\\/www.efk.admin.ch\\\/fr\\\/?s={search_term_string}\"},\"query-input\":{\"@type\":\"PropertyValueSpecification\",\"valueRequired\":true,\"valueName\":\"search_term_string\"}}],\"inLanguage\":\"fr-FR\"},{\"@type\":\"Organization\",\"@id\":\"https:\\\/\\\/www.efk.admin.ch\\\/fr\\\/#organization\",\"name\":\"Contr\u00f4le f\u00e9d\u00e9ral des finances (CDF)\",\"alternateName\":\"EFK\",\"url\":\"https:\\\/\\\/www.efk.admin.ch\\\/fr\\\/\",\"logo\":{\"@type\":\"ImageObject\",\"inLanguage\":\"fr-FR\",\"@id\":\"https:\\\/\\\/www.efk.admin.ch\\\/fr\\\/#\\\/schema\\\/logo\\\/image\\\/\",\"url\":\"https:\\\/\\\/www.efk.admin.ch\\\/wp-content\\\/uploads\\\/efk_cdf_logo_ohne_claim.png\",\"contentUrl\":\"https:\\\/\\\/www.efk.admin.ch\\\/wp-content\\\/uploads\\\/efk_cdf_logo_ohne_claim.png\",\"width\":268,\"height\":258,\"caption\":\"Contr\u00f4le f\u00e9d\u00e9ral des finances (CDF)\"},\"image\":{\"@id\":\"https:\\\/\\\/www.efk.admin.ch\\\/fr\\\/#\\\/schema\\\/logo\\\/image\\\/\"},\"sameAs\":[\"https:\\\/\\\/www.instagram.com\\\/efk_cdf_sfao\\\/\",\"https:\\\/\\\/www.youtube.com\\\/channel\\\/UCm-bXj227VE5sJzhB-ihdvw\\\/featured\",\"https:\\\/\\\/www.linkedin.com\\\/company\\\/11081578\\\/\"]},{\"@type\":\"Person\",\"@id\":\"https:\\\/\\\/www.efk.admin.ch\\\/fr\\\/#\\\/schema\\\/person\\\/64fde6b991e45272f0a47bcf8064e250\",\"name\":\"Daniel Puric\",\"image\":{\"@type\":\"ImageObject\",\"inLanguage\":\"fr-FR\",\"@id\":\"https:\\\/\\\/secure.gravatar.com\\\/avatar\\\/ffe31efa04db8f0faef01a94938996b689c09581aa45caed65155c9e3cb70af3?s=96&d=mm&r=g\",\"url\":\"https:\\\/\\\/secure.gravatar.com\\\/avatar\\\/ffe31efa04db8f0faef01a94938996b689c09581aa45caed65155c9e3cb70af3?s=96&d=mm&r=g\",\"contentUrl\":\"https:\\\/\\\/secure.gravatar.com\\\/avatar\\\/ffe31efa04db8f0faef01a94938996b689c09581aa45caed65155c9e3cb70af3?s=96&d=mm&r=g\",\"caption\":\"Daniel Puric\"},\"url\":\"https:\\\/\\\/www.efk.admin.ch\\\/fr\\\/author\\\/daniel-puric\\\/\"}]}<\/script>\n<!-- \/ Yoast SEO Premium plugin. -->","yoast_head_json":{"title":"Nouvelle plateforme s\u00e9curis\u00e9e pour les lanceurs d\u2019alerte de l\u2019administration f\u00e9d\u00e9rale - Contr\u00f4le f\u00e9d\u00e9ral des finances (CDF)","robots":{"index":"index","follow":"follow","max-snippet":"max-snippet:-1","max-image-preview":"max-image-preview:large","max-video-preview":"max-video-preview:-1"},"canonical":"https:\/\/www.efk.admin.ch\/fr\/automatisch-gespeicherter-entwurf-3\/","og_locale":"fr_FR","og_type":"article","og_title":"Nouvelle plateforme s\u00e9curis\u00e9e pour les lanceurs d\u2019alerte de l\u2019administration f\u00e9d\u00e9rale","og_description":"Le Contr\u00f4le f\u00e9d\u00e9ral des finances (CDF) est la porte d\u2019entr\u00e9e officielle des lanceurs d\u2019alerte pour l\u2019administration (whistleblowing). Apr\u00e8s six ans d\u2019exp\u00e9rience, le CDF inaugure une nouvelle plateforme en ligne. Son but: \u00e9changer de fa\u00e7on anonyme, ind\u00e9pendante et s\u00e9curis\u00e9e avec les employ\u00e9s, les fournisseurs, les contribuables et toute personne qui veut am\u00e9liorer l\u2019efficience de l\u2019administration et [&hellip;]","og_url":"https:\/\/www.efk.admin.ch\/fr\/automatisch-gespeicherter-entwurf-3\/","og_site_name":"Contr\u00f4le f\u00e9d\u00e9ral des finances (CDF)","article_published_time":"2017-06-08T04:00:00+00:00","article_modified_time":"2024-07-26T09:56:38+00:00","og_image":[{"width":750,"height":500,"url":"https:\/\/www.efk.admin.ch\/wp-content\/uploads\/test\/palais.jpg","type":"image\/jpeg"}],"author":"Daniel Puric","twitter_card":"summary_large_image","twitter_misc":{"\u00c9crit par":"Daniel Puric","Dur\u00e9e de lecture estim\u00e9e":"2 minutes"},"schema":{"@context":"https:\/\/schema.org","@graph":[{"@type":"Article","@id":"https:\/\/www.efk.admin.ch\/fr\/automatisch-gespeicherter-entwurf-3\/#article","isPartOf":{"@id":"https:\/\/www.efk.admin.ch\/fr\/automatisch-gespeicherter-entwurf-3\/"},"author":{"name":"Daniel Puric","@id":"https:\/\/www.efk.admin.ch\/fr\/#\/schema\/person\/64fde6b991e45272f0a47bcf8064e250"},"headline":"Nouvelle plateforme s\u00e9curis\u00e9e pour les lanceurs d\u2019alerte de l\u2019administration f\u00e9d\u00e9rale","datePublished":"2017-06-08T04:00:00+00:00","dateModified":"2024-07-26T09:56:38+00:00","mainEntityOfPage":{"@id":"https:\/\/www.efk.admin.ch\/fr\/automatisch-gespeicherter-entwurf-3\/"},"wordCount":362,"publisher":{"@id":"https:\/\/www.efk.admin.ch\/fr\/#organization"},"articleSection":["Communiqu\u00e9 de presse","CDF"],"inLanguage":"fr-FR"},{"@type":"WebPage","@id":"https:\/\/www.efk.admin.ch\/fr\/automatisch-gespeicherter-entwurf-3\/","url":"https:\/\/www.efk.admin.ch\/fr\/automatisch-gespeicherter-entwurf-3\/","name":"Nouvelle plateforme s\u00e9curis\u00e9e pour les lanceurs d\u2019alerte de l\u2019administration f\u00e9d\u00e9rale - Contr\u00f4le f\u00e9d\u00e9ral des finances (CDF)","isPartOf":{"@id":"https:\/\/www.efk.admin.ch\/fr\/#website"},"datePublished":"2017-06-08T04:00:00+00:00","dateModified":"2024-07-26T09:56:38+00:00","breadcrumb":{"@id":"https:\/\/www.efk.admin.ch\/fr\/automatisch-gespeicherter-entwurf-3\/#breadcrumb"},"inLanguage":"fr-FR","potentialAction":[{"@type":"ReadAction","target":["https:\/\/www.efk.admin.ch\/fr\/automatisch-gespeicherter-entwurf-3\/"]}]},{"@type":"BreadcrumbList","@id":"https:\/\/www.efk.admin.ch\/fr\/automatisch-gespeicherter-entwurf-3\/#breadcrumb","itemListElement":[{"@type":"ListItem","position":1,"name":"Home","item":"https:\/\/www.efk.admin.ch\/fr\/"},{"@type":"ListItem","position":2,"name":"Nouvelle plateforme s\u00e9curis\u00e9e pour les lanceurs d\u2019alerte de l\u2019administration f\u00e9d\u00e9rale"}]},{"@type":"WebSite","@id":"https:\/\/www.efk.admin.ch\/fr\/#website","url":"https:\/\/www.efk.admin.ch\/fr\/","name":"Informationen \u00fcber das oberste Finanzaufsichtsorgan der Schweiz","description":"Le Contr\u00f4le f\u00e9d\u00e9ral des finances (CDF) est l'organe supr\u00eame de surveillance financi\u00e8re de la Conf\u00e9d\u00e9ration suisse.","publisher":{"@id":"https:\/\/www.efk.admin.ch\/fr\/#organization"},"alternateName":"EFK","potentialAction":[{"@type":"SearchAction","target":{"@type":"EntryPoint","urlTemplate":"https:\/\/www.efk.admin.ch\/fr\/?s={search_term_string}"},"query-input":{"@type":"PropertyValueSpecification","valueRequired":true,"valueName":"search_term_string"}}],"inLanguage":"fr-FR"},{"@type":"Organization","@id":"https:\/\/www.efk.admin.ch\/fr\/#organization","name":"Contr\u00f4le f\u00e9d\u00e9ral des finances (CDF)","alternateName":"EFK","url":"https:\/\/www.efk.admin.ch\/fr\/","logo":{"@type":"ImageObject","inLanguage":"fr-FR","@id":"https:\/\/www.efk.admin.ch\/fr\/#\/schema\/logo\/image\/","url":"https:\/\/www.efk.admin.ch\/wp-content\/uploads\/efk_cdf_logo_ohne_claim.png","contentUrl":"https:\/\/www.efk.admin.ch\/wp-content\/uploads\/efk_cdf_logo_ohne_claim.png","width":268,"height":258,"caption":"Contr\u00f4le f\u00e9d\u00e9ral des finances (CDF)"},"image":{"@id":"https:\/\/www.efk.admin.ch\/fr\/#\/schema\/logo\/image\/"},"sameAs":["https:\/\/www.instagram.com\/efk_cdf_sfao\/","https:\/\/www.youtube.com\/channel\/UCm-bXj227VE5sJzhB-ihdvw\/featured","https:\/\/www.linkedin.com\/company\/11081578\/"]},{"@type":"Person","@id":"https:\/\/www.efk.admin.ch\/fr\/#\/schema\/person\/64fde6b991e45272f0a47bcf8064e250","name":"Daniel Puric","image":{"@type":"ImageObject","inLanguage":"fr-FR","@id":"https:\/\/secure.gravatar.com\/avatar\/ffe31efa04db8f0faef01a94938996b689c09581aa45caed65155c9e3cb70af3?s=96&d=mm&r=g","url":"https:\/\/secure.gravatar.com\/avatar\/ffe31efa04db8f0faef01a94938996b689c09581aa45caed65155c9e3cb70af3?s=96&d=mm&r=g","contentUrl":"https:\/\/secure.gravatar.com\/avatar\/ffe31efa04db8f0faef01a94938996b689c09581aa45caed65155c9e3cb70af3?s=96&d=mm&r=g","caption":"Daniel Puric"},"url":"https:\/\/www.efk.admin.ch\/fr\/author\/daniel-puric\/"}]}},"_links":{"self":[{"href":"https:\/\/www.efk.admin.ch\/fr\/wp-json\/wp\/v2\/posts\/32713","targetHints":{"allow":["GET"]}}],"collection":[{"href":"https:\/\/www.efk.admin.ch\/fr\/wp-json\/wp\/v2\/posts"}],"about":[{"href":"https:\/\/www.efk.admin.ch\/fr\/wp-json\/wp\/v2\/types\/post"}],"author":[{"embeddable":true,"href":"https:\/\/www.efk.admin.ch\/fr\/wp-json\/wp\/v2\/users\/5"}],"replies":[{"embeddable":true,"href":"https:\/\/www.efk.admin.ch\/fr\/wp-json\/wp\/v2\/comments?post=32713"}],"version-history":[{"count":4,"href":"https:\/\/www.efk.admin.ch\/fr\/wp-json\/wp\/v2\/posts\/32713\/revisions"}],"predecessor-version":[{"id":32720,"href":"https:\/\/www.efk.admin.ch\/fr\/wp-json\/wp\/v2\/posts\/32713\/revisions\/32720"}],"wp:attachment":[{"href":"https:\/\/www.efk.admin.ch\/fr\/wp-json\/wp\/v2\/media?parent=32713"}],"wp:term":[{"taxonomy":"category","embeddable":true,"href":"https:\/\/www.efk.admin.ch\/fr\/wp-json\/wp\/v2\/categories?post=32713"},{"taxonomy":"post_tag","embeddable":true,"href":"https:\/\/www.efk.admin.ch\/fr\/wp-json\/wp\/v2\/tags?post=32713"}],"curies":[{"name":"wp","href":"https:\/\/api.w.org\/{rel}","templated":true}]}}