{"id":32685,"date":"2017-10-05T06:00:00","date_gmt":"2017-10-05T04:00:00","guid":{"rendered":"https:\/\/www.efk.admin.ch\/?p=32685"},"modified":"2024-07-26T07:59:02","modified_gmt":"2024-07-26T05:59:02","slug":"automatisch-gespeicherter-entwurf-2","status":"publish","type":"post","link":"https:\/\/www.efk.admin.ch\/fr\/automatisch-gespeicherter-entwurf-2\/","title":{"rendered":"Des comptes f\u00e9d\u00e9raux biens tenus, mais pas sans risques"},"content":{"rendered":"\n<p>Le Contr\u00f4le f\u00e9d\u00e9ral des finances (CDF) a attest\u00e9 de la conformit\u00e9 des comptes f\u00e9d\u00e9raux de 2016. Il a recommand\u00e9 leur approbation aux Chambres f\u00e9d\u00e9rales. Pour les auditeurs du CDF, la tenue de ces comptes f\u00e9d\u00e9raux est bonne. Plusieurs dossiers sont n\u00e9anmoins susceptibles de les impacter.<\/p>\n\n\n\n<p>Publi\u00e9 ce jour, le rapport d\u2019audit d\u00e9taill\u00e9 sur le compte d\u2019Etat de la Conf\u00e9d\u00e9ration r\u00e9sulte d\u2019un important travail de collaboration entre le CDF et ses partenaires de l\u2019administration f\u00e9d\u00e9rale. En 2016, le bilan du compte d\u2019Etat s\u2019\u00e9l\u00e8ve \u00e0 106 843 millions de francs. On lit 65 877 millions de revenus pour 64 891 millions de charges. S\u2019ajoute encore un r\u00e9sultat financier n\u00e9gatif de 1352 millions et un revenu extraordinaire de 300 millions. Le compte de r\u00e9sultats affiche ainsi 66 millions de d\u00e9ficit. Organe de r\u00e9vision, le CDF a attest\u00e9 de la conformit\u00e9 et de la r\u00e9gularit\u00e9 de ces comptes.<\/p>\n\n\n\n<p>Les travaux men\u00e9s par le CDF ont aussi permis de confirmer sans r\u00e9serve l\u2019existence d\u2019un syst\u00e8me de contr\u00f4le interne \u00e0 l\u2019administration f\u00e9d\u00e9rale. Ce syst\u00e8me de contr\u00f4le contribue \u00e0 \u00e9tablir des comptes de qualit\u00e9. L\u2019Administration f\u00e9d\u00e9rale des finances (AFF) et les autres unit\u00e9s administratives audit\u00e9es ont r\u00e9alis\u00e9 des efforts pour am\u00e9liorer la pr\u00e9sentation et la fiabilit\u00e9 des \u00e9tats financiers. L\u2019AFF a mis en \u0153uvre les recommandations du CDF. Deux le seront pour l\u2019exercice 2017.<\/p>\n\n\n\n<h4 class=\"wp-block-heading\">Le compte de la Conf\u00e9d\u00e9ration d\u00e9pend de l\u2019\u00e9volution de plusieurs dossiers<\/h4>\n\n\n\n<p>Pour m\u00e9moire, les comptes 2016 ont \u00e9t\u00e9 grev\u00e9s par 483 millions de charges exc\u00e9dentaires. C\u2019est le r\u00e9sultat d\u2019une modification l\u00e9gislative voulue par le Parlement. Depuis fin septembre 2016, cette modification contraint l\u2019Administration f\u00e9d\u00e9rale des contributions \u00e0 d\u00e9compter ou \u00e0 rembourser les int\u00e9r\u00eats moratoires pris sur l\u2019imp\u00f4t anticip\u00e9. En outre, une provision de 215 millions a \u00e9t\u00e9 constitu\u00e9e pour tenir compte de l\u2019exposition risqu\u00e9e de la Conf\u00e9d\u00e9ration dans les cautionnements maritimes.<\/p>\n\n\n\n<p>Les effets de deux autres dossiers restent encore incertains pour le m\u00e9nage f\u00e9d\u00e9ral. Le premier concerne la taxe sur la valeur ajout\u00e9e (TVA) dans le cadre de la redevance pour la r\u00e9ception des programmes de radio et de t\u00e9l\u00e9vision. Une proc\u00e9dure devant le Tribunal f\u00e9d\u00e9ral pourrait contraindre la Conf\u00e9d\u00e9ration \u00e0 rembourser r\u00e9troactivement la TVA \u00e0 tous les assujettis \u00e0 cette redevance.<\/p>\n\n\n\n<p>Le second dossier tient au financement des mesures d\u2019accompagnement en cas d\u2019accord de libre-\u00e9change agroalimentaire dans le cadre de l\u2019Organisation mondiale du commerce et\/ou de l\u2019Union europ\u00e9enne. Ce financement repose sur des droits de douanes pr\u00e9lev\u00e9s \u00e0 l\u2019importation de produits agricoles et de denr\u00e9es alimentaires. Fin 2016, ce fonds s\u2019\u00e9levait \u00e0 plus de 4628 millions et n\u2019a jamais \u00e9t\u00e9 utilis\u00e9. Les effets d\u2019une ouverture du march\u00e9 font l\u2019objet d\u2019une analyse afin de dire s\u2019il est opportun de prolonger ce financement, limit\u00e9 en principe au 31 d\u00e9cembre 2016.<\/p>\n\n\n\n<p>Le rapport d&#8217;audit PA 17093 est disponible sur le site du CDF :\u00a0<a href=\"http:\/\/www.efk.admin.ch\" target=\"_blank\" rel=\"noreferrer noopener\">www.efk.admin.ch<\/a><\/p>\n","protected":false},"excerpt":{"rendered":"<p>Le Contr\u00f4le f\u00e9d\u00e9ral des finances (CDF) a attest\u00e9 de la conformit\u00e9 des comptes f\u00e9d\u00e9raux de 2016. Il a recommand\u00e9 leur approbation aux Chambres f\u00e9d\u00e9rales. Pour les auditeurs du CDF, la tenue de ces comptes f\u00e9d\u00e9raux est bonne. Plusieurs dossiers sont n\u00e9anmoins susceptibles de les impacter. Publi\u00e9 ce jour, le rapport d\u2019audit d\u00e9taill\u00e9 sur le compte [&hellip;]<\/p>\n","protected":false},"author":5,"featured_media":0,"comment_status":"closed","ping_status":"closed","sticky":false,"template":"","format":"standard","meta":{"_acf_changed":false,"footnotes":""},"categories":[213,239],"tags":[],"class_list":["post-32685","post","type-post","status-publish","format-standard","hentry","category-communique-de-presse","category-cdf"],"acf":[],"yoast_head":"<!-- This site is optimized with the Yoast SEO Premium plugin v27.4 (Yoast SEO v27.4) - https:\/\/yoast.com\/product\/yoast-seo-premium-wordpress\/ -->\n<title>Des comptes f\u00e9d\u00e9raux biens tenus, mais pas sans risques - Contr\u00f4le f\u00e9d\u00e9ral des finances (CDF)<\/title>\n<meta name=\"robots\" content=\"index, follow, max-snippet:-1, max-image-preview:large, max-video-preview:-1\" \/>\n<link rel=\"canonical\" href=\"https:\/\/www.efk.admin.ch\/fr\/automatisch-gespeicherter-entwurf-2\/\" \/>\n<meta property=\"og:locale\" content=\"fr_FR\" \/>\n<meta property=\"og:type\" content=\"article\" \/>\n<meta property=\"og:title\" content=\"Des comptes f\u00e9d\u00e9raux biens tenus, mais pas sans risques\" \/>\n<meta property=\"og:description\" content=\"Le Contr\u00f4le f\u00e9d\u00e9ral des finances (CDF) a attest\u00e9 de la conformit\u00e9 des comptes f\u00e9d\u00e9raux de 2016. Il a recommand\u00e9 leur approbation aux Chambres f\u00e9d\u00e9rales. Pour les auditeurs du CDF, la tenue de ces comptes f\u00e9d\u00e9raux est bonne. Plusieurs dossiers sont n\u00e9anmoins susceptibles de les impacter. Publi\u00e9 ce jour, le rapport d\u2019audit d\u00e9taill\u00e9 sur le compte [&hellip;]\" \/>\n<meta property=\"og:url\" content=\"https:\/\/www.efk.admin.ch\/fr\/automatisch-gespeicherter-entwurf-2\/\" \/>\n<meta property=\"og:site_name\" content=\"Contr\u00f4le f\u00e9d\u00e9ral des finances (CDF)\" \/>\n<meta property=\"article:published_time\" content=\"2017-10-05T04:00:00+00:00\" \/>\n<meta property=\"article:modified_time\" content=\"2024-07-26T05:59:02+00:00\" \/>\n<meta property=\"og:image\" content=\"https:\/\/www.efk.admin.ch\/wp-content\/uploads\/test\/palais.jpg\" \/>\n\t<meta property=\"og:image:width\" content=\"750\" \/>\n\t<meta property=\"og:image:height\" content=\"500\" \/>\n\t<meta property=\"og:image:type\" content=\"image\/jpeg\" \/>\n<meta name=\"author\" content=\"Daniel Puric\" \/>\n<meta name=\"twitter:card\" content=\"summary_large_image\" \/>\n<meta name=\"twitter:label1\" content=\"\u00c9crit par\" \/>\n\t<meta name=\"twitter:data1\" content=\"Daniel Puric\" \/>\n\t<meta name=\"twitter:label2\" content=\"Dur\u00e9e de lecture estim\u00e9e\" \/>\n\t<meta name=\"twitter:data2\" content=\"3 minutes\" \/>\n<script type=\"application\/ld+json\" class=\"yoast-schema-graph\">{\"@context\":\"https:\\\/\\\/schema.org\",\"@graph\":[{\"@type\":\"Article\",\"@id\":\"https:\\\/\\\/www.efk.admin.ch\\\/fr\\\/automatisch-gespeicherter-entwurf-2\\\/#article\",\"isPartOf\":{\"@id\":\"https:\\\/\\\/www.efk.admin.ch\\\/fr\\\/automatisch-gespeicherter-entwurf-2\\\/\"},\"author\":{\"name\":\"Daniel Puric\",\"@id\":\"https:\\\/\\\/www.efk.admin.ch\\\/fr\\\/#\\\/schema\\\/person\\\/64fde6b991e45272f0a47bcf8064e250\"},\"headline\":\"Des comptes f\u00e9d\u00e9raux biens tenus, mais pas sans risques\",\"datePublished\":\"2017-10-05T04:00:00+00:00\",\"dateModified\":\"2024-07-26T05:59:02+00:00\",\"mainEntityOfPage\":{\"@id\":\"https:\\\/\\\/www.efk.admin.ch\\\/fr\\\/automatisch-gespeicherter-entwurf-2\\\/\"},\"wordCount\":549,\"publisher\":{\"@id\":\"https:\\\/\\\/www.efk.admin.ch\\\/fr\\\/#organization\"},\"articleSection\":[\"Communiqu\u00e9 de presse\",\"CDF\"],\"inLanguage\":\"fr-FR\"},{\"@type\":\"WebPage\",\"@id\":\"https:\\\/\\\/www.efk.admin.ch\\\/fr\\\/automatisch-gespeicherter-entwurf-2\\\/\",\"url\":\"https:\\\/\\\/www.efk.admin.ch\\\/fr\\\/automatisch-gespeicherter-entwurf-2\\\/\",\"name\":\"Des comptes f\u00e9d\u00e9raux biens tenus, mais pas sans risques - Contr\u00f4le f\u00e9d\u00e9ral des finances (CDF)\",\"isPartOf\":{\"@id\":\"https:\\\/\\\/www.efk.admin.ch\\\/fr\\\/#website\"},\"datePublished\":\"2017-10-05T04:00:00+00:00\",\"dateModified\":\"2024-07-26T05:59:02+00:00\",\"breadcrumb\":{\"@id\":\"https:\\\/\\\/www.efk.admin.ch\\\/fr\\\/automatisch-gespeicherter-entwurf-2\\\/#breadcrumb\"},\"inLanguage\":\"fr-FR\",\"potentialAction\":[{\"@type\":\"ReadAction\",\"target\":[\"https:\\\/\\\/www.efk.admin.ch\\\/fr\\\/automatisch-gespeicherter-entwurf-2\\\/\"]}]},{\"@type\":\"BreadcrumbList\",\"@id\":\"https:\\\/\\\/www.efk.admin.ch\\\/fr\\\/automatisch-gespeicherter-entwurf-2\\\/#breadcrumb\",\"itemListElement\":[{\"@type\":\"ListItem\",\"position\":1,\"name\":\"Home\",\"item\":\"https:\\\/\\\/www.efk.admin.ch\\\/fr\\\/\"},{\"@type\":\"ListItem\",\"position\":2,\"name\":\"Des comptes f\u00e9d\u00e9raux biens tenus, mais pas sans risques\"}]},{\"@type\":\"WebSite\",\"@id\":\"https:\\\/\\\/www.efk.admin.ch\\\/fr\\\/#website\",\"url\":\"https:\\\/\\\/www.efk.admin.ch\\\/fr\\\/\",\"name\":\"Informationen \u00fcber das oberste Finanzaufsichtsorgan der Schweiz\",\"description\":\"Le Contr\u00f4le f\u00e9d\u00e9ral des finances (CDF) est l'organe supr\u00eame de surveillance financi\u00e8re de la Conf\u00e9d\u00e9ration suisse.\",\"publisher\":{\"@id\":\"https:\\\/\\\/www.efk.admin.ch\\\/fr\\\/#organization\"},\"alternateName\":\"EFK\",\"potentialAction\":[{\"@type\":\"SearchAction\",\"target\":{\"@type\":\"EntryPoint\",\"urlTemplate\":\"https:\\\/\\\/www.efk.admin.ch\\\/fr\\\/?s={search_term_string}\"},\"query-input\":{\"@type\":\"PropertyValueSpecification\",\"valueRequired\":true,\"valueName\":\"search_term_string\"}}],\"inLanguage\":\"fr-FR\"},{\"@type\":\"Organization\",\"@id\":\"https:\\\/\\\/www.efk.admin.ch\\\/fr\\\/#organization\",\"name\":\"Contr\u00f4le f\u00e9d\u00e9ral des finances (CDF)\",\"alternateName\":\"EFK\",\"url\":\"https:\\\/\\\/www.efk.admin.ch\\\/fr\\\/\",\"logo\":{\"@type\":\"ImageObject\",\"inLanguage\":\"fr-FR\",\"@id\":\"https:\\\/\\\/www.efk.admin.ch\\\/fr\\\/#\\\/schema\\\/logo\\\/image\\\/\",\"url\":\"https:\\\/\\\/www.efk.admin.ch\\\/wp-content\\\/uploads\\\/efk_cdf_logo_ohne_claim.png\",\"contentUrl\":\"https:\\\/\\\/www.efk.admin.ch\\\/wp-content\\\/uploads\\\/efk_cdf_logo_ohne_claim.png\",\"width\":268,\"height\":258,\"caption\":\"Contr\u00f4le f\u00e9d\u00e9ral des finances (CDF)\"},\"image\":{\"@id\":\"https:\\\/\\\/www.efk.admin.ch\\\/fr\\\/#\\\/schema\\\/logo\\\/image\\\/\"},\"sameAs\":[\"https:\\\/\\\/www.instagram.com\\\/efk_cdf_sfao\\\/\",\"https:\\\/\\\/www.youtube.com\\\/channel\\\/UCm-bXj227VE5sJzhB-ihdvw\\\/featured\",\"https:\\\/\\\/www.linkedin.com\\\/company\\\/11081578\\\/\"]},{\"@type\":\"Person\",\"@id\":\"https:\\\/\\\/www.efk.admin.ch\\\/fr\\\/#\\\/schema\\\/person\\\/64fde6b991e45272f0a47bcf8064e250\",\"name\":\"Daniel Puric\",\"image\":{\"@type\":\"ImageObject\",\"inLanguage\":\"fr-FR\",\"@id\":\"https:\\\/\\\/secure.gravatar.com\\\/avatar\\\/ffe31efa04db8f0faef01a94938996b689c09581aa45caed65155c9e3cb70af3?s=96&d=mm&r=g\",\"url\":\"https:\\\/\\\/secure.gravatar.com\\\/avatar\\\/ffe31efa04db8f0faef01a94938996b689c09581aa45caed65155c9e3cb70af3?s=96&d=mm&r=g\",\"contentUrl\":\"https:\\\/\\\/secure.gravatar.com\\\/avatar\\\/ffe31efa04db8f0faef01a94938996b689c09581aa45caed65155c9e3cb70af3?s=96&d=mm&r=g\",\"caption\":\"Daniel Puric\"},\"url\":\"https:\\\/\\\/www.efk.admin.ch\\\/fr\\\/author\\\/daniel-puric\\\/\"}]}<\/script>\n<!-- \/ Yoast SEO Premium plugin. -->","yoast_head_json":{"title":"Des comptes f\u00e9d\u00e9raux biens tenus, mais pas sans risques - Contr\u00f4le f\u00e9d\u00e9ral des finances (CDF)","robots":{"index":"index","follow":"follow","max-snippet":"max-snippet:-1","max-image-preview":"max-image-preview:large","max-video-preview":"max-video-preview:-1"},"canonical":"https:\/\/www.efk.admin.ch\/fr\/automatisch-gespeicherter-entwurf-2\/","og_locale":"fr_FR","og_type":"article","og_title":"Des comptes f\u00e9d\u00e9raux biens tenus, mais pas sans risques","og_description":"Le Contr\u00f4le f\u00e9d\u00e9ral des finances (CDF) a attest\u00e9 de la conformit\u00e9 des comptes f\u00e9d\u00e9raux de 2016. Il a recommand\u00e9 leur approbation aux Chambres f\u00e9d\u00e9rales. Pour les auditeurs du CDF, la tenue de ces comptes f\u00e9d\u00e9raux est bonne. Plusieurs dossiers sont n\u00e9anmoins susceptibles de les impacter. Publi\u00e9 ce jour, le rapport d\u2019audit d\u00e9taill\u00e9 sur le compte [&hellip;]","og_url":"https:\/\/www.efk.admin.ch\/fr\/automatisch-gespeicherter-entwurf-2\/","og_site_name":"Contr\u00f4le f\u00e9d\u00e9ral des finances (CDF)","article_published_time":"2017-10-05T04:00:00+00:00","article_modified_time":"2024-07-26T05:59:02+00:00","og_image":[{"width":750,"height":500,"url":"https:\/\/www.efk.admin.ch\/wp-content\/uploads\/test\/palais.jpg","type":"image\/jpeg"}],"author":"Daniel Puric","twitter_card":"summary_large_image","twitter_misc":{"\u00c9crit par":"Daniel Puric","Dur\u00e9e de lecture estim\u00e9e":"3 minutes"},"schema":{"@context":"https:\/\/schema.org","@graph":[{"@type":"Article","@id":"https:\/\/www.efk.admin.ch\/fr\/automatisch-gespeicherter-entwurf-2\/#article","isPartOf":{"@id":"https:\/\/www.efk.admin.ch\/fr\/automatisch-gespeicherter-entwurf-2\/"},"author":{"name":"Daniel Puric","@id":"https:\/\/www.efk.admin.ch\/fr\/#\/schema\/person\/64fde6b991e45272f0a47bcf8064e250"},"headline":"Des comptes f\u00e9d\u00e9raux biens tenus, mais pas sans risques","datePublished":"2017-10-05T04:00:00+00:00","dateModified":"2024-07-26T05:59:02+00:00","mainEntityOfPage":{"@id":"https:\/\/www.efk.admin.ch\/fr\/automatisch-gespeicherter-entwurf-2\/"},"wordCount":549,"publisher":{"@id":"https:\/\/www.efk.admin.ch\/fr\/#organization"},"articleSection":["Communiqu\u00e9 de presse","CDF"],"inLanguage":"fr-FR"},{"@type":"WebPage","@id":"https:\/\/www.efk.admin.ch\/fr\/automatisch-gespeicherter-entwurf-2\/","url":"https:\/\/www.efk.admin.ch\/fr\/automatisch-gespeicherter-entwurf-2\/","name":"Des comptes f\u00e9d\u00e9raux biens tenus, mais pas sans risques - Contr\u00f4le f\u00e9d\u00e9ral des finances (CDF)","isPartOf":{"@id":"https:\/\/www.efk.admin.ch\/fr\/#website"},"datePublished":"2017-10-05T04:00:00+00:00","dateModified":"2024-07-26T05:59:02+00:00","breadcrumb":{"@id":"https:\/\/www.efk.admin.ch\/fr\/automatisch-gespeicherter-entwurf-2\/#breadcrumb"},"inLanguage":"fr-FR","potentialAction":[{"@type":"ReadAction","target":["https:\/\/www.efk.admin.ch\/fr\/automatisch-gespeicherter-entwurf-2\/"]}]},{"@type":"BreadcrumbList","@id":"https:\/\/www.efk.admin.ch\/fr\/automatisch-gespeicherter-entwurf-2\/#breadcrumb","itemListElement":[{"@type":"ListItem","position":1,"name":"Home","item":"https:\/\/www.efk.admin.ch\/fr\/"},{"@type":"ListItem","position":2,"name":"Des comptes f\u00e9d\u00e9raux biens tenus, mais pas sans risques"}]},{"@type":"WebSite","@id":"https:\/\/www.efk.admin.ch\/fr\/#website","url":"https:\/\/www.efk.admin.ch\/fr\/","name":"Informationen \u00fcber das oberste Finanzaufsichtsorgan der Schweiz","description":"Le Contr\u00f4le f\u00e9d\u00e9ral des finances (CDF) est l'organe supr\u00eame de surveillance financi\u00e8re de la Conf\u00e9d\u00e9ration suisse.","publisher":{"@id":"https:\/\/www.efk.admin.ch\/fr\/#organization"},"alternateName":"EFK","potentialAction":[{"@type":"SearchAction","target":{"@type":"EntryPoint","urlTemplate":"https:\/\/www.efk.admin.ch\/fr\/?s={search_term_string}"},"query-input":{"@type":"PropertyValueSpecification","valueRequired":true,"valueName":"search_term_string"}}],"inLanguage":"fr-FR"},{"@type":"Organization","@id":"https:\/\/www.efk.admin.ch\/fr\/#organization","name":"Contr\u00f4le f\u00e9d\u00e9ral des finances (CDF)","alternateName":"EFK","url":"https:\/\/www.efk.admin.ch\/fr\/","logo":{"@type":"ImageObject","inLanguage":"fr-FR","@id":"https:\/\/www.efk.admin.ch\/fr\/#\/schema\/logo\/image\/","url":"https:\/\/www.efk.admin.ch\/wp-content\/uploads\/efk_cdf_logo_ohne_claim.png","contentUrl":"https:\/\/www.efk.admin.ch\/wp-content\/uploads\/efk_cdf_logo_ohne_claim.png","width":268,"height":258,"caption":"Contr\u00f4le f\u00e9d\u00e9ral des finances (CDF)"},"image":{"@id":"https:\/\/www.efk.admin.ch\/fr\/#\/schema\/logo\/image\/"},"sameAs":["https:\/\/www.instagram.com\/efk_cdf_sfao\/","https:\/\/www.youtube.com\/channel\/UCm-bXj227VE5sJzhB-ihdvw\/featured","https:\/\/www.linkedin.com\/company\/11081578\/"]},{"@type":"Person","@id":"https:\/\/www.efk.admin.ch\/fr\/#\/schema\/person\/64fde6b991e45272f0a47bcf8064e250","name":"Daniel Puric","image":{"@type":"ImageObject","inLanguage":"fr-FR","@id":"https:\/\/secure.gravatar.com\/avatar\/ffe31efa04db8f0faef01a94938996b689c09581aa45caed65155c9e3cb70af3?s=96&d=mm&r=g","url":"https:\/\/secure.gravatar.com\/avatar\/ffe31efa04db8f0faef01a94938996b689c09581aa45caed65155c9e3cb70af3?s=96&d=mm&r=g","contentUrl":"https:\/\/secure.gravatar.com\/avatar\/ffe31efa04db8f0faef01a94938996b689c09581aa45caed65155c9e3cb70af3?s=96&d=mm&r=g","caption":"Daniel Puric"},"url":"https:\/\/www.efk.admin.ch\/fr\/author\/daniel-puric\/"}]}},"_links":{"self":[{"href":"https:\/\/www.efk.admin.ch\/fr\/wp-json\/wp\/v2\/posts\/32685","targetHints":{"allow":["GET"]}}],"collection":[{"href":"https:\/\/www.efk.admin.ch\/fr\/wp-json\/wp\/v2\/posts"}],"about":[{"href":"https:\/\/www.efk.admin.ch\/fr\/wp-json\/wp\/v2\/types\/post"}],"author":[{"embeddable":true,"href":"https:\/\/www.efk.admin.ch\/fr\/wp-json\/wp\/v2\/users\/5"}],"replies":[{"embeddable":true,"href":"https:\/\/www.efk.admin.ch\/fr\/wp-json\/wp\/v2\/comments?post=32685"}],"version-history":[{"count":1,"href":"https:\/\/www.efk.admin.ch\/fr\/wp-json\/wp\/v2\/posts\/32685\/revisions"}],"predecessor-version":[{"id":32686,"href":"https:\/\/www.efk.admin.ch\/fr\/wp-json\/wp\/v2\/posts\/32685\/revisions\/32686"}],"wp:attachment":[{"href":"https:\/\/www.efk.admin.ch\/fr\/wp-json\/wp\/v2\/media?parent=32685"}],"wp:term":[{"taxonomy":"category","embeddable":true,"href":"https:\/\/www.efk.admin.ch\/fr\/wp-json\/wp\/v2\/categories?post=32685"},{"taxonomy":"post_tag","embeddable":true,"href":"https:\/\/www.efk.admin.ch\/fr\/wp-json\/wp\/v2\/tags?post=32685"}],"curies":[{"name":"wp","href":"https:\/\/api.w.org\/{rel}","templated":true}]}}