{"id":32423,"date":"2019-01-16T06:00:00","date_gmt":"2019-01-16T05:00:00","guid":{"rendered":"https:\/\/www.efk.admin.ch\/?p=32423"},"modified":"2024-07-03T14:53:34","modified_gmt":"2024-07-03T12:53:34","slug":"prioritaeten-der-eidgenoessischen-finanzkontrolle-fuer-2019","status":"publish","type":"post","link":"https:\/\/www.efk.admin.ch\/fr\/prioritaeten-der-eidgenoessischen-finanzkontrolle-fuer-2019\/","title":{"rendered":"Les priorit\u00e9s du Contr\u00f4le f\u00e9d\u00e9ral des finances en 2019"},"content":{"rendered":"\n<p>La D\u00e9l\u00e9gation des finances du Parlement et le Conseil f\u00e9d\u00e9ral ont pris connaissance du Programme annuel 2019 du Contr\u00f4le f\u00e9d\u00e9ral des finances (CDF). Ce programme est \u00e9labor\u00e9 en toute ind\u00e9pendance. Il couvre des risques financiers et des risques de r\u00e9putation majeurs dans le domaine de la surveillance.<\/p>\n\n\n\n<p><span style=\"font-size: revert; color: initial;\">En 2019, le personnel du CDF travaillera sur plus de 160 audits. Gr\u00e2ce \u00e0 sa centaine de collaborateurs et de collaboratrices, le CDF accomplira des r\u00e9visions de comptes, des \u00e9valuations ou encore, des examens d\u2019achats de biens et services. Une soixantaine de ces rapports sont pr\u00e9vus pour publication. Cet effort de transparence est une priorit\u00e9 depuis 2014. Depuis cette date, le CDF a publi\u00e9 activement plus de 200 rapports d\u2019audit.<\/span><br><p>L\u2019\u00e9laboration du Programme d\u2019audit annuel du CDF est le fruit d\u2019une r\u00e9flexion constante sur les risques financiers et les risques de r\u00e9putation encourus par la Conf\u00e9d\u00e9ration, l\u2019administration f\u00e9d\u00e9rale et ses unit\u00e9s. Au fil des ann\u00e9es, cette analyse des risques a permis de discerner des objets d\u2019examen plus compliqu\u00e9s et qui impliquent souvent plusieurs acteurs.<\/p><br><p>En 2019, les \u00e9quipes du CDF examineront, entre autres, les processus d\u2019approbation des v\u00e9hicules et des conducteurs, la p\u00e9rennit\u00e9 \u00e9conomique des all\u00e8gements fiscaux de la politique r\u00e9gionale, l\u2019efficacit\u00e9 du contr\u00f4le des m\u00e9taux pr\u00e9cieux ou la gestion technique des b\u00e2timents f\u00e9d\u00e9raux, et bien s\u00fbr les projets informatiques cl\u00e9s de la Conf\u00e9d\u00e9ration. A l\u2019ext\u00e9rieur de l\u2019administration, des audits auront lieu aupr\u00e8s des CFF, de l\u2019entreprise RUAG, de Suisse Tourisme, de Skyguide et de Swisscom.<\/p><br><p>Des \u00e9valuations seront r\u00e9alis\u00e9es sur les synergies potentielles entre l\u2019assurance-invalidit\u00e9, l\u2019assurance-ch\u00f4mage et l\u2019aide sociale lors de la recherche d\u2019employeurs ainsi que sur les prestations consulaires \u00e0 l\u2019\u00e9tranger. Des examens de projets de construction et de r\u00e9novation, ainsi que des processus d\u2019acquisitions et d\u2019exploitation ponctueront le travail des collaborateurs et collaboratrices du CDF.<\/p><br><p>En d\u00e9cembre 2018, l\u2019Assembl\u00e9e f\u00e9d\u00e9rale a confirm\u00e9 sa confiance dans le travail du CDF. Pour l\u2019ann\u00e9e 2019, elle lui a octroy\u00e9 un budget de 27,7 millions de francs.<\/p><\/p>\n","protected":false},"excerpt":{"rendered":"<p>La D\u00e9l\u00e9gation des finances du Parlement et le Conseil f\u00e9d\u00e9ral ont pris connaissance du Programme annuel 2019 du Contr\u00f4le f\u00e9d\u00e9ral des finances (CDF). Ce programme est \u00e9labor\u00e9 en toute ind\u00e9pendance. Il couvre des risques financiers et des risques de r\u00e9putation majeurs dans le domaine de la surveillance. En 2019, le personnel du CDF travaillera sur [&hellip;]<\/p>\n","protected":false},"author":5,"featured_media":0,"comment_status":"closed","ping_status":"closed","sticky":false,"template":"","format":"standard","meta":{"_acf_changed":false,"footnotes":""},"categories":[213,239],"tags":[],"class_list":["post-32423","post","type-post","status-publish","format-standard","hentry","category-communique-de-presse","category-cdf"],"acf":[],"yoast_head":"<!-- This site is optimized with the Yoast SEO Premium plugin v27.4 (Yoast SEO v27.4) - https:\/\/yoast.com\/product\/yoast-seo-premium-wordpress\/ -->\n<title>Les priorit\u00e9s du Contr\u00f4le f\u00e9d\u00e9ral des finances en 2019 - Contr\u00f4le f\u00e9d\u00e9ral des finances (CDF)<\/title>\n<meta name=\"robots\" content=\"index, follow, max-snippet:-1, max-image-preview:large, max-video-preview:-1\" \/>\n<link rel=\"canonical\" href=\"https:\/\/www.efk.admin.ch\/fr\/prioritaeten-der-eidgenoessischen-finanzkontrolle-fuer-2019\/\" \/>\n<meta property=\"og:locale\" content=\"fr_FR\" \/>\n<meta property=\"og:type\" content=\"article\" \/>\n<meta property=\"og:title\" content=\"Les priorit\u00e9s du Contr\u00f4le f\u00e9d\u00e9ral des finances en 2019\" \/>\n<meta property=\"og:description\" content=\"La D\u00e9l\u00e9gation des finances du Parlement et le Conseil f\u00e9d\u00e9ral ont pris connaissance du Programme annuel 2019 du Contr\u00f4le f\u00e9d\u00e9ral des finances (CDF). Ce programme est \u00e9labor\u00e9 en toute ind\u00e9pendance. Il couvre des risques financiers et des risques de r\u00e9putation majeurs dans le domaine de la surveillance. En 2019, le personnel du CDF travaillera sur [&hellip;]\" \/>\n<meta property=\"og:url\" content=\"https:\/\/www.efk.admin.ch\/fr\/prioritaeten-der-eidgenoessischen-finanzkontrolle-fuer-2019\/\" \/>\n<meta property=\"og:site_name\" content=\"Contr\u00f4le f\u00e9d\u00e9ral des finances (CDF)\" \/>\n<meta property=\"article:published_time\" content=\"2019-01-16T05:00:00+00:00\" \/>\n<meta property=\"article:modified_time\" content=\"2024-07-03T12:53:34+00:00\" \/>\n<meta property=\"og:image\" content=\"https:\/\/www.efk.admin.ch\/wp-content\/uploads\/test\/palais.jpg\" \/>\n\t<meta property=\"og:image:width\" content=\"750\" \/>\n\t<meta property=\"og:image:height\" content=\"500\" \/>\n\t<meta property=\"og:image:type\" content=\"image\/jpeg\" \/>\n<meta name=\"author\" content=\"Daniel Puric\" \/>\n<meta name=\"twitter:card\" content=\"summary_large_image\" \/>\n<meta name=\"twitter:label1\" content=\"\u00c9crit par\" \/>\n\t<meta name=\"twitter:data1\" content=\"Daniel Puric\" \/>\n\t<meta name=\"twitter:label2\" content=\"Dur\u00e9e de lecture estim\u00e9e\" \/>\n\t<meta name=\"twitter:data2\" content=\"2 minutes\" \/>\n<script type=\"application\/ld+json\" class=\"yoast-schema-graph\">{\"@context\":\"https:\\\/\\\/schema.org\",\"@graph\":[{\"@type\":\"Article\",\"@id\":\"https:\\\/\\\/www.efk.admin.ch\\\/fr\\\/prioritaeten-der-eidgenoessischen-finanzkontrolle-fuer-2019\\\/#article\",\"isPartOf\":{\"@id\":\"https:\\\/\\\/www.efk.admin.ch\\\/fr\\\/prioritaeten-der-eidgenoessischen-finanzkontrolle-fuer-2019\\\/\"},\"author\":{\"name\":\"Daniel Puric\",\"@id\":\"https:\\\/\\\/www.efk.admin.ch\\\/fr\\\/#\\\/schema\\\/person\\\/64fde6b991e45272f0a47bcf8064e250\"},\"headline\":\"Les priorit\u00e9s du Contr\u00f4le f\u00e9d\u00e9ral des finances en 2019\",\"datePublished\":\"2019-01-16T05:00:00+00:00\",\"dateModified\":\"2024-07-03T12:53:34+00:00\",\"mainEntityOfPage\":{\"@id\":\"https:\\\/\\\/www.efk.admin.ch\\\/fr\\\/prioritaeten-der-eidgenoessischen-finanzkontrolle-fuer-2019\\\/\"},\"wordCount\":391,\"publisher\":{\"@id\":\"https:\\\/\\\/www.efk.admin.ch\\\/fr\\\/#organization\"},\"articleSection\":[\"Communiqu\u00e9 de presse\",\"CDF\"],\"inLanguage\":\"fr-FR\"},{\"@type\":\"WebPage\",\"@id\":\"https:\\\/\\\/www.efk.admin.ch\\\/fr\\\/prioritaeten-der-eidgenoessischen-finanzkontrolle-fuer-2019\\\/\",\"url\":\"https:\\\/\\\/www.efk.admin.ch\\\/fr\\\/prioritaeten-der-eidgenoessischen-finanzkontrolle-fuer-2019\\\/\",\"name\":\"Les priorit\u00e9s du Contr\u00f4le f\u00e9d\u00e9ral des finances en 2019 - Contr\u00f4le f\u00e9d\u00e9ral des finances (CDF)\",\"isPartOf\":{\"@id\":\"https:\\\/\\\/www.efk.admin.ch\\\/fr\\\/#website\"},\"datePublished\":\"2019-01-16T05:00:00+00:00\",\"dateModified\":\"2024-07-03T12:53:34+00:00\",\"breadcrumb\":{\"@id\":\"https:\\\/\\\/www.efk.admin.ch\\\/fr\\\/prioritaeten-der-eidgenoessischen-finanzkontrolle-fuer-2019\\\/#breadcrumb\"},\"inLanguage\":\"fr-FR\",\"potentialAction\":[{\"@type\":\"ReadAction\",\"target\":[\"https:\\\/\\\/www.efk.admin.ch\\\/fr\\\/prioritaeten-der-eidgenoessischen-finanzkontrolle-fuer-2019\\\/\"]}]},{\"@type\":\"BreadcrumbList\",\"@id\":\"https:\\\/\\\/www.efk.admin.ch\\\/fr\\\/prioritaeten-der-eidgenoessischen-finanzkontrolle-fuer-2019\\\/#breadcrumb\",\"itemListElement\":[{\"@type\":\"ListItem\",\"position\":1,\"name\":\"Home\",\"item\":\"https:\\\/\\\/www.efk.admin.ch\\\/fr\\\/\"},{\"@type\":\"ListItem\",\"position\":2,\"name\":\"Les priorit\u00e9s du Contr\u00f4le f\u00e9d\u00e9ral des finances en 2019\"}]},{\"@type\":\"WebSite\",\"@id\":\"https:\\\/\\\/www.efk.admin.ch\\\/fr\\\/#website\",\"url\":\"https:\\\/\\\/www.efk.admin.ch\\\/fr\\\/\",\"name\":\"Informationen \u00fcber das oberste Finanzaufsichtsorgan der Schweiz\",\"description\":\"Le Contr\u00f4le f\u00e9d\u00e9ral des finances (CDF) est l'organe supr\u00eame de surveillance financi\u00e8re de la Conf\u00e9d\u00e9ration suisse.\",\"publisher\":{\"@id\":\"https:\\\/\\\/www.efk.admin.ch\\\/fr\\\/#organization\"},\"alternateName\":\"EFK\",\"potentialAction\":[{\"@type\":\"SearchAction\",\"target\":{\"@type\":\"EntryPoint\",\"urlTemplate\":\"https:\\\/\\\/www.efk.admin.ch\\\/fr\\\/?s={search_term_string}\"},\"query-input\":{\"@type\":\"PropertyValueSpecification\",\"valueRequired\":true,\"valueName\":\"search_term_string\"}}],\"inLanguage\":\"fr-FR\"},{\"@type\":\"Organization\",\"@id\":\"https:\\\/\\\/www.efk.admin.ch\\\/fr\\\/#organization\",\"name\":\"Contr\u00f4le f\u00e9d\u00e9ral des finances (CDF)\",\"alternateName\":\"EFK\",\"url\":\"https:\\\/\\\/www.efk.admin.ch\\\/fr\\\/\",\"logo\":{\"@type\":\"ImageObject\",\"inLanguage\":\"fr-FR\",\"@id\":\"https:\\\/\\\/www.efk.admin.ch\\\/fr\\\/#\\\/schema\\\/logo\\\/image\\\/\",\"url\":\"https:\\\/\\\/www.efk.admin.ch\\\/wp-content\\\/uploads\\\/efk_cdf_logo_ohne_claim.png\",\"contentUrl\":\"https:\\\/\\\/www.efk.admin.ch\\\/wp-content\\\/uploads\\\/efk_cdf_logo_ohne_claim.png\",\"width\":268,\"height\":258,\"caption\":\"Contr\u00f4le f\u00e9d\u00e9ral des finances (CDF)\"},\"image\":{\"@id\":\"https:\\\/\\\/www.efk.admin.ch\\\/fr\\\/#\\\/schema\\\/logo\\\/image\\\/\"},\"sameAs\":[\"https:\\\/\\\/www.instagram.com\\\/efk_cdf_sfao\\\/\",\"https:\\\/\\\/www.youtube.com\\\/channel\\\/UCm-bXj227VE5sJzhB-ihdvw\\\/featured\",\"https:\\\/\\\/www.linkedin.com\\\/company\\\/11081578\\\/\"]},{\"@type\":\"Person\",\"@id\":\"https:\\\/\\\/www.efk.admin.ch\\\/fr\\\/#\\\/schema\\\/person\\\/64fde6b991e45272f0a47bcf8064e250\",\"name\":\"Daniel Puric\",\"image\":{\"@type\":\"ImageObject\",\"inLanguage\":\"fr-FR\",\"@id\":\"https:\\\/\\\/secure.gravatar.com\\\/avatar\\\/ffe31efa04db8f0faef01a94938996b689c09581aa45caed65155c9e3cb70af3?s=96&d=mm&r=g\",\"url\":\"https:\\\/\\\/secure.gravatar.com\\\/avatar\\\/ffe31efa04db8f0faef01a94938996b689c09581aa45caed65155c9e3cb70af3?s=96&d=mm&r=g\",\"contentUrl\":\"https:\\\/\\\/secure.gravatar.com\\\/avatar\\\/ffe31efa04db8f0faef01a94938996b689c09581aa45caed65155c9e3cb70af3?s=96&d=mm&r=g\",\"caption\":\"Daniel Puric\"},\"url\":\"https:\\\/\\\/www.efk.admin.ch\\\/fr\\\/author\\\/daniel-puric\\\/\"}]}<\/script>\n<!-- \/ Yoast SEO Premium plugin. -->","yoast_head_json":{"title":"Les priorit\u00e9s du Contr\u00f4le f\u00e9d\u00e9ral des finances en 2019 - Contr\u00f4le f\u00e9d\u00e9ral des finances (CDF)","robots":{"index":"index","follow":"follow","max-snippet":"max-snippet:-1","max-image-preview":"max-image-preview:large","max-video-preview":"max-video-preview:-1"},"canonical":"https:\/\/www.efk.admin.ch\/fr\/prioritaeten-der-eidgenoessischen-finanzkontrolle-fuer-2019\/","og_locale":"fr_FR","og_type":"article","og_title":"Les priorit\u00e9s du Contr\u00f4le f\u00e9d\u00e9ral des finances en 2019","og_description":"La D\u00e9l\u00e9gation des finances du Parlement et le Conseil f\u00e9d\u00e9ral ont pris connaissance du Programme annuel 2019 du Contr\u00f4le f\u00e9d\u00e9ral des finances (CDF). Ce programme est \u00e9labor\u00e9 en toute ind\u00e9pendance. Il couvre des risques financiers et des risques de r\u00e9putation majeurs dans le domaine de la surveillance. En 2019, le personnel du CDF travaillera sur [&hellip;]","og_url":"https:\/\/www.efk.admin.ch\/fr\/prioritaeten-der-eidgenoessischen-finanzkontrolle-fuer-2019\/","og_site_name":"Contr\u00f4le f\u00e9d\u00e9ral des finances (CDF)","article_published_time":"2019-01-16T05:00:00+00:00","article_modified_time":"2024-07-03T12:53:34+00:00","og_image":[{"width":750,"height":500,"url":"https:\/\/www.efk.admin.ch\/wp-content\/uploads\/test\/palais.jpg","type":"image\/jpeg"}],"author":"Daniel Puric","twitter_card":"summary_large_image","twitter_misc":{"\u00c9crit par":"Daniel Puric","Dur\u00e9e de lecture estim\u00e9e":"2 minutes"},"schema":{"@context":"https:\/\/schema.org","@graph":[{"@type":"Article","@id":"https:\/\/www.efk.admin.ch\/fr\/prioritaeten-der-eidgenoessischen-finanzkontrolle-fuer-2019\/#article","isPartOf":{"@id":"https:\/\/www.efk.admin.ch\/fr\/prioritaeten-der-eidgenoessischen-finanzkontrolle-fuer-2019\/"},"author":{"name":"Daniel Puric","@id":"https:\/\/www.efk.admin.ch\/fr\/#\/schema\/person\/64fde6b991e45272f0a47bcf8064e250"},"headline":"Les priorit\u00e9s du Contr\u00f4le f\u00e9d\u00e9ral des finances en 2019","datePublished":"2019-01-16T05:00:00+00:00","dateModified":"2024-07-03T12:53:34+00:00","mainEntityOfPage":{"@id":"https:\/\/www.efk.admin.ch\/fr\/prioritaeten-der-eidgenoessischen-finanzkontrolle-fuer-2019\/"},"wordCount":391,"publisher":{"@id":"https:\/\/www.efk.admin.ch\/fr\/#organization"},"articleSection":["Communiqu\u00e9 de presse","CDF"],"inLanguage":"fr-FR"},{"@type":"WebPage","@id":"https:\/\/www.efk.admin.ch\/fr\/prioritaeten-der-eidgenoessischen-finanzkontrolle-fuer-2019\/","url":"https:\/\/www.efk.admin.ch\/fr\/prioritaeten-der-eidgenoessischen-finanzkontrolle-fuer-2019\/","name":"Les priorit\u00e9s du Contr\u00f4le f\u00e9d\u00e9ral des finances en 2019 - Contr\u00f4le f\u00e9d\u00e9ral des finances (CDF)","isPartOf":{"@id":"https:\/\/www.efk.admin.ch\/fr\/#website"},"datePublished":"2019-01-16T05:00:00+00:00","dateModified":"2024-07-03T12:53:34+00:00","breadcrumb":{"@id":"https:\/\/www.efk.admin.ch\/fr\/prioritaeten-der-eidgenoessischen-finanzkontrolle-fuer-2019\/#breadcrumb"},"inLanguage":"fr-FR","potentialAction":[{"@type":"ReadAction","target":["https:\/\/www.efk.admin.ch\/fr\/prioritaeten-der-eidgenoessischen-finanzkontrolle-fuer-2019\/"]}]},{"@type":"BreadcrumbList","@id":"https:\/\/www.efk.admin.ch\/fr\/prioritaeten-der-eidgenoessischen-finanzkontrolle-fuer-2019\/#breadcrumb","itemListElement":[{"@type":"ListItem","position":1,"name":"Home","item":"https:\/\/www.efk.admin.ch\/fr\/"},{"@type":"ListItem","position":2,"name":"Les priorit\u00e9s du Contr\u00f4le f\u00e9d\u00e9ral des finances en 2019"}]},{"@type":"WebSite","@id":"https:\/\/www.efk.admin.ch\/fr\/#website","url":"https:\/\/www.efk.admin.ch\/fr\/","name":"Informationen \u00fcber das oberste Finanzaufsichtsorgan der Schweiz","description":"Le Contr\u00f4le f\u00e9d\u00e9ral des finances (CDF) est l'organe supr\u00eame de surveillance financi\u00e8re de la Conf\u00e9d\u00e9ration suisse.","publisher":{"@id":"https:\/\/www.efk.admin.ch\/fr\/#organization"},"alternateName":"EFK","potentialAction":[{"@type":"SearchAction","target":{"@type":"EntryPoint","urlTemplate":"https:\/\/www.efk.admin.ch\/fr\/?s={search_term_string}"},"query-input":{"@type":"PropertyValueSpecification","valueRequired":true,"valueName":"search_term_string"}}],"inLanguage":"fr-FR"},{"@type":"Organization","@id":"https:\/\/www.efk.admin.ch\/fr\/#organization","name":"Contr\u00f4le f\u00e9d\u00e9ral des finances (CDF)","alternateName":"EFK","url":"https:\/\/www.efk.admin.ch\/fr\/","logo":{"@type":"ImageObject","inLanguage":"fr-FR","@id":"https:\/\/www.efk.admin.ch\/fr\/#\/schema\/logo\/image\/","url":"https:\/\/www.efk.admin.ch\/wp-content\/uploads\/efk_cdf_logo_ohne_claim.png","contentUrl":"https:\/\/www.efk.admin.ch\/wp-content\/uploads\/efk_cdf_logo_ohne_claim.png","width":268,"height":258,"caption":"Contr\u00f4le f\u00e9d\u00e9ral des finances (CDF)"},"image":{"@id":"https:\/\/www.efk.admin.ch\/fr\/#\/schema\/logo\/image\/"},"sameAs":["https:\/\/www.instagram.com\/efk_cdf_sfao\/","https:\/\/www.youtube.com\/channel\/UCm-bXj227VE5sJzhB-ihdvw\/featured","https:\/\/www.linkedin.com\/company\/11081578\/"]},{"@type":"Person","@id":"https:\/\/www.efk.admin.ch\/fr\/#\/schema\/person\/64fde6b991e45272f0a47bcf8064e250","name":"Daniel Puric","image":{"@type":"ImageObject","inLanguage":"fr-FR","@id":"https:\/\/secure.gravatar.com\/avatar\/ffe31efa04db8f0faef01a94938996b689c09581aa45caed65155c9e3cb70af3?s=96&d=mm&r=g","url":"https:\/\/secure.gravatar.com\/avatar\/ffe31efa04db8f0faef01a94938996b689c09581aa45caed65155c9e3cb70af3?s=96&d=mm&r=g","contentUrl":"https:\/\/secure.gravatar.com\/avatar\/ffe31efa04db8f0faef01a94938996b689c09581aa45caed65155c9e3cb70af3?s=96&d=mm&r=g","caption":"Daniel Puric"},"url":"https:\/\/www.efk.admin.ch\/fr\/author\/daniel-puric\/"}]}},"_links":{"self":[{"href":"https:\/\/www.efk.admin.ch\/fr\/wp-json\/wp\/v2\/posts\/32423","targetHints":{"allow":["GET"]}}],"collection":[{"href":"https:\/\/www.efk.admin.ch\/fr\/wp-json\/wp\/v2\/posts"}],"about":[{"href":"https:\/\/www.efk.admin.ch\/fr\/wp-json\/wp\/v2\/types\/post"}],"author":[{"embeddable":true,"href":"https:\/\/www.efk.admin.ch\/fr\/wp-json\/wp\/v2\/users\/5"}],"replies":[{"embeddable":true,"href":"https:\/\/www.efk.admin.ch\/fr\/wp-json\/wp\/v2\/comments?post=32423"}],"version-history":[{"count":1,"href":"https:\/\/www.efk.admin.ch\/fr\/wp-json\/wp\/v2\/posts\/32423\/revisions"}],"predecessor-version":[{"id":32424,"href":"https:\/\/www.efk.admin.ch\/fr\/wp-json\/wp\/v2\/posts\/32423\/revisions\/32424"}],"wp:attachment":[{"href":"https:\/\/www.efk.admin.ch\/fr\/wp-json\/wp\/v2\/media?parent=32423"}],"wp:term":[{"taxonomy":"category","embeddable":true,"href":"https:\/\/www.efk.admin.ch\/fr\/wp-json\/wp\/v2\/categories?post=32423"},{"taxonomy":"post_tag","embeddable":true,"href":"https:\/\/www.efk.admin.ch\/fr\/wp-json\/wp\/v2\/tags?post=32423"}],"curies":[{"name":"wp","href":"https:\/\/api.w.org\/{rel}","templated":true}]}}