{"id":31227,"date":"2024-05-17T09:00:00","date_gmt":"2024-05-17T07:00:00","guid":{"rendered":"https:\/\/www.efk.admin.ch\/?p=31227"},"modified":"2024-05-16T17:45:13","modified_gmt":"2024-05-16T15:45:13","slug":"transparence-du-financement-de-la-vie-politique-les-decomptes-finaux-des-votations-federales-du-3-mars-2024-sont-disponibles","status":"publish","type":"post","link":"https:\/\/www.efk.admin.ch\/fr\/transparence-du-financement-de-la-vie-politique-les-decomptes-finaux-des-votations-federales-du-3-mars-2024-sont-disponibles\/","title":{"rendered":"Transparence du financement de la vie politique \u2013 les d\u00e9comptes finaux des votations f\u00e9d\u00e9rales du 3 mars 2024 sont disponibles"},"content":{"rendered":"\n<p>Berne, le 17 mai 2024 \u2013 Les montants d\u00e9finitifs des recettes pour les campagnes de votation du<br>3 mars 2024 sont disponibles. Ils sont sup\u00e9rieurs aux valeurs budg\u00e9tis\u00e9es publi\u00e9es avant le scrutin.<br>Le Contr\u00f4le f\u00e9d\u00e9ral des finances (CDF) a effectu\u00e9 des contr\u00f4les mat\u00e9riels sur quatre campagnes<br>relatives \u00e0 ce scrutin et a publi\u00e9 la liste correspondante.<\/p>\n\n\n\n<h4 class=\"wp-block-heading\">Une campagne de vote intense a conduit \u00e0 des d\u00e9comptes finaux plus \u00e9lev\u00e9s<\/h4>\n\n\n\n<p>Les chiffres d\u00e9finitifs annonc\u00e9s pour les d\u00e9comptes finaux de 8,28 millions de francs sont<br>globalement sup\u00e9rieurs de 36 % aux recettes budg\u00e9tis\u00e9es de 6,10 millions de francs publi\u00e9es<br>30 jours avant les votations. La campagne principale des opposants \u00e0 l\u2019initiative populaire \u00ab Mieux<br>vivre \u00e0 la retraite (initiative pour une 13e rente AVS) \u00bb a enregistr\u00e9 le montant le plus \u00e9lev\u00e9, soit<br>3,96 millions de francs. Les d\u00e9comptes finaux peuvent \u00eatre consult\u00e9s dans le <a href=\"https:\/\/politikfinanzierung.efk.admin.ch\/app\/fr\/campaign-financings\" data-type=\"link\" data-id=\"https:\/\/politikfinanzierung.efk.admin.ch\/app\/fr\/campaign-financings\" target=\"_blank\" rel=\"noreferrer noopener\">registre \u00e9lectronique<\/a>.<br>Les chiffres budg\u00e9taires pour les deux objets de la votation du 3 mars 2024 (initiative pour une<br>13e rente et initiative sur les rentes) ont \u00e9t\u00e9 remis le 18 janvier 2024.<\/p>\n\n\n\n<h4 class=\"wp-block-heading\">Contr\u00f4le des nouvelles campagnes<\/h4>\n\n\n\n<p>Sur sept campagnes, le CDF en a contr\u00f4l\u00e9 quatre. En termes de montants, ces contr\u00f4les couvrent<br>92 % du total des recettes. Le CDF n\u2019est pas autoris\u00e9 \u00e0 communiquer des informations sur le r\u00e9sultat<br>de ces contr\u00f4les. La liste des acteurs et actrices politiques ayant fait l\u2019objet d\u2019un contr\u00f4le a \u00e9t\u00e9 <a href=\"https:\/\/www.efk.admin.ch\/fr\/actualites-et-echeances\/\" data-type=\"link\" data-id=\"https:\/\/www.efk.admin.ch\/fr\/actualites-et-echeances\/\" target=\"_blank\" rel=\"noreferrer noopener\">mise<br>\u00e0 jour<\/a>.<\/p>\n\n\n\n<figure class=\"wp-block-image size-large is-resized\"><img loading=\"lazy\" decoding=\"async\" width=\"999\" height=\"1024\" src=\"https:\/\/www.efk.admin.ch\/wp-content\/uploads\/publikationen\/webnews\/2024\/fipo_03\/20240517_grafiken_fipo_mm_schlusszahlen_3.3.24_f-999x1024.jpg\" alt=\"\" class=\"wp-image-31180\" style=\"width:840px;height:auto\" srcset=\"https:\/\/www.efk.admin.ch\/wp-content\/uploads\/publikationen\/webnews\/2024\/fipo_03\/20240517_grafiken_fipo_mm_schlusszahlen_3.3.24_f-999x1024.jpg 999w, https:\/\/www.efk.admin.ch\/wp-content\/uploads\/publikationen\/webnews\/2024\/fipo_03\/20240517_grafiken_fipo_mm_schlusszahlen_3.3.24_f-292x300.jpg 292w, https:\/\/www.efk.admin.ch\/wp-content\/uploads\/publikationen\/webnews\/2024\/fipo_03\/20240517_grafiken_fipo_mm_schlusszahlen_3.3.24_f-768x787.jpg 768w, https:\/\/www.efk.admin.ch\/wp-content\/uploads\/publikationen\/webnews\/2024\/fipo_03\/20240517_grafiken_fipo_mm_schlusszahlen_3.3.24_f-1499x1536.jpg 1499w, https:\/\/www.efk.admin.ch\/wp-content\/uploads\/publikationen\/webnews\/2024\/fipo_03\/20240517_grafiken_fipo_mm_schlusszahlen_3.3.24_f-1998x2048.jpg 1998w, https:\/\/www.efk.admin.ch\/wp-content\/uploads\/publikationen\/webnews\/2024\/fipo_03\/20240517_grafiken_fipo_mm_schlusszahlen_3.3.24_f.jpg 856w\" sizes=\"auto, (max-width: 999px) 100vw, 999px\" \/><\/figure>\n","protected":false},"excerpt":{"rendered":"<p>Berne, le 17 mai 2024 \u2013 Les montants d\u00e9finitifs des recettes pour les campagnes de votation du3 mars 2024 sont disponibles. Ils sont sup\u00e9rieurs aux valeurs budg\u00e9tis\u00e9es publi\u00e9es avant le scrutin.Le Contr\u00f4le f\u00e9d\u00e9ral des finances (CDF) a effectu\u00e9 des contr\u00f4les mat\u00e9riels sur quatre campagnesrelatives \u00e0 ce scrutin et a publi\u00e9 la liste correspondante. Une campagne [&hellip;]<\/p>\n","protected":false},"author":14,"featured_media":0,"comment_status":"closed","ping_status":"closed","sticky":false,"template":"","format":"standard","meta":{"_acf_changed":false,"footnotes":""},"categories":[208,219],"tags":[],"class_list":["post-31227","post","type-post","status-publish","format-standard","hentry","category-news","category-transparence-du-financement-de-la-vie-politique"],"acf":[],"yoast_head":"<!-- This site is optimized with the Yoast SEO Premium plugin v27.4 (Yoast SEO v27.4) - https:\/\/yoast.com\/product\/yoast-seo-premium-wordpress\/ -->\n<title>Transparence du financement de la vie politique \u2013 les d\u00e9comptes finaux des votations f\u00e9d\u00e9rales du 3 mars 2024 sont disponibles - Contr\u00f4le f\u00e9d\u00e9ral des finances (CDF)<\/title>\n<meta name=\"robots\" content=\"index, follow, max-snippet:-1, max-image-preview:large, max-video-preview:-1\" \/>\n<link rel=\"canonical\" href=\"https:\/\/www.efk.admin.ch\/fr\/transparence-du-financement-de-la-vie-politique-les-decomptes-finaux-des-votations-federales-du-3-mars-2024-sont-disponibles\/\" \/>\n<meta property=\"og:locale\" content=\"fr_FR\" \/>\n<meta property=\"og:type\" content=\"article\" \/>\n<meta property=\"og:title\" content=\"Transparence du financement de la vie politique \u2013 les d\u00e9comptes finaux des votations f\u00e9d\u00e9rales du 3 mars 2024 sont disponibles\" \/>\n<meta property=\"og:description\" content=\"Berne, le 17 mai 2024 \u2013 Les montants d\u00e9finitifs des recettes pour les campagnes de votation du3 mars 2024 sont disponibles. Ils sont sup\u00e9rieurs aux valeurs budg\u00e9tis\u00e9es publi\u00e9es avant le scrutin.Le Contr\u00f4le f\u00e9d\u00e9ral des finances (CDF) a effectu\u00e9 des contr\u00f4les mat\u00e9riels sur quatre campagnesrelatives \u00e0 ce scrutin et a publi\u00e9 la liste correspondante. Une campagne [&hellip;]\" \/>\n<meta property=\"og:url\" content=\"https:\/\/www.efk.admin.ch\/fr\/transparence-du-financement-de-la-vie-politique-les-decomptes-finaux-des-votations-federales-du-3-mars-2024-sont-disponibles\/\" \/>\n<meta property=\"og:site_name\" content=\"Contr\u00f4le f\u00e9d\u00e9ral des finances (CDF)\" \/>\n<meta property=\"article:published_time\" content=\"2024-05-17T07:00:00+00:00\" \/>\n<meta property=\"og:image\" content=\"https:\/\/www.efk.admin.ch\/wp-content\/uploads\/publikationen\/webnews\/2024\/fipo_03\/20240517_grafiken_fipo_mm_schlusszahlen_3.3.24_f-999x1024.jpg\" \/>\n<meta name=\"author\" content=\"Benjamin Meyer\" \/>\n<meta name=\"twitter:card\" content=\"summary_large_image\" \/>\n<meta name=\"twitter:label1\" content=\"\u00c9crit par\" \/>\n\t<meta name=\"twitter:data1\" content=\"Benjamin Meyer\" \/>\n\t<meta name=\"twitter:label2\" content=\"Dur\u00e9e de lecture estim\u00e9e\" \/>\n\t<meta name=\"twitter:data2\" content=\"1 minute\" \/>\n<script type=\"application\/ld+json\" class=\"yoast-schema-graph\">{\"@context\":\"https:\\\/\\\/schema.org\",\"@graph\":[{\"@type\":\"Article\",\"@id\":\"https:\\\/\\\/www.efk.admin.ch\\\/fr\\\/transparence-du-financement-de-la-vie-politique-les-decomptes-finaux-des-votations-federales-du-3-mars-2024-sont-disponibles\\\/#article\",\"isPartOf\":{\"@id\":\"https:\\\/\\\/www.efk.admin.ch\\\/fr\\\/transparence-du-financement-de-la-vie-politique-les-decomptes-finaux-des-votations-federales-du-3-mars-2024-sont-disponibles\\\/\"},\"author\":{\"name\":\"Benjamin Meyer\",\"@id\":\"https:\\\/\\\/www.efk.admin.ch\\\/fr\\\/#\\\/schema\\\/person\\\/a33aae6a9e254690e482e7ee9617a5d5\"},\"headline\":\"Transparence du financement de la vie politique \u2013 les d\u00e9comptes finaux des votations f\u00e9d\u00e9rales du 3 mars 2024 sont disponibles\",\"datePublished\":\"2024-05-17T07:00:00+00:00\",\"mainEntityOfPage\":{\"@id\":\"https:\\\/\\\/www.efk.admin.ch\\\/fr\\\/transparence-du-financement-de-la-vie-politique-les-decomptes-finaux-des-votations-federales-du-3-mars-2024-sont-disponibles\\\/\"},\"wordCount\":257,\"publisher\":{\"@id\":\"https:\\\/\\\/www.efk.admin.ch\\\/fr\\\/#organization\"},\"image\":{\"@id\":\"https:\\\/\\\/www.efk.admin.ch\\\/fr\\\/transparence-du-financement-de-la-vie-politique-les-decomptes-finaux-des-votations-federales-du-3-mars-2024-sont-disponibles\\\/#primaryimage\"},\"thumbnailUrl\":\"https:\\\/\\\/www.efk.admin.ch\\\/wp-content\\\/uploads\\\/publikationen\\\/webnews\\\/2024\\\/fipo_03\\\/20240517_grafiken_fipo_mm_schlusszahlen_3.3.24_f-999x1024.jpg\",\"articleSection\":[\"News\",\"Transparence du financement de la vie politique\"],\"inLanguage\":\"fr-FR\"},{\"@type\":\"WebPage\",\"@id\":\"https:\\\/\\\/www.efk.admin.ch\\\/fr\\\/transparence-du-financement-de-la-vie-politique-les-decomptes-finaux-des-votations-federales-du-3-mars-2024-sont-disponibles\\\/\",\"url\":\"https:\\\/\\\/www.efk.admin.ch\\\/fr\\\/transparence-du-financement-de-la-vie-politique-les-decomptes-finaux-des-votations-federales-du-3-mars-2024-sont-disponibles\\\/\",\"name\":\"Transparence du financement de la vie politique \u2013 les d\u00e9comptes finaux des votations f\u00e9d\u00e9rales du 3 mars 2024 sont disponibles - Contr\u00f4le f\u00e9d\u00e9ral des finances (CDF)\",\"isPartOf\":{\"@id\":\"https:\\\/\\\/www.efk.admin.ch\\\/fr\\\/#website\"},\"primaryImageOfPage\":{\"@id\":\"https:\\\/\\\/www.efk.admin.ch\\\/fr\\\/transparence-du-financement-de-la-vie-politique-les-decomptes-finaux-des-votations-federales-du-3-mars-2024-sont-disponibles\\\/#primaryimage\"},\"image\":{\"@id\":\"https:\\\/\\\/www.efk.admin.ch\\\/fr\\\/transparence-du-financement-de-la-vie-politique-les-decomptes-finaux-des-votations-federales-du-3-mars-2024-sont-disponibles\\\/#primaryimage\"},\"thumbnailUrl\":\"https:\\\/\\\/www.efk.admin.ch\\\/wp-content\\\/uploads\\\/publikationen\\\/webnews\\\/2024\\\/fipo_03\\\/20240517_grafiken_fipo_mm_schlusszahlen_3.3.24_f-999x1024.jpg\",\"datePublished\":\"2024-05-17T07:00:00+00:00\",\"breadcrumb\":{\"@id\":\"https:\\\/\\\/www.efk.admin.ch\\\/fr\\\/transparence-du-financement-de-la-vie-politique-les-decomptes-finaux-des-votations-federales-du-3-mars-2024-sont-disponibles\\\/#breadcrumb\"},\"inLanguage\":\"fr-FR\",\"potentialAction\":[{\"@type\":\"ReadAction\",\"target\":[\"https:\\\/\\\/www.efk.admin.ch\\\/fr\\\/transparence-du-financement-de-la-vie-politique-les-decomptes-finaux-des-votations-federales-du-3-mars-2024-sont-disponibles\\\/\"]}]},{\"@type\":\"ImageObject\",\"inLanguage\":\"fr-FR\",\"@id\":\"https:\\\/\\\/www.efk.admin.ch\\\/fr\\\/transparence-du-financement-de-la-vie-politique-les-decomptes-finaux-des-votations-federales-du-3-mars-2024-sont-disponibles\\\/#primaryimage\",\"url\":\"https:\\\/\\\/www.efk.admin.ch\\\/wp-content\\\/uploads\\\/publikationen\\\/webnews\\\/2024\\\/fipo_03\\\/20240517_grafiken_fipo_mm_schlusszahlen_3.3.24_f-999x1024.jpg\",\"contentUrl\":\"https:\\\/\\\/www.efk.admin.ch\\\/wp-content\\\/uploads\\\/publikationen\\\/webnews\\\/2024\\\/fipo_03\\\/20240517_grafiken_fipo_mm_schlusszahlen_3.3.24_f-999x1024.jpg\"},{\"@type\":\"BreadcrumbList\",\"@id\":\"https:\\\/\\\/www.efk.admin.ch\\\/fr\\\/transparence-du-financement-de-la-vie-politique-les-decomptes-finaux-des-votations-federales-du-3-mars-2024-sont-disponibles\\\/#breadcrumb\",\"itemListElement\":[{\"@type\":\"ListItem\",\"position\":1,\"name\":\"Home\",\"item\":\"https:\\\/\\\/www.efk.admin.ch\\\/fr\\\/\"},{\"@type\":\"ListItem\",\"position\":2,\"name\":\"Transparence du financement de la vie politique \u2013 les d\u00e9comptes finaux des votations f\u00e9d\u00e9rales du 3 mars 2024 sont disponibles\"}]},{\"@type\":\"WebSite\",\"@id\":\"https:\\\/\\\/www.efk.admin.ch\\\/fr\\\/#website\",\"url\":\"https:\\\/\\\/www.efk.admin.ch\\\/fr\\\/\",\"name\":\"Informationen \u00fcber das oberste Finanzaufsichtsorgan der Schweiz\",\"description\":\"Le Contr\u00f4le f\u00e9d\u00e9ral des finances (CDF) est l'organe supr\u00eame de surveillance financi\u00e8re de la Conf\u00e9d\u00e9ration suisse.\",\"publisher\":{\"@id\":\"https:\\\/\\\/www.efk.admin.ch\\\/fr\\\/#organization\"},\"alternateName\":\"EFK\",\"potentialAction\":[{\"@type\":\"SearchAction\",\"target\":{\"@type\":\"EntryPoint\",\"urlTemplate\":\"https:\\\/\\\/www.efk.admin.ch\\\/fr\\\/?s={search_term_string}\"},\"query-input\":{\"@type\":\"PropertyValueSpecification\",\"valueRequired\":true,\"valueName\":\"search_term_string\"}}],\"inLanguage\":\"fr-FR\"},{\"@type\":\"Organization\",\"@id\":\"https:\\\/\\\/www.efk.admin.ch\\\/fr\\\/#organization\",\"name\":\"Contr\u00f4le f\u00e9d\u00e9ral des finances (CDF)\",\"alternateName\":\"EFK\",\"url\":\"https:\\\/\\\/www.efk.admin.ch\\\/fr\\\/\",\"logo\":{\"@type\":\"ImageObject\",\"inLanguage\":\"fr-FR\",\"@id\":\"https:\\\/\\\/www.efk.admin.ch\\\/fr\\\/#\\\/schema\\\/logo\\\/image\\\/\",\"url\":\"https:\\\/\\\/www.efk.admin.ch\\\/wp-content\\\/uploads\\\/efk_cdf_logo_ohne_claim.png\",\"contentUrl\":\"https:\\\/\\\/www.efk.admin.ch\\\/wp-content\\\/uploads\\\/efk_cdf_logo_ohne_claim.png\",\"width\":268,\"height\":258,\"caption\":\"Contr\u00f4le f\u00e9d\u00e9ral des finances (CDF)\"},\"image\":{\"@id\":\"https:\\\/\\\/www.efk.admin.ch\\\/fr\\\/#\\\/schema\\\/logo\\\/image\\\/\"},\"sameAs\":[\"https:\\\/\\\/www.instagram.com\\\/efk_cdf_sfao\\\/\",\"https:\\\/\\\/www.youtube.com\\\/channel\\\/UCm-bXj227VE5sJzhB-ihdvw\\\/featured\",\"https:\\\/\\\/www.linkedin.com\\\/company\\\/11081578\\\/\"]},{\"@type\":\"Person\",\"@id\":\"https:\\\/\\\/www.efk.admin.ch\\\/fr\\\/#\\\/schema\\\/person\\\/a33aae6a9e254690e482e7ee9617a5d5\",\"name\":\"Benjamin Meyer\",\"image\":{\"@type\":\"ImageObject\",\"inLanguage\":\"fr-FR\",\"@id\":\"https:\\\/\\\/secure.gravatar.com\\\/avatar\\\/8d694065a0cf6be941f547fb223a776559dd983436e0e8b2198b05e5cbd4ad85?s=96&d=mm&r=g\",\"url\":\"https:\\\/\\\/secure.gravatar.com\\\/avatar\\\/8d694065a0cf6be941f547fb223a776559dd983436e0e8b2198b05e5cbd4ad85?s=96&d=mm&r=g\",\"contentUrl\":\"https:\\\/\\\/secure.gravatar.com\\\/avatar\\\/8d694065a0cf6be941f547fb223a776559dd983436e0e8b2198b05e5cbd4ad85?s=96&d=mm&r=g\",\"caption\":\"Benjamin Meyer\"},\"url\":\"https:\\\/\\\/www.efk.admin.ch\\\/fr\\\/author\\\/bmeyer\\\/\"}]}<\/script>\n<!-- \/ Yoast SEO Premium plugin. -->","yoast_head_json":{"title":"Transparence du financement de la vie politique \u2013 les d\u00e9comptes finaux des votations f\u00e9d\u00e9rales du 3 mars 2024 sont disponibles - Contr\u00f4le f\u00e9d\u00e9ral des finances (CDF)","robots":{"index":"index","follow":"follow","max-snippet":"max-snippet:-1","max-image-preview":"max-image-preview:large","max-video-preview":"max-video-preview:-1"},"canonical":"https:\/\/www.efk.admin.ch\/fr\/transparence-du-financement-de-la-vie-politique-les-decomptes-finaux-des-votations-federales-du-3-mars-2024-sont-disponibles\/","og_locale":"fr_FR","og_type":"article","og_title":"Transparence du financement de la vie politique \u2013 les d\u00e9comptes finaux des votations f\u00e9d\u00e9rales du 3 mars 2024 sont disponibles","og_description":"Berne, le 17 mai 2024 \u2013 Les montants d\u00e9finitifs des recettes pour les campagnes de votation du3 mars 2024 sont disponibles. Ils sont sup\u00e9rieurs aux valeurs budg\u00e9tis\u00e9es publi\u00e9es avant le scrutin.Le Contr\u00f4le f\u00e9d\u00e9ral des finances (CDF) a effectu\u00e9 des contr\u00f4les mat\u00e9riels sur quatre campagnesrelatives \u00e0 ce scrutin et a publi\u00e9 la liste correspondante. Une campagne [&hellip;]","og_url":"https:\/\/www.efk.admin.ch\/fr\/transparence-du-financement-de-la-vie-politique-les-decomptes-finaux-des-votations-federales-du-3-mars-2024-sont-disponibles\/","og_site_name":"Contr\u00f4le f\u00e9d\u00e9ral des finances (CDF)","article_published_time":"2024-05-17T07:00:00+00:00","og_image":[{"url":"https:\/\/www.efk.admin.ch\/wp-content\/uploads\/publikationen\/webnews\/2024\/fipo_03\/20240517_grafiken_fipo_mm_schlusszahlen_3.3.24_f-999x1024.jpg","type":"","width":"","height":""}],"author":"Benjamin Meyer","twitter_card":"summary_large_image","twitter_misc":{"\u00c9crit par":"Benjamin Meyer","Dur\u00e9e de lecture estim\u00e9e":"1 minute"},"schema":{"@context":"https:\/\/schema.org","@graph":[{"@type":"Article","@id":"https:\/\/www.efk.admin.ch\/fr\/transparence-du-financement-de-la-vie-politique-les-decomptes-finaux-des-votations-federales-du-3-mars-2024-sont-disponibles\/#article","isPartOf":{"@id":"https:\/\/www.efk.admin.ch\/fr\/transparence-du-financement-de-la-vie-politique-les-decomptes-finaux-des-votations-federales-du-3-mars-2024-sont-disponibles\/"},"author":{"name":"Benjamin Meyer","@id":"https:\/\/www.efk.admin.ch\/fr\/#\/schema\/person\/a33aae6a9e254690e482e7ee9617a5d5"},"headline":"Transparence du financement de la vie politique \u2013 les d\u00e9comptes finaux des votations f\u00e9d\u00e9rales du 3 mars 2024 sont disponibles","datePublished":"2024-05-17T07:00:00+00:00","mainEntityOfPage":{"@id":"https:\/\/www.efk.admin.ch\/fr\/transparence-du-financement-de-la-vie-politique-les-decomptes-finaux-des-votations-federales-du-3-mars-2024-sont-disponibles\/"},"wordCount":257,"publisher":{"@id":"https:\/\/www.efk.admin.ch\/fr\/#organization"},"image":{"@id":"https:\/\/www.efk.admin.ch\/fr\/transparence-du-financement-de-la-vie-politique-les-decomptes-finaux-des-votations-federales-du-3-mars-2024-sont-disponibles\/#primaryimage"},"thumbnailUrl":"https:\/\/www.efk.admin.ch\/wp-content\/uploads\/publikationen\/webnews\/2024\/fipo_03\/20240517_grafiken_fipo_mm_schlusszahlen_3.3.24_f-999x1024.jpg","articleSection":["News","Transparence du financement de la vie politique"],"inLanguage":"fr-FR"},{"@type":"WebPage","@id":"https:\/\/www.efk.admin.ch\/fr\/transparence-du-financement-de-la-vie-politique-les-decomptes-finaux-des-votations-federales-du-3-mars-2024-sont-disponibles\/","url":"https:\/\/www.efk.admin.ch\/fr\/transparence-du-financement-de-la-vie-politique-les-decomptes-finaux-des-votations-federales-du-3-mars-2024-sont-disponibles\/","name":"Transparence du financement de la vie politique \u2013 les d\u00e9comptes finaux des votations f\u00e9d\u00e9rales du 3 mars 2024 sont disponibles - Contr\u00f4le f\u00e9d\u00e9ral des finances (CDF)","isPartOf":{"@id":"https:\/\/www.efk.admin.ch\/fr\/#website"},"primaryImageOfPage":{"@id":"https:\/\/www.efk.admin.ch\/fr\/transparence-du-financement-de-la-vie-politique-les-decomptes-finaux-des-votations-federales-du-3-mars-2024-sont-disponibles\/#primaryimage"},"image":{"@id":"https:\/\/www.efk.admin.ch\/fr\/transparence-du-financement-de-la-vie-politique-les-decomptes-finaux-des-votations-federales-du-3-mars-2024-sont-disponibles\/#primaryimage"},"thumbnailUrl":"https:\/\/www.efk.admin.ch\/wp-content\/uploads\/publikationen\/webnews\/2024\/fipo_03\/20240517_grafiken_fipo_mm_schlusszahlen_3.3.24_f-999x1024.jpg","datePublished":"2024-05-17T07:00:00+00:00","breadcrumb":{"@id":"https:\/\/www.efk.admin.ch\/fr\/transparence-du-financement-de-la-vie-politique-les-decomptes-finaux-des-votations-federales-du-3-mars-2024-sont-disponibles\/#breadcrumb"},"inLanguage":"fr-FR","potentialAction":[{"@type":"ReadAction","target":["https:\/\/www.efk.admin.ch\/fr\/transparence-du-financement-de-la-vie-politique-les-decomptes-finaux-des-votations-federales-du-3-mars-2024-sont-disponibles\/"]}]},{"@type":"ImageObject","inLanguage":"fr-FR","@id":"https:\/\/www.efk.admin.ch\/fr\/transparence-du-financement-de-la-vie-politique-les-decomptes-finaux-des-votations-federales-du-3-mars-2024-sont-disponibles\/#primaryimage","url":"https:\/\/www.efk.admin.ch\/wp-content\/uploads\/publikationen\/webnews\/2024\/fipo_03\/20240517_grafiken_fipo_mm_schlusszahlen_3.3.24_f-999x1024.jpg","contentUrl":"https:\/\/www.efk.admin.ch\/wp-content\/uploads\/publikationen\/webnews\/2024\/fipo_03\/20240517_grafiken_fipo_mm_schlusszahlen_3.3.24_f-999x1024.jpg"},{"@type":"BreadcrumbList","@id":"https:\/\/www.efk.admin.ch\/fr\/transparence-du-financement-de-la-vie-politique-les-decomptes-finaux-des-votations-federales-du-3-mars-2024-sont-disponibles\/#breadcrumb","itemListElement":[{"@type":"ListItem","position":1,"name":"Home","item":"https:\/\/www.efk.admin.ch\/fr\/"},{"@type":"ListItem","position":2,"name":"Transparence du financement de la vie politique \u2013 les d\u00e9comptes finaux des votations f\u00e9d\u00e9rales du 3 mars 2024 sont disponibles"}]},{"@type":"WebSite","@id":"https:\/\/www.efk.admin.ch\/fr\/#website","url":"https:\/\/www.efk.admin.ch\/fr\/","name":"Informationen \u00fcber das oberste Finanzaufsichtsorgan der Schweiz","description":"Le Contr\u00f4le f\u00e9d\u00e9ral des finances (CDF) est l'organe supr\u00eame de surveillance financi\u00e8re de la Conf\u00e9d\u00e9ration suisse.","publisher":{"@id":"https:\/\/www.efk.admin.ch\/fr\/#organization"},"alternateName":"EFK","potentialAction":[{"@type":"SearchAction","target":{"@type":"EntryPoint","urlTemplate":"https:\/\/www.efk.admin.ch\/fr\/?s={search_term_string}"},"query-input":{"@type":"PropertyValueSpecification","valueRequired":true,"valueName":"search_term_string"}}],"inLanguage":"fr-FR"},{"@type":"Organization","@id":"https:\/\/www.efk.admin.ch\/fr\/#organization","name":"Contr\u00f4le f\u00e9d\u00e9ral des finances (CDF)","alternateName":"EFK","url":"https:\/\/www.efk.admin.ch\/fr\/","logo":{"@type":"ImageObject","inLanguage":"fr-FR","@id":"https:\/\/www.efk.admin.ch\/fr\/#\/schema\/logo\/image\/","url":"https:\/\/www.efk.admin.ch\/wp-content\/uploads\/efk_cdf_logo_ohne_claim.png","contentUrl":"https:\/\/www.efk.admin.ch\/wp-content\/uploads\/efk_cdf_logo_ohne_claim.png","width":268,"height":258,"caption":"Contr\u00f4le f\u00e9d\u00e9ral des finances (CDF)"},"image":{"@id":"https:\/\/www.efk.admin.ch\/fr\/#\/schema\/logo\/image\/"},"sameAs":["https:\/\/www.instagram.com\/efk_cdf_sfao\/","https:\/\/www.youtube.com\/channel\/UCm-bXj227VE5sJzhB-ihdvw\/featured","https:\/\/www.linkedin.com\/company\/11081578\/"]},{"@type":"Person","@id":"https:\/\/www.efk.admin.ch\/fr\/#\/schema\/person\/a33aae6a9e254690e482e7ee9617a5d5","name":"Benjamin Meyer","image":{"@type":"ImageObject","inLanguage":"fr-FR","@id":"https:\/\/secure.gravatar.com\/avatar\/8d694065a0cf6be941f547fb223a776559dd983436e0e8b2198b05e5cbd4ad85?s=96&d=mm&r=g","url":"https:\/\/secure.gravatar.com\/avatar\/8d694065a0cf6be941f547fb223a776559dd983436e0e8b2198b05e5cbd4ad85?s=96&d=mm&r=g","contentUrl":"https:\/\/secure.gravatar.com\/avatar\/8d694065a0cf6be941f547fb223a776559dd983436e0e8b2198b05e5cbd4ad85?s=96&d=mm&r=g","caption":"Benjamin Meyer"},"url":"https:\/\/www.efk.admin.ch\/fr\/author\/bmeyer\/"}]}},"_links":{"self":[{"href":"https:\/\/www.efk.admin.ch\/fr\/wp-json\/wp\/v2\/posts\/31227","targetHints":{"allow":["GET"]}}],"collection":[{"href":"https:\/\/www.efk.admin.ch\/fr\/wp-json\/wp\/v2\/posts"}],"about":[{"href":"https:\/\/www.efk.admin.ch\/fr\/wp-json\/wp\/v2\/types\/post"}],"author":[{"embeddable":true,"href":"https:\/\/www.efk.admin.ch\/fr\/wp-json\/wp\/v2\/users\/14"}],"replies":[{"embeddable":true,"href":"https:\/\/www.efk.admin.ch\/fr\/wp-json\/wp\/v2\/comments?post=31227"}],"version-history":[{"count":4,"href":"https:\/\/www.efk.admin.ch\/fr\/wp-json\/wp\/v2\/posts\/31227\/revisions"}],"predecessor-version":[{"id":33198,"href":"https:\/\/www.efk.admin.ch\/fr\/wp-json\/wp\/v2\/posts\/31227\/revisions\/33198"}],"wp:attachment":[{"href":"https:\/\/www.efk.admin.ch\/fr\/wp-json\/wp\/v2\/media?parent=31227"}],"wp:term":[{"taxonomy":"category","embeddable":true,"href":"https:\/\/www.efk.admin.ch\/fr\/wp-json\/wp\/v2\/categories?post=31227"},{"taxonomy":"post_tag","embeddable":true,"href":"https:\/\/www.efk.admin.ch\/fr\/wp-json\/wp\/v2\/tags?post=31227"}],"curies":[{"name":"wp","href":"https:\/\/api.w.org\/{rel}","templated":true}]}}