{"id":26169,"date":"2020-03-24T06:00:00","date_gmt":"2020-03-24T05:00:00","guid":{"rendered":"https:\/\/preview.efk.admin.ch\/?p=26169"},"modified":"2024-03-27T11:06:10","modified_gmt":"2024-03-27T10:06:10","slug":"le-controle-federal-des-finances-reoriente-ses-activites-daudit-et-apporte-son-soutien-a-ladministration-federale","status":"publish","type":"post","link":"https:\/\/www.efk.admin.ch\/fr\/le-controle-federal-des-finances-reoriente-ses-activites-daudit-et-apporte-son-soutien-a-ladministration-federale\/","title":{"rendered":"Le Contr\u00f4le f\u00e9d\u00e9ral des finances r\u00e9oriente ses activit\u00e9s d\u2019audit et apporte son soutien \u00e0 l\u2019administration f\u00e9d\u00e9rale"},"content":{"rendered":"\n<p>En raison de la propagation du coronavirus en Suisse, le Contr\u00f4le f\u00e9d\u00e9ral des finances (CDF) a suspendu une large partie de ses examens sur le terrain et a interrompu la diffusion de ses publications. Il r\u00e9oriente son approche d\u2019audit avec des \u00e9quipes d\u00e9centralis\u00e9es pour surveiller les mesures pr\u00e9vues par le Conseil f\u00e9d\u00e9ral.<\/p>\n\n\n\n<p>La semaine derni\u00e8re, le CDF a observ\u00e9 les mesures lanc\u00e9es par le Conseil f\u00e9d\u00e9ral afin d\u2019att\u00e9nuer les suites \u00e9conomiques de la crise sanitaire due \u00e0 la propagation du coronavirus (Covid-19) en Suisse. Ces mesures concernent notamment l\u2019aide aux entreprises, l\u2019assurance-ch\u00f4mage, les allocations pour perte de gain, l\u2019aide aux milieux culturels et aux milieux sportifs.<\/p>\n\n\n\n<p>La Direction du CDF a d\u00e9cid\u00e9 de changer exceptionnellement son approche d\u2019audit. Selon les cas, les examens&nbsp;<em>ex post<\/em>&nbsp;des programmes d\u2019indemnisation \u00e9labor\u00e9s par l\u2019administration f\u00e9d\u00e9rale seront remplac\u00e9s par de rapides contr\u00f4les par sondage&nbsp;<em>avant l\u2019ex\u00e9cution des d\u00e9penses<\/em>. Cette approche est d\u00e9j\u00e0 explicitement pr\u00e9vue dans la Loi sur le contr\u00f4le des finances. Le CDF a indiqu\u00e9 ce changement de pratique \u00e0 la Chancellerie, aux D\u00e9partements f\u00e9d\u00e9raux et \u00e0 la D\u00e9l\u00e9gation parlementaire des finances. L\u2019accueil de ce changement a \u00e9t\u00e9 favorable.<\/p>\n\n\n\n<h4 class=\"wp-block-heading\">Le cas d\u2019\u00e9cole de Swissair<\/h4>\n\n\n\n<p>Le CDF s\u2019appuie sur son exp\u00e9rience lors du sauvetage de Swissair en 2001. A l\u2019\u00e9poque, quatre jours apr\u00e8s l\u2019octroi d\u2019un pr\u00eat d\u2019un milliard de francs \u00e0 la compagnie a\u00e9rienne, une \u00e9quipe d\u2019audit du CDF se trouvait \u00e0 Kloten (ZH) pour v\u00e9rifier sur place et durant six mois l\u2019utilisation correcte de l\u2019argent f\u00e9d\u00e9ral. La proximit\u00e9 des auditeurs avait permis de travailler de mani\u00e8re efficace et sans entraver le processus d\u2019indemnisation.<\/p>\n\n\n\n<p>Pour le CDF, cette mesure exceptionnelle va renforcer la qualit\u00e9 du travail de l\u2019administration f\u00e9d\u00e9rale et donner au Parlement l\u2019assurance que les moyens allou\u00e9s atteignent les buts vis\u00e9s. De plus, cette approche doit permettre de limiter les risques de corrections ult\u00e9rieures et apporter une s\u00e9curit\u00e9 \u00e0 tous les acteurs concern\u00e9s.<\/p>\n\n\n\n<h4 class=\"wp-block-heading\">Le CDF renforce l\u2019administration f\u00e9d\u00e9rale<\/h4>\n\n\n\n<p>Depuis la semaine derni\u00e8re, le CDF a \u00e9galement suspendu une large partie de ses examens sur le terrain et a interrompu la diffusion de ses publications. Ces d\u00e9cisions soulagent directement l\u2019administration f\u00e9d\u00e9rale. En outre, deux collaborateurs du CDF renforcent l\u2019\u00e9tat-major de crise du Secr\u00e9tariat g\u00e9n\u00e9ral du D\u00e9partement f\u00e9d\u00e9ral de l\u2019int\u00e9rieur.<\/p>\n\n\n\n<p>Enfin, comme toute l\u2019administration f\u00e9d\u00e9rale, le CDF privil\u00e9gie une organisation du travail respectueuse des r\u00e8gles de confinement et des restrictions dans les d\u00e9placements de son personnel. Il suit en cela scrupuleusement les recommandations du Conseil f\u00e9d\u00e9ral et de l\u2019Office f\u00e9d\u00e9ral de la sant\u00e9 publique.<\/p>\n","protected":false},"excerpt":{"rendered":"<p>En raison de la propagation du coronavirus en Suisse, le Contr\u00f4le f\u00e9d\u00e9ral des finances (CDF) a suspendu une large partie de ses examens sur le terrain et a interrompu la diffusion de ses publications. Il r\u00e9oriente son approche d\u2019audit avec des \u00e9quipes d\u00e9centralis\u00e9es pour surveiller les mesures pr\u00e9vues par le Conseil f\u00e9d\u00e9ral. La semaine derni\u00e8re, [&hellip;]<\/p>\n","protected":false},"author":5,"featured_media":0,"comment_status":"closed","ping_status":"closed","sticky":false,"template":"","format":"standard","meta":{"_acf_changed":false,"footnotes":""},"categories":[95,213,239],"tags":[],"class_list":["post-26169","post","type-post","status-publish","format-standard","hentry","category-medienmitteilung","category-communique-de-presse","category-cdf"],"acf":[],"yoast_head":"<!-- This site is optimized with the Yoast SEO Premium plugin v27.4 (Yoast SEO v27.4) - https:\/\/yoast.com\/product\/yoast-seo-premium-wordpress\/ -->\n<title>Le Contr\u00f4le f\u00e9d\u00e9ral des finances r\u00e9oriente ses activit\u00e9s d\u2019audit et apporte son soutien \u00e0 l\u2019administration f\u00e9d\u00e9rale - Contr\u00f4le f\u00e9d\u00e9ral des finances (CDF)<\/title>\n<meta name=\"robots\" content=\"index, follow, max-snippet:-1, max-image-preview:large, max-video-preview:-1\" \/>\n<link rel=\"canonical\" href=\"https:\/\/www.efk.admin.ch\/fr\/le-controle-federal-des-finances-reoriente-ses-activites-daudit-et-apporte-son-soutien-a-ladministration-federale\/\" \/>\n<meta property=\"og:locale\" content=\"fr_FR\" \/>\n<meta property=\"og:type\" content=\"article\" \/>\n<meta property=\"og:title\" content=\"Le Contr\u00f4le f\u00e9d\u00e9ral des finances r\u00e9oriente ses activit\u00e9s d\u2019audit et apporte son soutien \u00e0 l\u2019administration f\u00e9d\u00e9rale\" \/>\n<meta property=\"og:description\" content=\"En raison de la propagation du coronavirus en Suisse, le Contr\u00f4le f\u00e9d\u00e9ral des finances (CDF) a suspendu une large partie de ses examens sur le terrain et a interrompu la diffusion de ses publications. Il r\u00e9oriente son approche d\u2019audit avec des \u00e9quipes d\u00e9centralis\u00e9es pour surveiller les mesures pr\u00e9vues par le Conseil f\u00e9d\u00e9ral. La semaine derni\u00e8re, [&hellip;]\" \/>\n<meta property=\"og:url\" content=\"https:\/\/www.efk.admin.ch\/fr\/le-controle-federal-des-finances-reoriente-ses-activites-daudit-et-apporte-son-soutien-a-ladministration-federale\/\" \/>\n<meta property=\"og:site_name\" content=\"Contr\u00f4le f\u00e9d\u00e9ral des finances (CDF)\" \/>\n<meta property=\"article:published_time\" content=\"2020-03-24T05:00:00+00:00\" \/>\n<meta property=\"article:modified_time\" content=\"2024-03-27T10:06:10+00:00\" \/>\n<meta property=\"og:image\" content=\"https:\/\/www.efk.admin.ch\/wp-content\/uploads\/test\/palais.jpg\" \/>\n\t<meta property=\"og:image:width\" content=\"750\" \/>\n\t<meta property=\"og:image:height\" content=\"500\" \/>\n\t<meta property=\"og:image:type\" content=\"image\/jpeg\" \/>\n<meta name=\"author\" content=\"Daniel Puric\" \/>\n<meta name=\"twitter:card\" content=\"summary_large_image\" \/>\n<meta name=\"twitter:label1\" content=\"\u00c9crit par\" \/>\n\t<meta name=\"twitter:data1\" content=\"Daniel Puric\" \/>\n\t<meta name=\"twitter:label2\" content=\"Dur\u00e9e de lecture estim\u00e9e\" \/>\n\t<meta name=\"twitter:data2\" content=\"3 minutes\" \/>\n<script type=\"application\/ld+json\" class=\"yoast-schema-graph\">{\"@context\":\"https:\\\/\\\/schema.org\",\"@graph\":[{\"@type\":\"Article\",\"@id\":\"https:\\\/\\\/www.efk.admin.ch\\\/fr\\\/le-controle-federal-des-finances-reoriente-ses-activites-daudit-et-apporte-son-soutien-a-ladministration-federale\\\/#article\",\"isPartOf\":{\"@id\":\"https:\\\/\\\/www.efk.admin.ch\\\/fr\\\/le-controle-federal-des-finances-reoriente-ses-activites-daudit-et-apporte-son-soutien-a-ladministration-federale\\\/\"},\"author\":{\"name\":\"Daniel Puric\",\"@id\":\"https:\\\/\\\/www.efk.admin.ch\\\/fr\\\/#\\\/schema\\\/person\\\/64fde6b991e45272f0a47bcf8064e250\"},\"headline\":\"Le Contr\u00f4le f\u00e9d\u00e9ral des finances r\u00e9oriente ses activit\u00e9s d\u2019audit et apporte son soutien \u00e0 l\u2019administration f\u00e9d\u00e9rale\",\"datePublished\":\"2020-03-24T05:00:00+00:00\",\"dateModified\":\"2024-03-27T10:06:10+00:00\",\"mainEntityOfPage\":{\"@id\":\"https:\\\/\\\/www.efk.admin.ch\\\/fr\\\/le-controle-federal-des-finances-reoriente-ses-activites-daudit-et-apporte-son-soutien-a-ladministration-federale\\\/\"},\"wordCount\":525,\"publisher\":{\"@id\":\"https:\\\/\\\/www.efk.admin.ch\\\/fr\\\/#organization\"},\"articleSection\":[\"Medienmitteilung\",\"Communiqu\u00e9 de presse\",\"CDF\"],\"inLanguage\":\"fr-FR\"},{\"@type\":\"WebPage\",\"@id\":\"https:\\\/\\\/www.efk.admin.ch\\\/fr\\\/le-controle-federal-des-finances-reoriente-ses-activites-daudit-et-apporte-son-soutien-a-ladministration-federale\\\/\",\"url\":\"https:\\\/\\\/www.efk.admin.ch\\\/fr\\\/le-controle-federal-des-finances-reoriente-ses-activites-daudit-et-apporte-son-soutien-a-ladministration-federale\\\/\",\"name\":\"Le Contr\u00f4le f\u00e9d\u00e9ral des finances r\u00e9oriente ses activit\u00e9s d\u2019audit et apporte son soutien \u00e0 l\u2019administration f\u00e9d\u00e9rale - Contr\u00f4le f\u00e9d\u00e9ral des finances (CDF)\",\"isPartOf\":{\"@id\":\"https:\\\/\\\/www.efk.admin.ch\\\/fr\\\/#website\"},\"datePublished\":\"2020-03-24T05:00:00+00:00\",\"dateModified\":\"2024-03-27T10:06:10+00:00\",\"breadcrumb\":{\"@id\":\"https:\\\/\\\/www.efk.admin.ch\\\/fr\\\/le-controle-federal-des-finances-reoriente-ses-activites-daudit-et-apporte-son-soutien-a-ladministration-federale\\\/#breadcrumb\"},\"inLanguage\":\"fr-FR\",\"potentialAction\":[{\"@type\":\"ReadAction\",\"target\":[\"https:\\\/\\\/www.efk.admin.ch\\\/fr\\\/le-controle-federal-des-finances-reoriente-ses-activites-daudit-et-apporte-son-soutien-a-ladministration-federale\\\/\"]}]},{\"@type\":\"BreadcrumbList\",\"@id\":\"https:\\\/\\\/www.efk.admin.ch\\\/fr\\\/le-controle-federal-des-finances-reoriente-ses-activites-daudit-et-apporte-son-soutien-a-ladministration-federale\\\/#breadcrumb\",\"itemListElement\":[{\"@type\":\"ListItem\",\"position\":1,\"name\":\"Home\",\"item\":\"https:\\\/\\\/www.efk.admin.ch\\\/fr\\\/\"},{\"@type\":\"ListItem\",\"position\":2,\"name\":\"Le Contr\u00f4le f\u00e9d\u00e9ral des finances r\u00e9oriente ses activit\u00e9s d\u2019audit et apporte son soutien \u00e0 l\u2019administration f\u00e9d\u00e9rale\"}]},{\"@type\":\"WebSite\",\"@id\":\"https:\\\/\\\/www.efk.admin.ch\\\/fr\\\/#website\",\"url\":\"https:\\\/\\\/www.efk.admin.ch\\\/fr\\\/\",\"name\":\"Informationen \u00fcber das oberste Finanzaufsichtsorgan der Schweiz\",\"description\":\"Le Contr\u00f4le f\u00e9d\u00e9ral des finances (CDF) est l'organe supr\u00eame de surveillance financi\u00e8re de la Conf\u00e9d\u00e9ration suisse.\",\"publisher\":{\"@id\":\"https:\\\/\\\/www.efk.admin.ch\\\/fr\\\/#organization\"},\"alternateName\":\"EFK\",\"potentialAction\":[{\"@type\":\"SearchAction\",\"target\":{\"@type\":\"EntryPoint\",\"urlTemplate\":\"https:\\\/\\\/www.efk.admin.ch\\\/fr\\\/?s={search_term_string}\"},\"query-input\":{\"@type\":\"PropertyValueSpecification\",\"valueRequired\":true,\"valueName\":\"search_term_string\"}}],\"inLanguage\":\"fr-FR\"},{\"@type\":\"Organization\",\"@id\":\"https:\\\/\\\/www.efk.admin.ch\\\/fr\\\/#organization\",\"name\":\"Contr\u00f4le f\u00e9d\u00e9ral des finances (CDF)\",\"alternateName\":\"EFK\",\"url\":\"https:\\\/\\\/www.efk.admin.ch\\\/fr\\\/\",\"logo\":{\"@type\":\"ImageObject\",\"inLanguage\":\"fr-FR\",\"@id\":\"https:\\\/\\\/www.efk.admin.ch\\\/fr\\\/#\\\/schema\\\/logo\\\/image\\\/\",\"url\":\"https:\\\/\\\/www.efk.admin.ch\\\/wp-content\\\/uploads\\\/efk_cdf_logo_ohne_claim.png\",\"contentUrl\":\"https:\\\/\\\/www.efk.admin.ch\\\/wp-content\\\/uploads\\\/efk_cdf_logo_ohne_claim.png\",\"width\":268,\"height\":258,\"caption\":\"Contr\u00f4le f\u00e9d\u00e9ral des finances (CDF)\"},\"image\":{\"@id\":\"https:\\\/\\\/www.efk.admin.ch\\\/fr\\\/#\\\/schema\\\/logo\\\/image\\\/\"},\"sameAs\":[\"https:\\\/\\\/www.instagram.com\\\/efk_cdf_sfao\\\/\",\"https:\\\/\\\/www.youtube.com\\\/channel\\\/UCm-bXj227VE5sJzhB-ihdvw\\\/featured\",\"https:\\\/\\\/www.linkedin.com\\\/company\\\/11081578\\\/\"]},{\"@type\":\"Person\",\"@id\":\"https:\\\/\\\/www.efk.admin.ch\\\/fr\\\/#\\\/schema\\\/person\\\/64fde6b991e45272f0a47bcf8064e250\",\"name\":\"Daniel Puric\",\"image\":{\"@type\":\"ImageObject\",\"inLanguage\":\"fr-FR\",\"@id\":\"https:\\\/\\\/secure.gravatar.com\\\/avatar\\\/ffe31efa04db8f0faef01a94938996b689c09581aa45caed65155c9e3cb70af3?s=96&d=mm&r=g\",\"url\":\"https:\\\/\\\/secure.gravatar.com\\\/avatar\\\/ffe31efa04db8f0faef01a94938996b689c09581aa45caed65155c9e3cb70af3?s=96&d=mm&r=g\",\"contentUrl\":\"https:\\\/\\\/secure.gravatar.com\\\/avatar\\\/ffe31efa04db8f0faef01a94938996b689c09581aa45caed65155c9e3cb70af3?s=96&d=mm&r=g\",\"caption\":\"Daniel Puric\"},\"url\":\"https:\\\/\\\/www.efk.admin.ch\\\/fr\\\/author\\\/daniel-puric\\\/\"}]}<\/script>\n<!-- \/ Yoast SEO Premium plugin. -->","yoast_head_json":{"title":"Le Contr\u00f4le f\u00e9d\u00e9ral des finances r\u00e9oriente ses activit\u00e9s d\u2019audit et apporte son soutien \u00e0 l\u2019administration f\u00e9d\u00e9rale - Contr\u00f4le f\u00e9d\u00e9ral des finances (CDF)","robots":{"index":"index","follow":"follow","max-snippet":"max-snippet:-1","max-image-preview":"max-image-preview:large","max-video-preview":"max-video-preview:-1"},"canonical":"https:\/\/www.efk.admin.ch\/fr\/le-controle-federal-des-finances-reoriente-ses-activites-daudit-et-apporte-son-soutien-a-ladministration-federale\/","og_locale":"fr_FR","og_type":"article","og_title":"Le Contr\u00f4le f\u00e9d\u00e9ral des finances r\u00e9oriente ses activit\u00e9s d\u2019audit et apporte son soutien \u00e0 l\u2019administration f\u00e9d\u00e9rale","og_description":"En raison de la propagation du coronavirus en Suisse, le Contr\u00f4le f\u00e9d\u00e9ral des finances (CDF) a suspendu une large partie de ses examens sur le terrain et a interrompu la diffusion de ses publications. Il r\u00e9oriente son approche d\u2019audit avec des \u00e9quipes d\u00e9centralis\u00e9es pour surveiller les mesures pr\u00e9vues par le Conseil f\u00e9d\u00e9ral. La semaine derni\u00e8re, [&hellip;]","og_url":"https:\/\/www.efk.admin.ch\/fr\/le-controle-federal-des-finances-reoriente-ses-activites-daudit-et-apporte-son-soutien-a-ladministration-federale\/","og_site_name":"Contr\u00f4le f\u00e9d\u00e9ral des finances (CDF)","article_published_time":"2020-03-24T05:00:00+00:00","article_modified_time":"2024-03-27T10:06:10+00:00","og_image":[{"width":750,"height":500,"url":"https:\/\/www.efk.admin.ch\/wp-content\/uploads\/test\/palais.jpg","type":"image\/jpeg"}],"author":"Daniel Puric","twitter_card":"summary_large_image","twitter_misc":{"\u00c9crit par":"Daniel Puric","Dur\u00e9e de lecture estim\u00e9e":"3 minutes"},"schema":{"@context":"https:\/\/schema.org","@graph":[{"@type":"Article","@id":"https:\/\/www.efk.admin.ch\/fr\/le-controle-federal-des-finances-reoriente-ses-activites-daudit-et-apporte-son-soutien-a-ladministration-federale\/#article","isPartOf":{"@id":"https:\/\/www.efk.admin.ch\/fr\/le-controle-federal-des-finances-reoriente-ses-activites-daudit-et-apporte-son-soutien-a-ladministration-federale\/"},"author":{"name":"Daniel Puric","@id":"https:\/\/www.efk.admin.ch\/fr\/#\/schema\/person\/64fde6b991e45272f0a47bcf8064e250"},"headline":"Le Contr\u00f4le f\u00e9d\u00e9ral des finances r\u00e9oriente ses activit\u00e9s d\u2019audit et apporte son soutien \u00e0 l\u2019administration f\u00e9d\u00e9rale","datePublished":"2020-03-24T05:00:00+00:00","dateModified":"2024-03-27T10:06:10+00:00","mainEntityOfPage":{"@id":"https:\/\/www.efk.admin.ch\/fr\/le-controle-federal-des-finances-reoriente-ses-activites-daudit-et-apporte-son-soutien-a-ladministration-federale\/"},"wordCount":525,"publisher":{"@id":"https:\/\/www.efk.admin.ch\/fr\/#organization"},"articleSection":["Medienmitteilung","Communiqu\u00e9 de presse","CDF"],"inLanguage":"fr-FR"},{"@type":"WebPage","@id":"https:\/\/www.efk.admin.ch\/fr\/le-controle-federal-des-finances-reoriente-ses-activites-daudit-et-apporte-son-soutien-a-ladministration-federale\/","url":"https:\/\/www.efk.admin.ch\/fr\/le-controle-federal-des-finances-reoriente-ses-activites-daudit-et-apporte-son-soutien-a-ladministration-federale\/","name":"Le Contr\u00f4le f\u00e9d\u00e9ral des finances r\u00e9oriente ses activit\u00e9s d\u2019audit et apporte son soutien \u00e0 l\u2019administration f\u00e9d\u00e9rale - Contr\u00f4le f\u00e9d\u00e9ral des finances (CDF)","isPartOf":{"@id":"https:\/\/www.efk.admin.ch\/fr\/#website"},"datePublished":"2020-03-24T05:00:00+00:00","dateModified":"2024-03-27T10:06:10+00:00","breadcrumb":{"@id":"https:\/\/www.efk.admin.ch\/fr\/le-controle-federal-des-finances-reoriente-ses-activites-daudit-et-apporte-son-soutien-a-ladministration-federale\/#breadcrumb"},"inLanguage":"fr-FR","potentialAction":[{"@type":"ReadAction","target":["https:\/\/www.efk.admin.ch\/fr\/le-controle-federal-des-finances-reoriente-ses-activites-daudit-et-apporte-son-soutien-a-ladministration-federale\/"]}]},{"@type":"BreadcrumbList","@id":"https:\/\/www.efk.admin.ch\/fr\/le-controle-federal-des-finances-reoriente-ses-activites-daudit-et-apporte-son-soutien-a-ladministration-federale\/#breadcrumb","itemListElement":[{"@type":"ListItem","position":1,"name":"Home","item":"https:\/\/www.efk.admin.ch\/fr\/"},{"@type":"ListItem","position":2,"name":"Le Contr\u00f4le f\u00e9d\u00e9ral des finances r\u00e9oriente ses activit\u00e9s d\u2019audit et apporte son soutien \u00e0 l\u2019administration f\u00e9d\u00e9rale"}]},{"@type":"WebSite","@id":"https:\/\/www.efk.admin.ch\/fr\/#website","url":"https:\/\/www.efk.admin.ch\/fr\/","name":"Informationen \u00fcber das oberste Finanzaufsichtsorgan der Schweiz","description":"Le Contr\u00f4le f\u00e9d\u00e9ral des finances (CDF) est l'organe supr\u00eame de surveillance financi\u00e8re de la Conf\u00e9d\u00e9ration suisse.","publisher":{"@id":"https:\/\/www.efk.admin.ch\/fr\/#organization"},"alternateName":"EFK","potentialAction":[{"@type":"SearchAction","target":{"@type":"EntryPoint","urlTemplate":"https:\/\/www.efk.admin.ch\/fr\/?s={search_term_string}"},"query-input":{"@type":"PropertyValueSpecification","valueRequired":true,"valueName":"search_term_string"}}],"inLanguage":"fr-FR"},{"@type":"Organization","@id":"https:\/\/www.efk.admin.ch\/fr\/#organization","name":"Contr\u00f4le f\u00e9d\u00e9ral des finances (CDF)","alternateName":"EFK","url":"https:\/\/www.efk.admin.ch\/fr\/","logo":{"@type":"ImageObject","inLanguage":"fr-FR","@id":"https:\/\/www.efk.admin.ch\/fr\/#\/schema\/logo\/image\/","url":"https:\/\/www.efk.admin.ch\/wp-content\/uploads\/efk_cdf_logo_ohne_claim.png","contentUrl":"https:\/\/www.efk.admin.ch\/wp-content\/uploads\/efk_cdf_logo_ohne_claim.png","width":268,"height":258,"caption":"Contr\u00f4le f\u00e9d\u00e9ral des finances (CDF)"},"image":{"@id":"https:\/\/www.efk.admin.ch\/fr\/#\/schema\/logo\/image\/"},"sameAs":["https:\/\/www.instagram.com\/efk_cdf_sfao\/","https:\/\/www.youtube.com\/channel\/UCm-bXj227VE5sJzhB-ihdvw\/featured","https:\/\/www.linkedin.com\/company\/11081578\/"]},{"@type":"Person","@id":"https:\/\/www.efk.admin.ch\/fr\/#\/schema\/person\/64fde6b991e45272f0a47bcf8064e250","name":"Daniel Puric","image":{"@type":"ImageObject","inLanguage":"fr-FR","@id":"https:\/\/secure.gravatar.com\/avatar\/ffe31efa04db8f0faef01a94938996b689c09581aa45caed65155c9e3cb70af3?s=96&d=mm&r=g","url":"https:\/\/secure.gravatar.com\/avatar\/ffe31efa04db8f0faef01a94938996b689c09581aa45caed65155c9e3cb70af3?s=96&d=mm&r=g","contentUrl":"https:\/\/secure.gravatar.com\/avatar\/ffe31efa04db8f0faef01a94938996b689c09581aa45caed65155c9e3cb70af3?s=96&d=mm&r=g","caption":"Daniel Puric"},"url":"https:\/\/www.efk.admin.ch\/fr\/author\/daniel-puric\/"}]}},"_links":{"self":[{"href":"https:\/\/www.efk.admin.ch\/fr\/wp-json\/wp\/v2\/posts\/26169","targetHints":{"allow":["GET"]}}],"collection":[{"href":"https:\/\/www.efk.admin.ch\/fr\/wp-json\/wp\/v2\/posts"}],"about":[{"href":"https:\/\/www.efk.admin.ch\/fr\/wp-json\/wp\/v2\/types\/post"}],"author":[{"embeddable":true,"href":"https:\/\/www.efk.admin.ch\/fr\/wp-json\/wp\/v2\/users\/5"}],"replies":[{"embeddable":true,"href":"https:\/\/www.efk.admin.ch\/fr\/wp-json\/wp\/v2\/comments?post=26169"}],"version-history":[{"count":1,"href":"https:\/\/www.efk.admin.ch\/fr\/wp-json\/wp\/v2\/posts\/26169\/revisions"}],"predecessor-version":[{"id":26170,"href":"https:\/\/www.efk.admin.ch\/fr\/wp-json\/wp\/v2\/posts\/26169\/revisions\/26170"}],"wp:attachment":[{"href":"https:\/\/www.efk.admin.ch\/fr\/wp-json\/wp\/v2\/media?parent=26169"}],"wp:term":[{"taxonomy":"category","embeddable":true,"href":"https:\/\/www.efk.admin.ch\/fr\/wp-json\/wp\/v2\/categories?post=26169"},{"taxonomy":"post_tag","embeddable":true,"href":"https:\/\/www.efk.admin.ch\/fr\/wp-json\/wp\/v2\/tags?post=26169"}],"curies":[{"name":"wp","href":"https:\/\/api.w.org\/{rel}","templated":true}]}}