{"id":26105,"date":"2020-09-15T06:00:00","date_gmt":"2020-09-15T04:00:00","guid":{"rendered":"https:\/\/preview.efk.admin.ch\/?p=26105"},"modified":"2024-03-25T07:55:38","modified_gmt":"2024-03-25T06:55:38","slug":"entreprises-publiques-suisses-reduire-les-risques-pour-letat","status":"publish","type":"post","link":"https:\/\/www.efk.admin.ch\/fr\/entreprises-publiques-suisses-reduire-les-risques-pour-letat\/","title":{"rendered":"Entreprises publiques suisses: r\u00e9duire les risques pour l\u2019Etat"},"content":{"rendered":"\n<p>Une surveillance accrue des entreprises publiques est essentielle pour une meilleure couverture des risques li\u00e9s \u00e0 leur gestion. C\u2019est le message des autorit\u00e9s de surveillance financi\u00e8re des cantons et de la Conf\u00e9d\u00e9ration. R\u00e9unies en conf\u00e9rence annuelle, elles ont rep\u00e9r\u00e9 des risques dans l\u2019application des principes de gouvernance et dans les outils de conduite des ex\u00e9cutifs.<\/p>\n","protected":false},"excerpt":{"rendered":"<p>Une surveillance accrue des entreprises publiques est essentielle pour une meilleure couverture des risques li\u00e9s \u00e0 leur gestion. C\u2019est le message des autorit\u00e9s de surveillance financi\u00e8re des cantons et de la Conf\u00e9d\u00e9ration. R\u00e9unies en conf\u00e9rence annuelle, elles ont rep\u00e9r\u00e9 des risques dans l\u2019application des principes de gouvernance et dans les outils de conduite des ex\u00e9cutifs.<\/p>\n","protected":false},"author":5,"featured_media":0,"comment_status":"closed","ping_status":"closed","sticky":false,"template":"","format":"standard","meta":{"_acf_changed":false,"footnotes":""},"categories":[95,213,239],"tags":[],"class_list":["post-26105","post","type-post","status-publish","format-standard","hentry","category-medienmitteilung","category-communique-de-presse","category-cdf"],"acf":[],"yoast_head":"<!-- This site is optimized with the Yoast SEO Premium plugin v27.4 (Yoast SEO v27.4) - https:\/\/yoast.com\/product\/yoast-seo-premium-wordpress\/ -->\n<title>Entreprises publiques suisses: r\u00e9duire les risques pour l\u2019Etat - Contr\u00f4le f\u00e9d\u00e9ral des finances (CDF)<\/title>\n<meta name=\"robots\" content=\"index, follow, max-snippet:-1, max-image-preview:large, max-video-preview:-1\" \/>\n<link rel=\"canonical\" href=\"https:\/\/www.efk.admin.ch\/fr\/entreprises-publiques-suisses-reduire-les-risques-pour-letat\/\" \/>\n<meta property=\"og:locale\" content=\"fr_FR\" \/>\n<meta property=\"og:type\" content=\"article\" \/>\n<meta property=\"og:title\" content=\"Entreprises publiques suisses: r\u00e9duire les risques pour l\u2019Etat\" \/>\n<meta property=\"og:description\" content=\"Une surveillance accrue des entreprises publiques est essentielle pour une meilleure couverture des risques li\u00e9s \u00e0 leur gestion. C\u2019est le message des autorit\u00e9s de surveillance financi\u00e8re des cantons et de la Conf\u00e9d\u00e9ration. R\u00e9unies en conf\u00e9rence annuelle, elles ont rep\u00e9r\u00e9 des risques dans l\u2019application des principes de gouvernance et dans les outils de conduite des ex\u00e9cutifs.\" \/>\n<meta property=\"og:url\" content=\"https:\/\/www.efk.admin.ch\/fr\/entreprises-publiques-suisses-reduire-les-risques-pour-letat\/\" \/>\n<meta property=\"og:site_name\" content=\"Contr\u00f4le f\u00e9d\u00e9ral des finances (CDF)\" \/>\n<meta property=\"article:published_time\" content=\"2020-09-15T04:00:00+00:00\" \/>\n<meta property=\"article:modified_time\" content=\"2024-03-25T06:55:38+00:00\" \/>\n<meta property=\"og:image\" content=\"https:\/\/www.efk.admin.ch\/wp-content\/uploads\/test\/palais.jpg\" \/>\n\t<meta property=\"og:image:width\" content=\"750\" \/>\n\t<meta property=\"og:image:height\" content=\"500\" \/>\n\t<meta property=\"og:image:type\" content=\"image\/jpeg\" \/>\n<meta name=\"author\" content=\"Daniel Puric\" \/>\n<meta name=\"twitter:card\" content=\"summary_large_image\" \/>\n<meta name=\"twitter:label1\" content=\"\u00c9crit par\" \/>\n\t<meta name=\"twitter:data1\" content=\"Daniel Puric\" \/>\n<script type=\"application\/ld+json\" class=\"yoast-schema-graph\">{\"@context\":\"https:\\\/\\\/schema.org\",\"@graph\":[{\"@type\":\"Article\",\"@id\":\"https:\\\/\\\/www.efk.admin.ch\\\/fr\\\/entreprises-publiques-suisses-reduire-les-risques-pour-letat\\\/#article\",\"isPartOf\":{\"@id\":\"https:\\\/\\\/www.efk.admin.ch\\\/fr\\\/entreprises-publiques-suisses-reduire-les-risques-pour-letat\\\/\"},\"author\":{\"name\":\"Daniel Puric\",\"@id\":\"https:\\\/\\\/www.efk.admin.ch\\\/fr\\\/#\\\/schema\\\/person\\\/64fde6b991e45272f0a47bcf8064e250\"},\"headline\":\"Entreprises publiques suisses: r\u00e9duire les risques pour l\u2019Etat\",\"datePublished\":\"2020-09-15T04:00:00+00:00\",\"dateModified\":\"2024-03-25T06:55:38+00:00\",\"mainEntityOfPage\":{\"@id\":\"https:\\\/\\\/www.efk.admin.ch\\\/fr\\\/entreprises-publiques-suisses-reduire-les-risques-pour-letat\\\/\"},\"wordCount\":75,\"publisher\":{\"@id\":\"https:\\\/\\\/www.efk.admin.ch\\\/fr\\\/#organization\"},\"articleSection\":[\"Medienmitteilung\",\"Communiqu\u00e9 de presse\",\"CDF\"],\"inLanguage\":\"fr-FR\"},{\"@type\":\"WebPage\",\"@id\":\"https:\\\/\\\/www.efk.admin.ch\\\/fr\\\/entreprises-publiques-suisses-reduire-les-risques-pour-letat\\\/\",\"url\":\"https:\\\/\\\/www.efk.admin.ch\\\/fr\\\/entreprises-publiques-suisses-reduire-les-risques-pour-letat\\\/\",\"name\":\"Entreprises publiques suisses: r\u00e9duire les risques pour l\u2019Etat - Contr\u00f4le f\u00e9d\u00e9ral des finances (CDF)\",\"isPartOf\":{\"@id\":\"https:\\\/\\\/www.efk.admin.ch\\\/fr\\\/#website\"},\"datePublished\":\"2020-09-15T04:00:00+00:00\",\"dateModified\":\"2024-03-25T06:55:38+00:00\",\"breadcrumb\":{\"@id\":\"https:\\\/\\\/www.efk.admin.ch\\\/fr\\\/entreprises-publiques-suisses-reduire-les-risques-pour-letat\\\/#breadcrumb\"},\"inLanguage\":\"fr-FR\",\"potentialAction\":[{\"@type\":\"ReadAction\",\"target\":[\"https:\\\/\\\/www.efk.admin.ch\\\/fr\\\/entreprises-publiques-suisses-reduire-les-risques-pour-letat\\\/\"]}]},{\"@type\":\"BreadcrumbList\",\"@id\":\"https:\\\/\\\/www.efk.admin.ch\\\/fr\\\/entreprises-publiques-suisses-reduire-les-risques-pour-letat\\\/#breadcrumb\",\"itemListElement\":[{\"@type\":\"ListItem\",\"position\":1,\"name\":\"Home\",\"item\":\"https:\\\/\\\/www.efk.admin.ch\\\/fr\\\/\"},{\"@type\":\"ListItem\",\"position\":2,\"name\":\"Entreprises publiques suisses: r\u00e9duire les risques pour l\u2019Etat\"}]},{\"@type\":\"WebSite\",\"@id\":\"https:\\\/\\\/www.efk.admin.ch\\\/fr\\\/#website\",\"url\":\"https:\\\/\\\/www.efk.admin.ch\\\/fr\\\/\",\"name\":\"Informationen \u00fcber das oberste Finanzaufsichtsorgan der Schweiz\",\"description\":\"Le Contr\u00f4le f\u00e9d\u00e9ral des finances (CDF) est l'organe supr\u00eame de surveillance financi\u00e8re de la Conf\u00e9d\u00e9ration suisse.\",\"publisher\":{\"@id\":\"https:\\\/\\\/www.efk.admin.ch\\\/fr\\\/#organization\"},\"alternateName\":\"EFK\",\"potentialAction\":[{\"@type\":\"SearchAction\",\"target\":{\"@type\":\"EntryPoint\",\"urlTemplate\":\"https:\\\/\\\/www.efk.admin.ch\\\/fr\\\/?s={search_term_string}\"},\"query-input\":{\"@type\":\"PropertyValueSpecification\",\"valueRequired\":true,\"valueName\":\"search_term_string\"}}],\"inLanguage\":\"fr-FR\"},{\"@type\":\"Organization\",\"@id\":\"https:\\\/\\\/www.efk.admin.ch\\\/fr\\\/#organization\",\"name\":\"Contr\u00f4le f\u00e9d\u00e9ral des finances (CDF)\",\"alternateName\":\"EFK\",\"url\":\"https:\\\/\\\/www.efk.admin.ch\\\/fr\\\/\",\"logo\":{\"@type\":\"ImageObject\",\"inLanguage\":\"fr-FR\",\"@id\":\"https:\\\/\\\/www.efk.admin.ch\\\/fr\\\/#\\\/schema\\\/logo\\\/image\\\/\",\"url\":\"https:\\\/\\\/www.efk.admin.ch\\\/wp-content\\\/uploads\\\/efk_cdf_logo_ohne_claim.png\",\"contentUrl\":\"https:\\\/\\\/www.efk.admin.ch\\\/wp-content\\\/uploads\\\/efk_cdf_logo_ohne_claim.png\",\"width\":268,\"height\":258,\"caption\":\"Contr\u00f4le f\u00e9d\u00e9ral des finances (CDF)\"},\"image\":{\"@id\":\"https:\\\/\\\/www.efk.admin.ch\\\/fr\\\/#\\\/schema\\\/logo\\\/image\\\/\"},\"sameAs\":[\"https:\\\/\\\/www.instagram.com\\\/efk_cdf_sfao\\\/\",\"https:\\\/\\\/www.youtube.com\\\/channel\\\/UCm-bXj227VE5sJzhB-ihdvw\\\/featured\",\"https:\\\/\\\/www.linkedin.com\\\/company\\\/11081578\\\/\"]},{\"@type\":\"Person\",\"@id\":\"https:\\\/\\\/www.efk.admin.ch\\\/fr\\\/#\\\/schema\\\/person\\\/64fde6b991e45272f0a47bcf8064e250\",\"name\":\"Daniel Puric\",\"image\":{\"@type\":\"ImageObject\",\"inLanguage\":\"fr-FR\",\"@id\":\"https:\\\/\\\/secure.gravatar.com\\\/avatar\\\/ffe31efa04db8f0faef01a94938996b689c09581aa45caed65155c9e3cb70af3?s=96&d=mm&r=g\",\"url\":\"https:\\\/\\\/secure.gravatar.com\\\/avatar\\\/ffe31efa04db8f0faef01a94938996b689c09581aa45caed65155c9e3cb70af3?s=96&d=mm&r=g\",\"contentUrl\":\"https:\\\/\\\/secure.gravatar.com\\\/avatar\\\/ffe31efa04db8f0faef01a94938996b689c09581aa45caed65155c9e3cb70af3?s=96&d=mm&r=g\",\"caption\":\"Daniel Puric\"},\"url\":\"https:\\\/\\\/www.efk.admin.ch\\\/fr\\\/author\\\/daniel-puric\\\/\"}]}<\/script>\n<!-- \/ Yoast SEO Premium plugin. -->","yoast_head_json":{"title":"Entreprises publiques suisses: r\u00e9duire les risques pour l\u2019Etat - Contr\u00f4le f\u00e9d\u00e9ral des finances (CDF)","robots":{"index":"index","follow":"follow","max-snippet":"max-snippet:-1","max-image-preview":"max-image-preview:large","max-video-preview":"max-video-preview:-1"},"canonical":"https:\/\/www.efk.admin.ch\/fr\/entreprises-publiques-suisses-reduire-les-risques-pour-letat\/","og_locale":"fr_FR","og_type":"article","og_title":"Entreprises publiques suisses: r\u00e9duire les risques pour l\u2019Etat","og_description":"Une surveillance accrue des entreprises publiques est essentielle pour une meilleure couverture des risques li\u00e9s \u00e0 leur gestion. C\u2019est le message des autorit\u00e9s de surveillance financi\u00e8re des cantons et de la Conf\u00e9d\u00e9ration. R\u00e9unies en conf\u00e9rence annuelle, elles ont rep\u00e9r\u00e9 des risques dans l\u2019application des principes de gouvernance et dans les outils de conduite des ex\u00e9cutifs.","og_url":"https:\/\/www.efk.admin.ch\/fr\/entreprises-publiques-suisses-reduire-les-risques-pour-letat\/","og_site_name":"Contr\u00f4le f\u00e9d\u00e9ral des finances (CDF)","article_published_time":"2020-09-15T04:00:00+00:00","article_modified_time":"2024-03-25T06:55:38+00:00","og_image":[{"width":750,"height":500,"url":"https:\/\/www.efk.admin.ch\/wp-content\/uploads\/test\/palais.jpg","type":"image\/jpeg"}],"author":"Daniel Puric","twitter_card":"summary_large_image","twitter_misc":{"\u00c9crit par":"Daniel Puric"},"schema":{"@context":"https:\/\/schema.org","@graph":[{"@type":"Article","@id":"https:\/\/www.efk.admin.ch\/fr\/entreprises-publiques-suisses-reduire-les-risques-pour-letat\/#article","isPartOf":{"@id":"https:\/\/www.efk.admin.ch\/fr\/entreprises-publiques-suisses-reduire-les-risques-pour-letat\/"},"author":{"name":"Daniel Puric","@id":"https:\/\/www.efk.admin.ch\/fr\/#\/schema\/person\/64fde6b991e45272f0a47bcf8064e250"},"headline":"Entreprises publiques suisses: r\u00e9duire les risques pour l\u2019Etat","datePublished":"2020-09-15T04:00:00+00:00","dateModified":"2024-03-25T06:55:38+00:00","mainEntityOfPage":{"@id":"https:\/\/www.efk.admin.ch\/fr\/entreprises-publiques-suisses-reduire-les-risques-pour-letat\/"},"wordCount":75,"publisher":{"@id":"https:\/\/www.efk.admin.ch\/fr\/#organization"},"articleSection":["Medienmitteilung","Communiqu\u00e9 de presse","CDF"],"inLanguage":"fr-FR"},{"@type":"WebPage","@id":"https:\/\/www.efk.admin.ch\/fr\/entreprises-publiques-suisses-reduire-les-risques-pour-letat\/","url":"https:\/\/www.efk.admin.ch\/fr\/entreprises-publiques-suisses-reduire-les-risques-pour-letat\/","name":"Entreprises publiques suisses: r\u00e9duire les risques pour l\u2019Etat - Contr\u00f4le f\u00e9d\u00e9ral des finances (CDF)","isPartOf":{"@id":"https:\/\/www.efk.admin.ch\/fr\/#website"},"datePublished":"2020-09-15T04:00:00+00:00","dateModified":"2024-03-25T06:55:38+00:00","breadcrumb":{"@id":"https:\/\/www.efk.admin.ch\/fr\/entreprises-publiques-suisses-reduire-les-risques-pour-letat\/#breadcrumb"},"inLanguage":"fr-FR","potentialAction":[{"@type":"ReadAction","target":["https:\/\/www.efk.admin.ch\/fr\/entreprises-publiques-suisses-reduire-les-risques-pour-letat\/"]}]},{"@type":"BreadcrumbList","@id":"https:\/\/www.efk.admin.ch\/fr\/entreprises-publiques-suisses-reduire-les-risques-pour-letat\/#breadcrumb","itemListElement":[{"@type":"ListItem","position":1,"name":"Home","item":"https:\/\/www.efk.admin.ch\/fr\/"},{"@type":"ListItem","position":2,"name":"Entreprises publiques suisses: r\u00e9duire les risques pour l\u2019Etat"}]},{"@type":"WebSite","@id":"https:\/\/www.efk.admin.ch\/fr\/#website","url":"https:\/\/www.efk.admin.ch\/fr\/","name":"Informationen \u00fcber das oberste Finanzaufsichtsorgan der Schweiz","description":"Le Contr\u00f4le f\u00e9d\u00e9ral des finances (CDF) est l'organe supr\u00eame de surveillance financi\u00e8re de la Conf\u00e9d\u00e9ration suisse.","publisher":{"@id":"https:\/\/www.efk.admin.ch\/fr\/#organization"},"alternateName":"EFK","potentialAction":[{"@type":"SearchAction","target":{"@type":"EntryPoint","urlTemplate":"https:\/\/www.efk.admin.ch\/fr\/?s={search_term_string}"},"query-input":{"@type":"PropertyValueSpecification","valueRequired":true,"valueName":"search_term_string"}}],"inLanguage":"fr-FR"},{"@type":"Organization","@id":"https:\/\/www.efk.admin.ch\/fr\/#organization","name":"Contr\u00f4le f\u00e9d\u00e9ral des finances (CDF)","alternateName":"EFK","url":"https:\/\/www.efk.admin.ch\/fr\/","logo":{"@type":"ImageObject","inLanguage":"fr-FR","@id":"https:\/\/www.efk.admin.ch\/fr\/#\/schema\/logo\/image\/","url":"https:\/\/www.efk.admin.ch\/wp-content\/uploads\/efk_cdf_logo_ohne_claim.png","contentUrl":"https:\/\/www.efk.admin.ch\/wp-content\/uploads\/efk_cdf_logo_ohne_claim.png","width":268,"height":258,"caption":"Contr\u00f4le f\u00e9d\u00e9ral des finances (CDF)"},"image":{"@id":"https:\/\/www.efk.admin.ch\/fr\/#\/schema\/logo\/image\/"},"sameAs":["https:\/\/www.instagram.com\/efk_cdf_sfao\/","https:\/\/www.youtube.com\/channel\/UCm-bXj227VE5sJzhB-ihdvw\/featured","https:\/\/www.linkedin.com\/company\/11081578\/"]},{"@type":"Person","@id":"https:\/\/www.efk.admin.ch\/fr\/#\/schema\/person\/64fde6b991e45272f0a47bcf8064e250","name":"Daniel Puric","image":{"@type":"ImageObject","inLanguage":"fr-FR","@id":"https:\/\/secure.gravatar.com\/avatar\/ffe31efa04db8f0faef01a94938996b689c09581aa45caed65155c9e3cb70af3?s=96&d=mm&r=g","url":"https:\/\/secure.gravatar.com\/avatar\/ffe31efa04db8f0faef01a94938996b689c09581aa45caed65155c9e3cb70af3?s=96&d=mm&r=g","contentUrl":"https:\/\/secure.gravatar.com\/avatar\/ffe31efa04db8f0faef01a94938996b689c09581aa45caed65155c9e3cb70af3?s=96&d=mm&r=g","caption":"Daniel Puric"},"url":"https:\/\/www.efk.admin.ch\/fr\/author\/daniel-puric\/"}]}},"_links":{"self":[{"href":"https:\/\/www.efk.admin.ch\/fr\/wp-json\/wp\/v2\/posts\/26105","targetHints":{"allow":["GET"]}}],"collection":[{"href":"https:\/\/www.efk.admin.ch\/fr\/wp-json\/wp\/v2\/posts"}],"about":[{"href":"https:\/\/www.efk.admin.ch\/fr\/wp-json\/wp\/v2\/types\/post"}],"author":[{"embeddable":true,"href":"https:\/\/www.efk.admin.ch\/fr\/wp-json\/wp\/v2\/users\/5"}],"replies":[{"embeddable":true,"href":"https:\/\/www.efk.admin.ch\/fr\/wp-json\/wp\/v2\/comments?post=26105"}],"version-history":[{"count":2,"href":"https:\/\/www.efk.admin.ch\/fr\/wp-json\/wp\/v2\/posts\/26105\/revisions"}],"predecessor-version":[{"id":26107,"href":"https:\/\/www.efk.admin.ch\/fr\/wp-json\/wp\/v2\/posts\/26105\/revisions\/26107"}],"wp:attachment":[{"href":"https:\/\/www.efk.admin.ch\/fr\/wp-json\/wp\/v2\/media?parent=26105"}],"wp:term":[{"taxonomy":"category","embeddable":true,"href":"https:\/\/www.efk.admin.ch\/fr\/wp-json\/wp\/v2\/categories?post=26105"},{"taxonomy":"post_tag","embeddable":true,"href":"https:\/\/www.efk.admin.ch\/fr\/wp-json\/wp\/v2\/tags?post=26105"}],"curies":[{"name":"wp","href":"https:\/\/api.w.org\/{rel}","templated":true}]}}