{"id":25800,"date":"2021-03-02T06:00:00","date_gmt":"2021-03-02T05:00:00","guid":{"rendered":"https:\/\/preview.efk.admin.ch\/?p=25800"},"modified":"2024-03-22T13:46:51","modified_gmt":"2024-03-22T12:46:51","slug":"la-cour-des-comptes-francaise-delivre-une-bonne-note-au-controle-federal-des-finances","status":"publish","type":"post","link":"https:\/\/www.efk.admin.ch\/fr\/la-cour-des-comptes-francaise-delivre-une-bonne-note-au-controle-federal-des-finances\/","title":{"rendered":"La Cour des comptes fran\u00e7aise d\u00e9livre une bonne note au Contr\u00f4le f\u00e9d\u00e9ral des finances"},"content":{"rendered":"\n<p>Fin 2020, les experts de la Cour des comptes fran\u00e7aise ont rendu un rapport d\u2019audit sur le Contr\u00f4le f\u00e9d\u00e9ral des finances (CDF). Leurs conclusions ont \u00e9t\u00e9 pr\u00e9sent\u00e9es \u00e0 la D\u00e9l\u00e9gation des finances des Chambres f\u00e9d\u00e9rales en f\u00e9vrier 2021. Cette revue par les pairs&nbsp;<em>(peer review)<\/em>&nbsp;a donn\u00e9 de bons r\u00e9sultats. Les recommandations \u00e9mises par les experts fran\u00e7ais seront mises en \u0153uvre par la direction du CDF d\u2019ici fin 2021.<\/p>\n\n\n\n<p>R\u00e9alis\u00e9e dans une situation complexe li\u00e9e \u00e0 la crise sanitaire, cette revue par les pairs a \u00e9t\u00e9 l\u2019occasion d\u2019examiner quatre dimensions du CDF : son ind\u00e9pendance, sa communication et ses relations avec les parties prenantes, l\u2019\u00e9thique, la transparence, le respect des r\u00e8gles de la bonne gouvernance et enfin, son approche de l\u2019audit ax\u00e9e sur la programmation et le suivi des recommandations. Cette&nbsp;<em>peer review<\/em>&nbsp;a aussi permis une large consultation. Elle a donn\u00e9 la parole aux entit\u00e9s externes audit\u00e9es par le CDF, \u00e0 ses clients de l\u2019administration f\u00e9d\u00e9rale, mais aussi \u00e0 ses diff\u00e9rents publics tant au Conseil f\u00e9d\u00e9ral, au Parlement que dans les m\u00e9dias. Fin 2020, la Cour des comptes fran\u00e7aise a livr\u00e9 son rapport final \u00e0 la direction du CDF, qui le publie sur son site Internet.<\/p>\n\n\n\n<p>Dans son \u00e9valuation, la Cour des comptes fran\u00e7aise estime qu\u2019une r\u00e9flexion sur le niveau de rattachement du CDF et sur les dispositions l\u00e9gales qui d\u00e9finissent ses missions pourrait conduire \u00ab \u00e0 formaliser son autonomie de gestion et \u00e0 lui reconna\u00eetre une comp\u00e9tence g\u00e9n\u00e9rale de contr\u00f4le des finances publiques et d\u2019information des citoyens \u00bb. Pour correspondre au standard de la profession (ISSAI 30), le CDF pourrait aussi \u00e9tablir son propre code de d\u00e9ontologie.<\/p>\n\n\n\n<p>Du point de vue de la communication, les experts fran\u00e7ais jugent qu\u2019une diversification des modalit\u00e9s de m\u00e9diatisation ou une meilleure exploitation des publications pass\u00e9es et de leur suivi pourraient apporter \u00ab une plus grande valorisation encore du r\u00f4le et des travaux du CDF \u00bb dans le public. Enfin, la Cour des comptes fran\u00e7aise rel\u00e8ve que la programmation du CDF est parfaitement en phase avec les risques existants dans le domaine des politiques publiques et de la gestion des entit\u00e9s audit\u00e9es.<\/p>\n\n\n\n<p>Pour m\u00e9moire, le CDF a \u00e9t\u00e9 l\u2019objet d\u2019examens par les pairs en 2005, en 2009 et en 2015. Il met ainsi en \u0153uvre les bonnes pratiques internationales. Comme par le pass\u00e9, la direction du CDF s\u2019est engag\u00e9e \u00e0 mettre en \u0153uvre les recommandations \u00e9mises lors de cet exercice. Ce sera le cas d\u2019ici \u00e0 fin 2021.<\/p>\n","protected":false},"excerpt":{"rendered":"<p>Fin 2020, les experts de la Cour des comptes fran\u00e7aise ont rendu un rapport d\u2019audit sur le Contr\u00f4le f\u00e9d\u00e9ral des finances (CDF). Leurs conclusions ont \u00e9t\u00e9 pr\u00e9sent\u00e9es \u00e0 la D\u00e9l\u00e9gation des finances des Chambres f\u00e9d\u00e9rales en f\u00e9vrier 2021. Cette revue par les pairs&nbsp;(peer review)&nbsp;a donn\u00e9 de bons r\u00e9sultats. Les recommandations \u00e9mises par les experts fran\u00e7ais [&hellip;]<\/p>\n","protected":false},"author":5,"featured_media":0,"comment_status":"closed","ping_status":"closed","sticky":false,"template":"","format":"standard","meta":{"_acf_changed":false,"footnotes":""},"categories":[95,213,239],"tags":[],"class_list":["post-25800","post","type-post","status-publish","format-standard","hentry","category-medienmitteilung","category-communique-de-presse","category-cdf"],"acf":[],"yoast_head":"<!-- This site is optimized with the Yoast SEO Premium plugin v27.4 (Yoast SEO v27.4) - https:\/\/yoast.com\/product\/yoast-seo-premium-wordpress\/ -->\n<title>La Cour des comptes fran\u00e7aise d\u00e9livre une bonne note au Contr\u00f4le f\u00e9d\u00e9ral des finances - Contr\u00f4le f\u00e9d\u00e9ral des finances (CDF)<\/title>\n<meta name=\"robots\" content=\"index, follow, max-snippet:-1, max-image-preview:large, max-video-preview:-1\" \/>\n<link rel=\"canonical\" href=\"https:\/\/www.efk.admin.ch\/fr\/la-cour-des-comptes-francaise-delivre-une-bonne-note-au-controle-federal-des-finances\/\" \/>\n<meta property=\"og:locale\" content=\"fr_FR\" \/>\n<meta property=\"og:type\" content=\"article\" \/>\n<meta property=\"og:title\" content=\"La Cour des comptes fran\u00e7aise d\u00e9livre une bonne note au Contr\u00f4le f\u00e9d\u00e9ral des finances\" \/>\n<meta property=\"og:description\" content=\"Fin 2020, les experts de la Cour des comptes fran\u00e7aise ont rendu un rapport d\u2019audit sur le Contr\u00f4le f\u00e9d\u00e9ral des finances (CDF). Leurs conclusions ont \u00e9t\u00e9 pr\u00e9sent\u00e9es \u00e0 la D\u00e9l\u00e9gation des finances des Chambres f\u00e9d\u00e9rales en f\u00e9vrier 2021. Cette revue par les pairs&nbsp;(peer review)&nbsp;a donn\u00e9 de bons r\u00e9sultats. Les recommandations \u00e9mises par les experts fran\u00e7ais [&hellip;]\" \/>\n<meta property=\"og:url\" content=\"https:\/\/www.efk.admin.ch\/fr\/la-cour-des-comptes-francaise-delivre-une-bonne-note-au-controle-federal-des-finances\/\" \/>\n<meta property=\"og:site_name\" content=\"Contr\u00f4le f\u00e9d\u00e9ral des finances (CDF)\" \/>\n<meta property=\"article:published_time\" content=\"2021-03-02T05:00:00+00:00\" \/>\n<meta property=\"article:modified_time\" content=\"2024-03-22T12:46:51+00:00\" \/>\n<meta property=\"og:image\" content=\"https:\/\/www.efk.admin.ch\/wp-content\/uploads\/test\/palais.jpg\" \/>\n\t<meta property=\"og:image:width\" content=\"750\" \/>\n\t<meta property=\"og:image:height\" content=\"500\" \/>\n\t<meta property=\"og:image:type\" content=\"image\/jpeg\" \/>\n<meta name=\"author\" content=\"Daniel Puric\" \/>\n<meta name=\"twitter:card\" content=\"summary_large_image\" \/>\n<meta name=\"twitter:label1\" content=\"\u00c9crit par\" \/>\n\t<meta name=\"twitter:data1\" content=\"Daniel Puric\" \/>\n\t<meta name=\"twitter:label2\" content=\"Dur\u00e9e de lecture estim\u00e9e\" \/>\n\t<meta name=\"twitter:data2\" content=\"2 minutes\" \/>\n<script type=\"application\/ld+json\" class=\"yoast-schema-graph\">{\"@context\":\"https:\\\/\\\/schema.org\",\"@graph\":[{\"@type\":\"Article\",\"@id\":\"https:\\\/\\\/www.efk.admin.ch\\\/fr\\\/la-cour-des-comptes-francaise-delivre-une-bonne-note-au-controle-federal-des-finances\\\/#article\",\"isPartOf\":{\"@id\":\"https:\\\/\\\/www.efk.admin.ch\\\/fr\\\/la-cour-des-comptes-francaise-delivre-une-bonne-note-au-controle-federal-des-finances\\\/\"},\"author\":{\"name\":\"Daniel Puric\",\"@id\":\"https:\\\/\\\/www.efk.admin.ch\\\/fr\\\/#\\\/schema\\\/person\\\/64fde6b991e45272f0a47bcf8064e250\"},\"headline\":\"La Cour des comptes fran\u00e7aise d\u00e9livre une bonne note au Contr\u00f4le f\u00e9d\u00e9ral des finances\",\"datePublished\":\"2021-03-02T05:00:00+00:00\",\"dateModified\":\"2024-03-22T12:46:51+00:00\",\"mainEntityOfPage\":{\"@id\":\"https:\\\/\\\/www.efk.admin.ch\\\/fr\\\/la-cour-des-comptes-francaise-delivre-une-bonne-note-au-controle-federal-des-finances\\\/\"},\"wordCount\":468,\"publisher\":{\"@id\":\"https:\\\/\\\/www.efk.admin.ch\\\/fr\\\/#organization\"},\"articleSection\":[\"Medienmitteilung\",\"Communiqu\u00e9 de presse\",\"CDF\"],\"inLanguage\":\"fr-FR\"},{\"@type\":\"WebPage\",\"@id\":\"https:\\\/\\\/www.efk.admin.ch\\\/fr\\\/la-cour-des-comptes-francaise-delivre-une-bonne-note-au-controle-federal-des-finances\\\/\",\"url\":\"https:\\\/\\\/www.efk.admin.ch\\\/fr\\\/la-cour-des-comptes-francaise-delivre-une-bonne-note-au-controle-federal-des-finances\\\/\",\"name\":\"La Cour des comptes fran\u00e7aise d\u00e9livre une bonne note au Contr\u00f4le f\u00e9d\u00e9ral des finances - Contr\u00f4le f\u00e9d\u00e9ral des finances (CDF)\",\"isPartOf\":{\"@id\":\"https:\\\/\\\/www.efk.admin.ch\\\/fr\\\/#website\"},\"datePublished\":\"2021-03-02T05:00:00+00:00\",\"dateModified\":\"2024-03-22T12:46:51+00:00\",\"breadcrumb\":{\"@id\":\"https:\\\/\\\/www.efk.admin.ch\\\/fr\\\/la-cour-des-comptes-francaise-delivre-une-bonne-note-au-controle-federal-des-finances\\\/#breadcrumb\"},\"inLanguage\":\"fr-FR\",\"potentialAction\":[{\"@type\":\"ReadAction\",\"target\":[\"https:\\\/\\\/www.efk.admin.ch\\\/fr\\\/la-cour-des-comptes-francaise-delivre-une-bonne-note-au-controle-federal-des-finances\\\/\"]}]},{\"@type\":\"BreadcrumbList\",\"@id\":\"https:\\\/\\\/www.efk.admin.ch\\\/fr\\\/la-cour-des-comptes-francaise-delivre-une-bonne-note-au-controle-federal-des-finances\\\/#breadcrumb\",\"itemListElement\":[{\"@type\":\"ListItem\",\"position\":1,\"name\":\"Home\",\"item\":\"https:\\\/\\\/www.efk.admin.ch\\\/fr\\\/\"},{\"@type\":\"ListItem\",\"position\":2,\"name\":\"La Cour des comptes fran\u00e7aise d\u00e9livre une bonne note au Contr\u00f4le f\u00e9d\u00e9ral des finances\"}]},{\"@type\":\"WebSite\",\"@id\":\"https:\\\/\\\/www.efk.admin.ch\\\/fr\\\/#website\",\"url\":\"https:\\\/\\\/www.efk.admin.ch\\\/fr\\\/\",\"name\":\"Informationen \u00fcber das oberste Finanzaufsichtsorgan der Schweiz\",\"description\":\"Le Contr\u00f4le f\u00e9d\u00e9ral des finances (CDF) est l'organe supr\u00eame de surveillance financi\u00e8re de la Conf\u00e9d\u00e9ration suisse.\",\"publisher\":{\"@id\":\"https:\\\/\\\/www.efk.admin.ch\\\/fr\\\/#organization\"},\"alternateName\":\"EFK\",\"potentialAction\":[{\"@type\":\"SearchAction\",\"target\":{\"@type\":\"EntryPoint\",\"urlTemplate\":\"https:\\\/\\\/www.efk.admin.ch\\\/fr\\\/?s={search_term_string}\"},\"query-input\":{\"@type\":\"PropertyValueSpecification\",\"valueRequired\":true,\"valueName\":\"search_term_string\"}}],\"inLanguage\":\"fr-FR\"},{\"@type\":\"Organization\",\"@id\":\"https:\\\/\\\/www.efk.admin.ch\\\/fr\\\/#organization\",\"name\":\"Contr\u00f4le f\u00e9d\u00e9ral des finances (CDF)\",\"alternateName\":\"EFK\",\"url\":\"https:\\\/\\\/www.efk.admin.ch\\\/fr\\\/\",\"logo\":{\"@type\":\"ImageObject\",\"inLanguage\":\"fr-FR\",\"@id\":\"https:\\\/\\\/www.efk.admin.ch\\\/fr\\\/#\\\/schema\\\/logo\\\/image\\\/\",\"url\":\"https:\\\/\\\/www.efk.admin.ch\\\/wp-content\\\/uploads\\\/efk_cdf_logo_ohne_claim.png\",\"contentUrl\":\"https:\\\/\\\/www.efk.admin.ch\\\/wp-content\\\/uploads\\\/efk_cdf_logo_ohne_claim.png\",\"width\":268,\"height\":258,\"caption\":\"Contr\u00f4le f\u00e9d\u00e9ral des finances (CDF)\"},\"image\":{\"@id\":\"https:\\\/\\\/www.efk.admin.ch\\\/fr\\\/#\\\/schema\\\/logo\\\/image\\\/\"},\"sameAs\":[\"https:\\\/\\\/www.instagram.com\\\/efk_cdf_sfao\\\/\",\"https:\\\/\\\/www.youtube.com\\\/channel\\\/UCm-bXj227VE5sJzhB-ihdvw\\\/featured\",\"https:\\\/\\\/www.linkedin.com\\\/company\\\/11081578\\\/\"]},{\"@type\":\"Person\",\"@id\":\"https:\\\/\\\/www.efk.admin.ch\\\/fr\\\/#\\\/schema\\\/person\\\/64fde6b991e45272f0a47bcf8064e250\",\"name\":\"Daniel Puric\",\"image\":{\"@type\":\"ImageObject\",\"inLanguage\":\"fr-FR\",\"@id\":\"https:\\\/\\\/secure.gravatar.com\\\/avatar\\\/ffe31efa04db8f0faef01a94938996b689c09581aa45caed65155c9e3cb70af3?s=96&d=mm&r=g\",\"url\":\"https:\\\/\\\/secure.gravatar.com\\\/avatar\\\/ffe31efa04db8f0faef01a94938996b689c09581aa45caed65155c9e3cb70af3?s=96&d=mm&r=g\",\"contentUrl\":\"https:\\\/\\\/secure.gravatar.com\\\/avatar\\\/ffe31efa04db8f0faef01a94938996b689c09581aa45caed65155c9e3cb70af3?s=96&d=mm&r=g\",\"caption\":\"Daniel Puric\"},\"url\":\"https:\\\/\\\/www.efk.admin.ch\\\/fr\\\/author\\\/daniel-puric\\\/\"}]}<\/script>\n<!-- \/ Yoast SEO Premium plugin. -->","yoast_head_json":{"title":"La Cour des comptes fran\u00e7aise d\u00e9livre une bonne note au Contr\u00f4le f\u00e9d\u00e9ral des finances - Contr\u00f4le f\u00e9d\u00e9ral des finances (CDF)","robots":{"index":"index","follow":"follow","max-snippet":"max-snippet:-1","max-image-preview":"max-image-preview:large","max-video-preview":"max-video-preview:-1"},"canonical":"https:\/\/www.efk.admin.ch\/fr\/la-cour-des-comptes-francaise-delivre-une-bonne-note-au-controle-federal-des-finances\/","og_locale":"fr_FR","og_type":"article","og_title":"La Cour des comptes fran\u00e7aise d\u00e9livre une bonne note au Contr\u00f4le f\u00e9d\u00e9ral des finances","og_description":"Fin 2020, les experts de la Cour des comptes fran\u00e7aise ont rendu un rapport d\u2019audit sur le Contr\u00f4le f\u00e9d\u00e9ral des finances (CDF). Leurs conclusions ont \u00e9t\u00e9 pr\u00e9sent\u00e9es \u00e0 la D\u00e9l\u00e9gation des finances des Chambres f\u00e9d\u00e9rales en f\u00e9vrier 2021. Cette revue par les pairs&nbsp;(peer review)&nbsp;a donn\u00e9 de bons r\u00e9sultats. Les recommandations \u00e9mises par les experts fran\u00e7ais [&hellip;]","og_url":"https:\/\/www.efk.admin.ch\/fr\/la-cour-des-comptes-francaise-delivre-une-bonne-note-au-controle-federal-des-finances\/","og_site_name":"Contr\u00f4le f\u00e9d\u00e9ral des finances (CDF)","article_published_time":"2021-03-02T05:00:00+00:00","article_modified_time":"2024-03-22T12:46:51+00:00","og_image":[{"width":750,"height":500,"url":"https:\/\/www.efk.admin.ch\/wp-content\/uploads\/test\/palais.jpg","type":"image\/jpeg"}],"author":"Daniel Puric","twitter_card":"summary_large_image","twitter_misc":{"\u00c9crit par":"Daniel Puric","Dur\u00e9e de lecture estim\u00e9e":"2 minutes"},"schema":{"@context":"https:\/\/schema.org","@graph":[{"@type":"Article","@id":"https:\/\/www.efk.admin.ch\/fr\/la-cour-des-comptes-francaise-delivre-une-bonne-note-au-controle-federal-des-finances\/#article","isPartOf":{"@id":"https:\/\/www.efk.admin.ch\/fr\/la-cour-des-comptes-francaise-delivre-une-bonne-note-au-controle-federal-des-finances\/"},"author":{"name":"Daniel Puric","@id":"https:\/\/www.efk.admin.ch\/fr\/#\/schema\/person\/64fde6b991e45272f0a47bcf8064e250"},"headline":"La Cour des comptes fran\u00e7aise d\u00e9livre une bonne note au Contr\u00f4le f\u00e9d\u00e9ral des finances","datePublished":"2021-03-02T05:00:00+00:00","dateModified":"2024-03-22T12:46:51+00:00","mainEntityOfPage":{"@id":"https:\/\/www.efk.admin.ch\/fr\/la-cour-des-comptes-francaise-delivre-une-bonne-note-au-controle-federal-des-finances\/"},"wordCount":468,"publisher":{"@id":"https:\/\/www.efk.admin.ch\/fr\/#organization"},"articleSection":["Medienmitteilung","Communiqu\u00e9 de presse","CDF"],"inLanguage":"fr-FR"},{"@type":"WebPage","@id":"https:\/\/www.efk.admin.ch\/fr\/la-cour-des-comptes-francaise-delivre-une-bonne-note-au-controle-federal-des-finances\/","url":"https:\/\/www.efk.admin.ch\/fr\/la-cour-des-comptes-francaise-delivre-une-bonne-note-au-controle-federal-des-finances\/","name":"La Cour des comptes fran\u00e7aise d\u00e9livre une bonne note au Contr\u00f4le f\u00e9d\u00e9ral des finances - Contr\u00f4le f\u00e9d\u00e9ral des finances (CDF)","isPartOf":{"@id":"https:\/\/www.efk.admin.ch\/fr\/#website"},"datePublished":"2021-03-02T05:00:00+00:00","dateModified":"2024-03-22T12:46:51+00:00","breadcrumb":{"@id":"https:\/\/www.efk.admin.ch\/fr\/la-cour-des-comptes-francaise-delivre-une-bonne-note-au-controle-federal-des-finances\/#breadcrumb"},"inLanguage":"fr-FR","potentialAction":[{"@type":"ReadAction","target":["https:\/\/www.efk.admin.ch\/fr\/la-cour-des-comptes-francaise-delivre-une-bonne-note-au-controle-federal-des-finances\/"]}]},{"@type":"BreadcrumbList","@id":"https:\/\/www.efk.admin.ch\/fr\/la-cour-des-comptes-francaise-delivre-une-bonne-note-au-controle-federal-des-finances\/#breadcrumb","itemListElement":[{"@type":"ListItem","position":1,"name":"Home","item":"https:\/\/www.efk.admin.ch\/fr\/"},{"@type":"ListItem","position":2,"name":"La Cour des comptes fran\u00e7aise d\u00e9livre une bonne note au Contr\u00f4le f\u00e9d\u00e9ral des finances"}]},{"@type":"WebSite","@id":"https:\/\/www.efk.admin.ch\/fr\/#website","url":"https:\/\/www.efk.admin.ch\/fr\/","name":"Informationen \u00fcber das oberste Finanzaufsichtsorgan der Schweiz","description":"Le Contr\u00f4le f\u00e9d\u00e9ral des finances (CDF) est l'organe supr\u00eame de surveillance financi\u00e8re de la Conf\u00e9d\u00e9ration suisse.","publisher":{"@id":"https:\/\/www.efk.admin.ch\/fr\/#organization"},"alternateName":"EFK","potentialAction":[{"@type":"SearchAction","target":{"@type":"EntryPoint","urlTemplate":"https:\/\/www.efk.admin.ch\/fr\/?s={search_term_string}"},"query-input":{"@type":"PropertyValueSpecification","valueRequired":true,"valueName":"search_term_string"}}],"inLanguage":"fr-FR"},{"@type":"Organization","@id":"https:\/\/www.efk.admin.ch\/fr\/#organization","name":"Contr\u00f4le f\u00e9d\u00e9ral des finances (CDF)","alternateName":"EFK","url":"https:\/\/www.efk.admin.ch\/fr\/","logo":{"@type":"ImageObject","inLanguage":"fr-FR","@id":"https:\/\/www.efk.admin.ch\/fr\/#\/schema\/logo\/image\/","url":"https:\/\/www.efk.admin.ch\/wp-content\/uploads\/efk_cdf_logo_ohne_claim.png","contentUrl":"https:\/\/www.efk.admin.ch\/wp-content\/uploads\/efk_cdf_logo_ohne_claim.png","width":268,"height":258,"caption":"Contr\u00f4le f\u00e9d\u00e9ral des finances (CDF)"},"image":{"@id":"https:\/\/www.efk.admin.ch\/fr\/#\/schema\/logo\/image\/"},"sameAs":["https:\/\/www.instagram.com\/efk_cdf_sfao\/","https:\/\/www.youtube.com\/channel\/UCm-bXj227VE5sJzhB-ihdvw\/featured","https:\/\/www.linkedin.com\/company\/11081578\/"]},{"@type":"Person","@id":"https:\/\/www.efk.admin.ch\/fr\/#\/schema\/person\/64fde6b991e45272f0a47bcf8064e250","name":"Daniel Puric","image":{"@type":"ImageObject","inLanguage":"fr-FR","@id":"https:\/\/secure.gravatar.com\/avatar\/ffe31efa04db8f0faef01a94938996b689c09581aa45caed65155c9e3cb70af3?s=96&d=mm&r=g","url":"https:\/\/secure.gravatar.com\/avatar\/ffe31efa04db8f0faef01a94938996b689c09581aa45caed65155c9e3cb70af3?s=96&d=mm&r=g","contentUrl":"https:\/\/secure.gravatar.com\/avatar\/ffe31efa04db8f0faef01a94938996b689c09581aa45caed65155c9e3cb70af3?s=96&d=mm&r=g","caption":"Daniel Puric"},"url":"https:\/\/www.efk.admin.ch\/fr\/author\/daniel-puric\/"}]}},"_links":{"self":[{"href":"https:\/\/www.efk.admin.ch\/fr\/wp-json\/wp\/v2\/posts\/25800","targetHints":{"allow":["GET"]}}],"collection":[{"href":"https:\/\/www.efk.admin.ch\/fr\/wp-json\/wp\/v2\/posts"}],"about":[{"href":"https:\/\/www.efk.admin.ch\/fr\/wp-json\/wp\/v2\/types\/post"}],"author":[{"embeddable":true,"href":"https:\/\/www.efk.admin.ch\/fr\/wp-json\/wp\/v2\/users\/5"}],"replies":[{"embeddable":true,"href":"https:\/\/www.efk.admin.ch\/fr\/wp-json\/wp\/v2\/comments?post=25800"}],"version-history":[{"count":2,"href":"https:\/\/www.efk.admin.ch\/fr\/wp-json\/wp\/v2\/posts\/25800\/revisions"}],"predecessor-version":[{"id":26059,"href":"https:\/\/www.efk.admin.ch\/fr\/wp-json\/wp\/v2\/posts\/25800\/revisions\/26059"}],"wp:attachment":[{"href":"https:\/\/www.efk.admin.ch\/fr\/wp-json\/wp\/v2\/media?parent=25800"}],"wp:term":[{"taxonomy":"category","embeddable":true,"href":"https:\/\/www.efk.admin.ch\/fr\/wp-json\/wp\/v2\/categories?post=25800"},{"taxonomy":"post_tag","embeddable":true,"href":"https:\/\/www.efk.admin.ch\/fr\/wp-json\/wp\/v2\/tags?post=25800"}],"curies":[{"name":"wp","href":"https:\/\/api.w.org\/{rel}","templated":true}]}}