{"id":25262,"date":"2024-01-19T06:00:00","date_gmt":"2024-01-19T05:00:00","guid":{"rendered":"https:\/\/preview.efk.admin.ch\/?p=25262"},"modified":"2025-09-01T16:26:46","modified_gmt":"2025-09-01T14:26:46","slug":"transparence-du-financement-de-la-vie-politique-les-decomptes-finaux-des-elections-federales-2023-sont-disponibles","status":"publish","type":"post","link":"https:\/\/www.efk.admin.ch\/fr\/transparence-du-financement-de-la-vie-politique-les-decomptes-finaux-des-elections-federales-2023-sont-disponibles\/","title":{"rendered":"Transparence du financement de la vie politique \u2013 les d\u00e9comptes finaux des \u00e9lections f\u00e9d\u00e9rales 2023 sont disponibles"},"content":{"rendered":"\n<p>Le financement de la vie politique est soumis \u00e0 de nouvelles r\u00e8gles de transparence au niveau f\u00e9d\u00e9ral. Le Contr\u00f4le f\u00e9d\u00e9ral des finances (CDF) a publi\u00e9 les d\u00e9comptes finaux des recettes relatives aux \u00e9lections 2023 ainsi qu\u2019une liste des actrices et acteurs contr\u00f4l\u00e9s pendant la campagne. Les recettes budg\u00e9tis\u00e9es pour les campagnes concernant la votation du 3 mars 2024 sont aussi disponibles.<\/p>\n\n\n\n<h4 class=\"wp-block-heading\">D\u00e9comptes finaux relatifs aux \u00e9lections au Conseil national<\/h4>\n\n\n\n<p>Pour les \u00e9lections au Conseil national, les recettes budg\u00e9tis\u00e9es devaient \u00eatre d\u00e9clar\u00e9es pour le 7 septembre 2023. Au 18 janvier 2024, le registre indique 277 d\u00e9comptes finaux pour un montant de 54,6 millions de francs. L\u2019\u00e9cart par rapport au budget d\u00e9clar\u00e9 se pr\u00e9sente comme suit : les recettes d\u00e9clar\u00e9es avant les \u00e9lections au Conseil national \u00e9taient inf\u00e9rieures de 1,4 %. La population a ainsi pu s\u2019appuyer avant le scrutin sur des pr\u00e9visions budg\u00e9taires fiables. La campagne individuelle la plus importante est celle de l\u2019UDC Suisse, avec 4,6 millions de francs, tandis qu\u2019au total, c\u2019est le PLR qui affiche, avec 12,9 millions de francs, les recettes soumises \u00e0 l\u2019obligation de d\u00e9clarer les plus \u00e9lev\u00e9es.<\/p>\n\n\n\n<h4 class=\"wp-block-heading\">Campagnes d\u2019\u00e9lection au Conseil des \u00c9tats : les recettes d\u00e9clar\u00e9es vont jusqu\u2019\u00e0 417 000 francs par campagne<\/h4>\n\n\n\n<p>Pour le Conseil des \u00c9tats, seuls les d\u00e9comptes finaux sup\u00e9rieurs \u00e0 50 000 francs des campagnes men\u00e9es avec succ\u00e8s doivent \u00eatre d\u00e9clar\u00e9s. Les recettes d\u00e9clar\u00e9es se montent \u00e0 417 000 francs au maximum. Les campagnes men\u00e9es dans les cantons tr\u00e8s peupl\u00e9s et celles o\u00f9 les si\u00e8ges au Conseil des \u00c9tats sont disput\u00e9s affichent les montants les plus \u00e9lev\u00e9s.<\/p>\n\n\n\n<h4 class=\"wp-block-heading\">La liste des acteurs contr\u00f4l\u00e9s est publi\u00e9e<\/h4>\n\n\n\n<p>Le CDF a publi\u00e9 la liste des acteurs ayant fait l\u2019objet d\u2019un contr\u00f4le mat\u00e9riel (voir annexe). Il a contr\u00f4l\u00e9 en profondeur, par \u00e9chantillonnage, 24 campagnes repr\u00e9sentant des recettes de 17,1 millions de francs. Cela correspond \u00e0 28,2 % du montant total des d\u00e9comptes finaux fournis pour les \u00e9lections 2023 au Conseil national et au Conseil des \u00c9tats. Les contr\u00f4les ont montr\u00e9 que les personnes concern\u00e9es \u00e9taient tr\u00e8s largement dispos\u00e9es \u00e0 coop\u00e9rer et \u00e0 respecter les dispositions l\u00e9gales. Le CDF n\u2019est pas autoris\u00e9 \u00e0 communiquer des informations sur le r\u00e9sultat de ces contr\u00f4les. Si toutefois un jugement p\u00e9nal est entr\u00e9 en force, il le mentionne sans commentaire dans le registre public.<\/p>\n\n\n\n<h4 class=\"wp-block-heading\">Recettes budg\u00e9tis\u00e9es pour la votation populaire du 3 mars 2024<\/h4>\n\n\n\n<p>Pour la premi\u00e8re fois dans le cadre des deux votations f\u00e9d\u00e9rales du 3 mars 2024, les campagnes sup\u00e9rieures \u00e0 50 000 francs sont soumises \u00e0 l\u2019obligation de d\u00e9clarer. Gr\u00e2ce \u00e0 cette nouveaut\u00e9, les citoyennes et citoyens peuvent s\u2019informer avant le scrutin sur les recettes et les dons nominatifs de plus de 15 000 francs des deux initiatives populaires sur le site Internet du CDF. Les partisans de l\u2019initiative populaire \u00ab Mieux vivre \u00e0 la retraite (initiative pour une 13e rente AVS) \u00bb disposent ainsi d\u2019un budget estim\u00e9 \u00e0 1,54 million de francs, tandis que les opposants pr\u00e9voient 3,56 millions de francs. Quant \u00e0 l\u2019initiative populaire \u00ab Pour une pr\u00e9voyance vieillesse s\u00fbre et p\u00e9renne (initiative sur les rentes) \u00bb, les partisans s\u2019attendent \u00e0 0,9 million de francs de recettes, et les opposants \u00e0 0,1 million de francs. Le CDF a proc\u00e9d\u00e9 \u00e0 un contr\u00f4le formel des budgets d\u00e9clar\u00e9s \u2013 des contr\u00f4les mat\u00e9riels seront effectu\u00e9s par \u00e9chantillonnage sur la base des d\u00e9comptes finaux.<\/p>\n","protected":false},"excerpt":{"rendered":"<p>Le financement de la vie politique est soumis \u00e0 de nouvelles r\u00e8gles de transparence au niveau f\u00e9d\u00e9ral. Le Contr\u00f4le f\u00e9d\u00e9ral des finances (CDF) a publi\u00e9 les d\u00e9comptes finaux des recettes relatives aux \u00e9lections 2023 ainsi qu\u2019une liste des actrices et acteurs contr\u00f4l\u00e9s pendant la campagne. Les recettes budg\u00e9tis\u00e9es pour les campagnes concernant la votation du [&hellip;]<\/p>\n","protected":false},"author":5,"featured_media":0,"comment_status":"closed","ping_status":"closed","sticky":false,"template":"","format":"standard","meta":{"_acf_changed":false,"footnotes":""},"categories":[95,219],"tags":[],"class_list":["post-25262","post","type-post","status-publish","format-standard","hentry","category-medienmitteilung","category-transparence-du-financement-de-la-vie-politique"],"acf":[],"yoast_head":"<!-- This site is optimized with the Yoast SEO Premium plugin v27.4 (Yoast SEO v27.4) - https:\/\/yoast.com\/product\/yoast-seo-premium-wordpress\/ -->\n<title>Transparence du financement de la vie politique \u2013 les d\u00e9comptes finaux des \u00e9lections f\u00e9d\u00e9rales 2023 sont disponibles - Contr\u00f4le f\u00e9d\u00e9ral des finances (CDF)<\/title>\n<meta name=\"robots\" content=\"index, follow, max-snippet:-1, max-image-preview:large, max-video-preview:-1\" \/>\n<link rel=\"canonical\" href=\"https:\/\/www.efk.admin.ch\/fr\/transparence-du-financement-de-la-vie-politique-les-decomptes-finaux-des-elections-federales-2023-sont-disponibles\/\" \/>\n<meta property=\"og:locale\" content=\"fr_FR\" \/>\n<meta property=\"og:type\" content=\"article\" \/>\n<meta property=\"og:title\" content=\"Transparence du financement de la vie politique \u2013 les d\u00e9comptes finaux des \u00e9lections f\u00e9d\u00e9rales 2023 sont disponibles\" \/>\n<meta property=\"og:description\" content=\"Le financement de la vie politique est soumis \u00e0 de nouvelles r\u00e8gles de transparence au niveau f\u00e9d\u00e9ral. Le Contr\u00f4le f\u00e9d\u00e9ral des finances (CDF) a publi\u00e9 les d\u00e9comptes finaux des recettes relatives aux \u00e9lections 2023 ainsi qu\u2019une liste des actrices et acteurs contr\u00f4l\u00e9s pendant la campagne. Les recettes budg\u00e9tis\u00e9es pour les campagnes concernant la votation du [&hellip;]\" \/>\n<meta property=\"og:url\" content=\"https:\/\/www.efk.admin.ch\/fr\/transparence-du-financement-de-la-vie-politique-les-decomptes-finaux-des-elections-federales-2023-sont-disponibles\/\" \/>\n<meta property=\"og:site_name\" content=\"Contr\u00f4le f\u00e9d\u00e9ral des finances (CDF)\" \/>\n<meta property=\"article:published_time\" content=\"2024-01-19T05:00:00+00:00\" \/>\n<meta property=\"article:modified_time\" content=\"2025-09-01T14:26:46+00:00\" \/>\n<meta property=\"og:image\" content=\"https:\/\/www.efk.admin.ch\/wp-content\/uploads\/test\/palais.jpg\" \/>\n\t<meta property=\"og:image:width\" content=\"750\" \/>\n\t<meta property=\"og:image:height\" content=\"500\" \/>\n\t<meta property=\"og:image:type\" content=\"image\/jpeg\" \/>\n<meta name=\"author\" content=\"Daniel Puric\" \/>\n<meta name=\"twitter:card\" content=\"summary_large_image\" \/>\n<meta name=\"twitter:label1\" content=\"\u00c9crit par\" \/>\n\t<meta name=\"twitter:data1\" content=\"Daniel Puric\" \/>\n\t<meta name=\"twitter:label2\" content=\"Dur\u00e9e de lecture estim\u00e9e\" \/>\n\t<meta name=\"twitter:data2\" content=\"4 minutes\" \/>\n<script type=\"application\/ld+json\" class=\"yoast-schema-graph\">{\"@context\":\"https:\\\/\\\/schema.org\",\"@graph\":[{\"@type\":\"Article\",\"@id\":\"https:\\\/\\\/www.efk.admin.ch\\\/fr\\\/transparence-du-financement-de-la-vie-politique-les-decomptes-finaux-des-elections-federales-2023-sont-disponibles\\\/#article\",\"isPartOf\":{\"@id\":\"https:\\\/\\\/www.efk.admin.ch\\\/fr\\\/transparence-du-financement-de-la-vie-politique-les-decomptes-finaux-des-elections-federales-2023-sont-disponibles\\\/\"},\"author\":{\"name\":\"Daniel Puric\",\"@id\":\"https:\\\/\\\/www.efk.admin.ch\\\/fr\\\/#\\\/schema\\\/person\\\/64fde6b991e45272f0a47bcf8064e250\"},\"headline\":\"Transparence du financement de la vie politique \u2013 les d\u00e9comptes finaux des \u00e9lections f\u00e9d\u00e9rales 2023 sont disponibles\",\"datePublished\":\"2024-01-19T05:00:00+00:00\",\"dateModified\":\"2025-09-01T14:26:46+00:00\",\"mainEntityOfPage\":{\"@id\":\"https:\\\/\\\/www.efk.admin.ch\\\/fr\\\/transparence-du-financement-de-la-vie-politique-les-decomptes-finaux-des-elections-federales-2023-sont-disponibles\\\/\"},\"wordCount\":599,\"publisher\":{\"@id\":\"https:\\\/\\\/www.efk.admin.ch\\\/fr\\\/#organization\"},\"articleSection\":[\"Medienmitteilung\",\"Transparence du financement de la vie politique\"],\"inLanguage\":\"fr-FR\"},{\"@type\":\"WebPage\",\"@id\":\"https:\\\/\\\/www.efk.admin.ch\\\/fr\\\/transparence-du-financement-de-la-vie-politique-les-decomptes-finaux-des-elections-federales-2023-sont-disponibles\\\/\",\"url\":\"https:\\\/\\\/www.efk.admin.ch\\\/fr\\\/transparence-du-financement-de-la-vie-politique-les-decomptes-finaux-des-elections-federales-2023-sont-disponibles\\\/\",\"name\":\"Transparence du financement de la vie politique \u2013 les d\u00e9comptes finaux des \u00e9lections f\u00e9d\u00e9rales 2023 sont disponibles - Contr\u00f4le f\u00e9d\u00e9ral des finances (CDF)\",\"isPartOf\":{\"@id\":\"https:\\\/\\\/www.efk.admin.ch\\\/fr\\\/#website\"},\"datePublished\":\"2024-01-19T05:00:00+00:00\",\"dateModified\":\"2025-09-01T14:26:46+00:00\",\"breadcrumb\":{\"@id\":\"https:\\\/\\\/www.efk.admin.ch\\\/fr\\\/transparence-du-financement-de-la-vie-politique-les-decomptes-finaux-des-elections-federales-2023-sont-disponibles\\\/#breadcrumb\"},\"inLanguage\":\"fr-FR\",\"potentialAction\":[{\"@type\":\"ReadAction\",\"target\":[\"https:\\\/\\\/www.efk.admin.ch\\\/fr\\\/transparence-du-financement-de-la-vie-politique-les-decomptes-finaux-des-elections-federales-2023-sont-disponibles\\\/\"]}]},{\"@type\":\"BreadcrumbList\",\"@id\":\"https:\\\/\\\/www.efk.admin.ch\\\/fr\\\/transparence-du-financement-de-la-vie-politique-les-decomptes-finaux-des-elections-federales-2023-sont-disponibles\\\/#breadcrumb\",\"itemListElement\":[{\"@type\":\"ListItem\",\"position\":1,\"name\":\"Home\",\"item\":\"https:\\\/\\\/www.efk.admin.ch\\\/fr\\\/\"},{\"@type\":\"ListItem\",\"position\":2,\"name\":\"Transparence du financement de la vie politique \u2013 les d\u00e9comptes finaux des \u00e9lections f\u00e9d\u00e9rales 2023 sont disponibles\"}]},{\"@type\":\"WebSite\",\"@id\":\"https:\\\/\\\/www.efk.admin.ch\\\/fr\\\/#website\",\"url\":\"https:\\\/\\\/www.efk.admin.ch\\\/fr\\\/\",\"name\":\"Informationen \u00fcber das oberste Finanzaufsichtsorgan der Schweiz\",\"description\":\"Le Contr\u00f4le f\u00e9d\u00e9ral des finances (CDF) est l'organe supr\u00eame de surveillance financi\u00e8re de la Conf\u00e9d\u00e9ration suisse.\",\"publisher\":{\"@id\":\"https:\\\/\\\/www.efk.admin.ch\\\/fr\\\/#organization\"},\"alternateName\":\"EFK\",\"potentialAction\":[{\"@type\":\"SearchAction\",\"target\":{\"@type\":\"EntryPoint\",\"urlTemplate\":\"https:\\\/\\\/www.efk.admin.ch\\\/fr\\\/?s={search_term_string}\"},\"query-input\":{\"@type\":\"PropertyValueSpecification\",\"valueRequired\":true,\"valueName\":\"search_term_string\"}}],\"inLanguage\":\"fr-FR\"},{\"@type\":\"Organization\",\"@id\":\"https:\\\/\\\/www.efk.admin.ch\\\/fr\\\/#organization\",\"name\":\"Contr\u00f4le f\u00e9d\u00e9ral des finances (CDF)\",\"alternateName\":\"EFK\",\"url\":\"https:\\\/\\\/www.efk.admin.ch\\\/fr\\\/\",\"logo\":{\"@type\":\"ImageObject\",\"inLanguage\":\"fr-FR\",\"@id\":\"https:\\\/\\\/www.efk.admin.ch\\\/fr\\\/#\\\/schema\\\/logo\\\/image\\\/\",\"url\":\"https:\\\/\\\/www.efk.admin.ch\\\/wp-content\\\/uploads\\\/efk_cdf_logo_ohne_claim.png\",\"contentUrl\":\"https:\\\/\\\/www.efk.admin.ch\\\/wp-content\\\/uploads\\\/efk_cdf_logo_ohne_claim.png\",\"width\":268,\"height\":258,\"caption\":\"Contr\u00f4le f\u00e9d\u00e9ral des finances (CDF)\"},\"image\":{\"@id\":\"https:\\\/\\\/www.efk.admin.ch\\\/fr\\\/#\\\/schema\\\/logo\\\/image\\\/\"},\"sameAs\":[\"https:\\\/\\\/www.instagram.com\\\/efk_cdf_sfao\\\/\",\"https:\\\/\\\/www.youtube.com\\\/channel\\\/UCm-bXj227VE5sJzhB-ihdvw\\\/featured\",\"https:\\\/\\\/www.linkedin.com\\\/company\\\/11081578\\\/\"]},{\"@type\":\"Person\",\"@id\":\"https:\\\/\\\/www.efk.admin.ch\\\/fr\\\/#\\\/schema\\\/person\\\/64fde6b991e45272f0a47bcf8064e250\",\"name\":\"Daniel Puric\",\"image\":{\"@type\":\"ImageObject\",\"inLanguage\":\"fr-FR\",\"@id\":\"https:\\\/\\\/secure.gravatar.com\\\/avatar\\\/ffe31efa04db8f0faef01a94938996b689c09581aa45caed65155c9e3cb70af3?s=96&d=mm&r=g\",\"url\":\"https:\\\/\\\/secure.gravatar.com\\\/avatar\\\/ffe31efa04db8f0faef01a94938996b689c09581aa45caed65155c9e3cb70af3?s=96&d=mm&r=g\",\"contentUrl\":\"https:\\\/\\\/secure.gravatar.com\\\/avatar\\\/ffe31efa04db8f0faef01a94938996b689c09581aa45caed65155c9e3cb70af3?s=96&d=mm&r=g\",\"caption\":\"Daniel Puric\"},\"url\":\"https:\\\/\\\/www.efk.admin.ch\\\/fr\\\/author\\\/daniel-puric\\\/\"}]}<\/script>\n<!-- \/ Yoast SEO Premium plugin. -->","yoast_head_json":{"title":"Transparence du financement de la vie politique \u2013 les d\u00e9comptes finaux des \u00e9lections f\u00e9d\u00e9rales 2023 sont disponibles - Contr\u00f4le f\u00e9d\u00e9ral des finances (CDF)","robots":{"index":"index","follow":"follow","max-snippet":"max-snippet:-1","max-image-preview":"max-image-preview:large","max-video-preview":"max-video-preview:-1"},"canonical":"https:\/\/www.efk.admin.ch\/fr\/transparence-du-financement-de-la-vie-politique-les-decomptes-finaux-des-elections-federales-2023-sont-disponibles\/","og_locale":"fr_FR","og_type":"article","og_title":"Transparence du financement de la vie politique \u2013 les d\u00e9comptes finaux des \u00e9lections f\u00e9d\u00e9rales 2023 sont disponibles","og_description":"Le financement de la vie politique est soumis \u00e0 de nouvelles r\u00e8gles de transparence au niveau f\u00e9d\u00e9ral. Le Contr\u00f4le f\u00e9d\u00e9ral des finances (CDF) a publi\u00e9 les d\u00e9comptes finaux des recettes relatives aux \u00e9lections 2023 ainsi qu\u2019une liste des actrices et acteurs contr\u00f4l\u00e9s pendant la campagne. Les recettes budg\u00e9tis\u00e9es pour les campagnes concernant la votation du [&hellip;]","og_url":"https:\/\/www.efk.admin.ch\/fr\/transparence-du-financement-de-la-vie-politique-les-decomptes-finaux-des-elections-federales-2023-sont-disponibles\/","og_site_name":"Contr\u00f4le f\u00e9d\u00e9ral des finances (CDF)","article_published_time":"2024-01-19T05:00:00+00:00","article_modified_time":"2025-09-01T14:26:46+00:00","og_image":[{"width":750,"height":500,"url":"https:\/\/www.efk.admin.ch\/wp-content\/uploads\/test\/palais.jpg","type":"image\/jpeg"}],"author":"Daniel Puric","twitter_card":"summary_large_image","twitter_misc":{"\u00c9crit par":"Daniel Puric","Dur\u00e9e de lecture estim\u00e9e":"4 minutes"},"schema":{"@context":"https:\/\/schema.org","@graph":[{"@type":"Article","@id":"https:\/\/www.efk.admin.ch\/fr\/transparence-du-financement-de-la-vie-politique-les-decomptes-finaux-des-elections-federales-2023-sont-disponibles\/#article","isPartOf":{"@id":"https:\/\/www.efk.admin.ch\/fr\/transparence-du-financement-de-la-vie-politique-les-decomptes-finaux-des-elections-federales-2023-sont-disponibles\/"},"author":{"name":"Daniel Puric","@id":"https:\/\/www.efk.admin.ch\/fr\/#\/schema\/person\/64fde6b991e45272f0a47bcf8064e250"},"headline":"Transparence du financement de la vie politique \u2013 les d\u00e9comptes finaux des \u00e9lections f\u00e9d\u00e9rales 2023 sont disponibles","datePublished":"2024-01-19T05:00:00+00:00","dateModified":"2025-09-01T14:26:46+00:00","mainEntityOfPage":{"@id":"https:\/\/www.efk.admin.ch\/fr\/transparence-du-financement-de-la-vie-politique-les-decomptes-finaux-des-elections-federales-2023-sont-disponibles\/"},"wordCount":599,"publisher":{"@id":"https:\/\/www.efk.admin.ch\/fr\/#organization"},"articleSection":["Medienmitteilung","Transparence du financement de la vie politique"],"inLanguage":"fr-FR"},{"@type":"WebPage","@id":"https:\/\/www.efk.admin.ch\/fr\/transparence-du-financement-de-la-vie-politique-les-decomptes-finaux-des-elections-federales-2023-sont-disponibles\/","url":"https:\/\/www.efk.admin.ch\/fr\/transparence-du-financement-de-la-vie-politique-les-decomptes-finaux-des-elections-federales-2023-sont-disponibles\/","name":"Transparence du financement de la vie politique \u2013 les d\u00e9comptes finaux des \u00e9lections f\u00e9d\u00e9rales 2023 sont disponibles - Contr\u00f4le f\u00e9d\u00e9ral des finances (CDF)","isPartOf":{"@id":"https:\/\/www.efk.admin.ch\/fr\/#website"},"datePublished":"2024-01-19T05:00:00+00:00","dateModified":"2025-09-01T14:26:46+00:00","breadcrumb":{"@id":"https:\/\/www.efk.admin.ch\/fr\/transparence-du-financement-de-la-vie-politique-les-decomptes-finaux-des-elections-federales-2023-sont-disponibles\/#breadcrumb"},"inLanguage":"fr-FR","potentialAction":[{"@type":"ReadAction","target":["https:\/\/www.efk.admin.ch\/fr\/transparence-du-financement-de-la-vie-politique-les-decomptes-finaux-des-elections-federales-2023-sont-disponibles\/"]}]},{"@type":"BreadcrumbList","@id":"https:\/\/www.efk.admin.ch\/fr\/transparence-du-financement-de-la-vie-politique-les-decomptes-finaux-des-elections-federales-2023-sont-disponibles\/#breadcrumb","itemListElement":[{"@type":"ListItem","position":1,"name":"Home","item":"https:\/\/www.efk.admin.ch\/fr\/"},{"@type":"ListItem","position":2,"name":"Transparence du financement de la vie politique \u2013 les d\u00e9comptes finaux des \u00e9lections f\u00e9d\u00e9rales 2023 sont disponibles"}]},{"@type":"WebSite","@id":"https:\/\/www.efk.admin.ch\/fr\/#website","url":"https:\/\/www.efk.admin.ch\/fr\/","name":"Informationen \u00fcber das oberste Finanzaufsichtsorgan der Schweiz","description":"Le Contr\u00f4le f\u00e9d\u00e9ral des finances (CDF) est l'organe supr\u00eame de surveillance financi\u00e8re de la Conf\u00e9d\u00e9ration suisse.","publisher":{"@id":"https:\/\/www.efk.admin.ch\/fr\/#organization"},"alternateName":"EFK","potentialAction":[{"@type":"SearchAction","target":{"@type":"EntryPoint","urlTemplate":"https:\/\/www.efk.admin.ch\/fr\/?s={search_term_string}"},"query-input":{"@type":"PropertyValueSpecification","valueRequired":true,"valueName":"search_term_string"}}],"inLanguage":"fr-FR"},{"@type":"Organization","@id":"https:\/\/www.efk.admin.ch\/fr\/#organization","name":"Contr\u00f4le f\u00e9d\u00e9ral des finances (CDF)","alternateName":"EFK","url":"https:\/\/www.efk.admin.ch\/fr\/","logo":{"@type":"ImageObject","inLanguage":"fr-FR","@id":"https:\/\/www.efk.admin.ch\/fr\/#\/schema\/logo\/image\/","url":"https:\/\/www.efk.admin.ch\/wp-content\/uploads\/efk_cdf_logo_ohne_claim.png","contentUrl":"https:\/\/www.efk.admin.ch\/wp-content\/uploads\/efk_cdf_logo_ohne_claim.png","width":268,"height":258,"caption":"Contr\u00f4le f\u00e9d\u00e9ral des finances (CDF)"},"image":{"@id":"https:\/\/www.efk.admin.ch\/fr\/#\/schema\/logo\/image\/"},"sameAs":["https:\/\/www.instagram.com\/efk_cdf_sfao\/","https:\/\/www.youtube.com\/channel\/UCm-bXj227VE5sJzhB-ihdvw\/featured","https:\/\/www.linkedin.com\/company\/11081578\/"]},{"@type":"Person","@id":"https:\/\/www.efk.admin.ch\/fr\/#\/schema\/person\/64fde6b991e45272f0a47bcf8064e250","name":"Daniel Puric","image":{"@type":"ImageObject","inLanguage":"fr-FR","@id":"https:\/\/secure.gravatar.com\/avatar\/ffe31efa04db8f0faef01a94938996b689c09581aa45caed65155c9e3cb70af3?s=96&d=mm&r=g","url":"https:\/\/secure.gravatar.com\/avatar\/ffe31efa04db8f0faef01a94938996b689c09581aa45caed65155c9e3cb70af3?s=96&d=mm&r=g","contentUrl":"https:\/\/secure.gravatar.com\/avatar\/ffe31efa04db8f0faef01a94938996b689c09581aa45caed65155c9e3cb70af3?s=96&d=mm&r=g","caption":"Daniel Puric"},"url":"https:\/\/www.efk.admin.ch\/fr\/author\/daniel-puric\/"}]}},"_links":{"self":[{"href":"https:\/\/www.efk.admin.ch\/fr\/wp-json\/wp\/v2\/posts\/25262","targetHints":{"allow":["GET"]}}],"collection":[{"href":"https:\/\/www.efk.admin.ch\/fr\/wp-json\/wp\/v2\/posts"}],"about":[{"href":"https:\/\/www.efk.admin.ch\/fr\/wp-json\/wp\/v2\/types\/post"}],"author":[{"embeddable":true,"href":"https:\/\/www.efk.admin.ch\/fr\/wp-json\/wp\/v2\/users\/5"}],"replies":[{"embeddable":true,"href":"https:\/\/www.efk.admin.ch\/fr\/wp-json\/wp\/v2\/comments?post=25262"}],"version-history":[{"count":3,"href":"https:\/\/www.efk.admin.ch\/fr\/wp-json\/wp\/v2\/posts\/25262\/revisions"}],"predecessor-version":[{"id":33283,"href":"https:\/\/www.efk.admin.ch\/fr\/wp-json\/wp\/v2\/posts\/25262\/revisions\/33283"}],"wp:attachment":[{"href":"https:\/\/www.efk.admin.ch\/fr\/wp-json\/wp\/v2\/media?parent=25262"}],"wp:term":[{"taxonomy":"category","embeddable":true,"href":"https:\/\/www.efk.admin.ch\/fr\/wp-json\/wp\/v2\/categories?post=25262"},{"taxonomy":"post_tag","embeddable":true,"href":"https:\/\/www.efk.admin.ch\/fr\/wp-json\/wp\/v2\/tags?post=25262"}],"curies":[{"name":"wp","href":"https:\/\/api.w.org\/{rel}","templated":true}]}}