{"id":26103,"date":"2020-09-15T06:00:00","date_gmt":"2020-09-15T04:00:00","guid":{"rendered":"https:\/\/preview.efk.admin.ch\/?p=26103"},"modified":"2024-03-25T07:38:18","modified_gmt":"2024-03-25T06:38:18","slug":"offentliche-unternehmen-risiken-fur-den-staat-reduzieren","status":"publish","type":"post","link":"https:\/\/www.efk.admin.ch\/en\/offentliche-unternehmen-risiken-fur-den-staat-reduzieren\/","title":{"rendered":"\u00d6ffentliche Unternehmen: Risiken f\u00fcr den Staat reduzieren"},"content":{"rendered":"\n<p>Eine verst\u00e4rkte Aufsicht ist f\u00fcr eine bessere Risikoabdeckung bei der F\u00fchrung \u00f6ffentlicher Unternehmen unerl\u00e4sslich, so die Botschaft der Finanzkontrollen der Kantone und des Bundes. An ihrer Jahreskonferenz machten sie deutlich, welche Risiken die Governance-Richtlinien und die Steuerungsinstrumente der Regierungen bergen.<\/p>\n","protected":false},"excerpt":{"rendered":"<p>Eine verst\u00e4rkte Aufsicht ist f\u00fcr eine bessere Risikoabdeckung bei der F\u00fchrung \u00f6ffentlicher Unternehmen unerl\u00e4sslich, so die Botschaft der Finanzkontrollen der Kantone und des Bundes. An ihrer Jahreskonferenz machten sie deutlich, welche Risiken die Governance-Richtlinien und die Steuerungsinstrumente der Regierungen bergen.<\/p>\n","protected":false},"author":5,"featured_media":0,"comment_status":"closed","ping_status":"closed","sticky":false,"template":"","format":"standard","meta":{"_acf_changed":false,"footnotes":""},"categories":[95,212,241],"tags":[],"class_list":["post-26103","post","type-post","status-publish","format-standard","hentry","category-medienmitteilung","category-press-release","category-sfao"],"acf":[],"yoast_head":"<!-- This site is optimized with the Yoast SEO Premium plugin v27.4 (Yoast SEO v27.4) - https:\/\/yoast.com\/product\/yoast-seo-premium-wordpress\/ -->\n<title>\u00d6ffentliche Unternehmen: Risiken f\u00fcr den Staat reduzieren - Eidgen\u00f6ssische Finanzkontrolle (EFK)<\/title>\n<meta name=\"robots\" content=\"index, follow, max-snippet:-1, max-image-preview:large, max-video-preview:-1\" \/>\n<link rel=\"canonical\" href=\"https:\/\/www.efk.admin.ch\/en\/offentliche-unternehmen-risiken-fur-den-staat-reduzieren\/\" \/>\n<meta property=\"og:locale\" content=\"en_US\" \/>\n<meta property=\"og:type\" content=\"article\" \/>\n<meta property=\"og:title\" content=\"\u00d6ffentliche Unternehmen: Risiken f\u00fcr den Staat reduzieren\" \/>\n<meta property=\"og:description\" content=\"Eine verst\u00e4rkte Aufsicht ist f\u00fcr eine bessere Risikoabdeckung bei der F\u00fchrung \u00f6ffentlicher Unternehmen unerl\u00e4sslich, so die Botschaft der Finanzkontrollen der Kantone und des Bundes. An ihrer Jahreskonferenz machten sie deutlich, welche Risiken die Governance-Richtlinien und die Steuerungsinstrumente der Regierungen bergen.\" \/>\n<meta property=\"og:url\" content=\"https:\/\/www.efk.admin.ch\/en\/offentliche-unternehmen-risiken-fur-den-staat-reduzieren\/\" \/>\n<meta property=\"og:site_name\" content=\"Eidgen\u00f6ssische Finanzkontrolle (EFK)\" \/>\n<meta property=\"article:published_time\" content=\"2020-09-15T04:00:00+00:00\" \/>\n<meta property=\"article:modified_time\" content=\"2024-03-25T06:38:18+00:00\" \/>\n<meta property=\"og:image\" content=\"https:\/\/www.efk.admin.ch\/wp-content\/uploads\/test\/palais.jpg\" \/>\n\t<meta property=\"og:image:width\" content=\"750\" \/>\n\t<meta property=\"og:image:height\" content=\"500\" \/>\n\t<meta property=\"og:image:type\" content=\"image\/jpeg\" \/>\n<meta name=\"author\" content=\"Daniel Puric\" \/>\n<meta name=\"twitter:card\" content=\"summary_large_image\" \/>\n<meta name=\"twitter:label1\" content=\"Written by\" \/>\n\t<meta name=\"twitter:data1\" content=\"Daniel Puric\" \/>\n<script type=\"application\/ld+json\" class=\"yoast-schema-graph\">{\"@context\":\"https:\\\/\\\/schema.org\",\"@graph\":[{\"@type\":\"Article\",\"@id\":\"https:\\\/\\\/www.efk.admin.ch\\\/en\\\/offentliche-unternehmen-risiken-fur-den-staat-reduzieren\\\/#article\",\"isPartOf\":{\"@id\":\"https:\\\/\\\/www.efk.admin.ch\\\/en\\\/offentliche-unternehmen-risiken-fur-den-staat-reduzieren\\\/\"},\"author\":{\"name\":\"Daniel Puric\",\"@id\":\"https:\\\/\\\/www.efk.admin.ch\\\/en\\\/#\\\/schema\\\/person\\\/64fde6b991e45272f0a47bcf8064e250\"},\"headline\":\"\u00d6ffentliche Unternehmen: Risiken f\u00fcr den Staat reduzieren\",\"datePublished\":\"2020-09-15T04:00:00+00:00\",\"dateModified\":\"2024-03-25T06:38:18+00:00\",\"mainEntityOfPage\":{\"@id\":\"https:\\\/\\\/www.efk.admin.ch\\\/en\\\/offentliche-unternehmen-risiken-fur-den-staat-reduzieren\\\/\"},\"wordCount\":52,\"publisher\":{\"@id\":\"https:\\\/\\\/www.efk.admin.ch\\\/en\\\/#organization\"},\"articleSection\":[\"Medienmitteilung\",\"Press release\",\"SFAO\"],\"inLanguage\":\"en-US\"},{\"@type\":\"WebPage\",\"@id\":\"https:\\\/\\\/www.efk.admin.ch\\\/en\\\/offentliche-unternehmen-risiken-fur-den-staat-reduzieren\\\/\",\"url\":\"https:\\\/\\\/www.efk.admin.ch\\\/en\\\/offentliche-unternehmen-risiken-fur-den-staat-reduzieren\\\/\",\"name\":\"\u00d6ffentliche Unternehmen: Risiken f\u00fcr den Staat reduzieren - Eidgen\u00f6ssische Finanzkontrolle (EFK)\",\"isPartOf\":{\"@id\":\"https:\\\/\\\/www.efk.admin.ch\\\/en\\\/#website\"},\"datePublished\":\"2020-09-15T04:00:00+00:00\",\"dateModified\":\"2024-03-25T06:38:18+00:00\",\"breadcrumb\":{\"@id\":\"https:\\\/\\\/www.efk.admin.ch\\\/en\\\/offentliche-unternehmen-risiken-fur-den-staat-reduzieren\\\/#breadcrumb\"},\"inLanguage\":\"en-US\",\"potentialAction\":[{\"@type\":\"ReadAction\",\"target\":[\"https:\\\/\\\/www.efk.admin.ch\\\/en\\\/offentliche-unternehmen-risiken-fur-den-staat-reduzieren\\\/\"]}]},{\"@type\":\"BreadcrumbList\",\"@id\":\"https:\\\/\\\/www.efk.admin.ch\\\/en\\\/offentliche-unternehmen-risiken-fur-den-staat-reduzieren\\\/#breadcrumb\",\"itemListElement\":[{\"@type\":\"ListItem\",\"position\":1,\"name\":\"Home\",\"item\":\"https:\\\/\\\/www.efk.admin.ch\\\/en\\\/\"},{\"@type\":\"ListItem\",\"position\":2,\"name\":\"\u00d6ffentliche Unternehmen: Risiken f\u00fcr den Staat reduzieren\"}]},{\"@type\":\"WebSite\",\"@id\":\"https:\\\/\\\/www.efk.admin.ch\\\/en\\\/#website\",\"url\":\"https:\\\/\\\/www.efk.admin.ch\\\/en\\\/\",\"name\":\"Informationen \u00fcber das oberste Finanzaufsichtsorgan der Schweiz\",\"description\":\"Die Eidgen\u00f6ssische Finanzkontrolle (EFK) ist das oberste Finanzaufsichtsorgan der Schweizerischen Eidgenossenschaft.\",\"publisher\":{\"@id\":\"https:\\\/\\\/www.efk.admin.ch\\\/en\\\/#organization\"},\"alternateName\":\"EFK\",\"potentialAction\":[{\"@type\":\"SearchAction\",\"target\":{\"@type\":\"EntryPoint\",\"urlTemplate\":\"https:\\\/\\\/www.efk.admin.ch\\\/en\\\/?s={search_term_string}\"},\"query-input\":{\"@type\":\"PropertyValueSpecification\",\"valueRequired\":true,\"valueName\":\"search_term_string\"}}],\"inLanguage\":\"en-US\"},{\"@type\":\"Organization\",\"@id\":\"https:\\\/\\\/www.efk.admin.ch\\\/en\\\/#organization\",\"name\":\"Swiss Federal Audit Office (SFAO)\",\"alternateName\":\"EFK\",\"url\":\"https:\\\/\\\/www.efk.admin.ch\\\/en\\\/\",\"logo\":{\"@type\":\"ImageObject\",\"inLanguage\":\"en-US\",\"@id\":\"https:\\\/\\\/www.efk.admin.ch\\\/en\\\/#\\\/schema\\\/logo\\\/image\\\/\",\"url\":\"https:\\\/\\\/www.efk.admin.ch\\\/wp-content\\\/uploads\\\/efk_cdf_logo_ohne_claim.png\",\"contentUrl\":\"https:\\\/\\\/www.efk.admin.ch\\\/wp-content\\\/uploads\\\/efk_cdf_logo_ohne_claim.png\",\"width\":268,\"height\":258,\"caption\":\"Swiss Federal Audit Office (SFAO)\"},\"image\":{\"@id\":\"https:\\\/\\\/www.efk.admin.ch\\\/en\\\/#\\\/schema\\\/logo\\\/image\\\/\"},\"sameAs\":[\"https:\\\/\\\/www.instagram.com\\\/efk_cdf_sfao\\\/\",\"https:\\\/\\\/www.youtube.com\\\/channel\\\/UCm-bXj227VE5sJzhB-ihdvw\\\/featured\",\"https:\\\/\\\/www.linkedin.com\\\/company\\\/11081578\\\/\"]},{\"@type\":\"Person\",\"@id\":\"https:\\\/\\\/www.efk.admin.ch\\\/en\\\/#\\\/schema\\\/person\\\/64fde6b991e45272f0a47bcf8064e250\",\"name\":\"Daniel Puric\",\"image\":{\"@type\":\"ImageObject\",\"inLanguage\":\"en-US\",\"@id\":\"https:\\\/\\\/secure.gravatar.com\\\/avatar\\\/ffe31efa04db8f0faef01a94938996b689c09581aa45caed65155c9e3cb70af3?s=96&d=mm&r=g\",\"url\":\"https:\\\/\\\/secure.gravatar.com\\\/avatar\\\/ffe31efa04db8f0faef01a94938996b689c09581aa45caed65155c9e3cb70af3?s=96&d=mm&r=g\",\"contentUrl\":\"https:\\\/\\\/secure.gravatar.com\\\/avatar\\\/ffe31efa04db8f0faef01a94938996b689c09581aa45caed65155c9e3cb70af3?s=96&d=mm&r=g\",\"caption\":\"Daniel Puric\"},\"url\":\"https:\\\/\\\/www.efk.admin.ch\\\/en\\\/author\\\/daniel-puric\\\/\"}]}<\/script>\n<!-- \/ Yoast SEO Premium plugin. -->","yoast_head_json":{"title":"\u00d6ffentliche Unternehmen: Risiken f\u00fcr den Staat reduzieren - Eidgen\u00f6ssische Finanzkontrolle (EFK)","robots":{"index":"index","follow":"follow","max-snippet":"max-snippet:-1","max-image-preview":"max-image-preview:large","max-video-preview":"max-video-preview:-1"},"canonical":"https:\/\/www.efk.admin.ch\/en\/offentliche-unternehmen-risiken-fur-den-staat-reduzieren\/","og_locale":"en_US","og_type":"article","og_title":"\u00d6ffentliche Unternehmen: Risiken f\u00fcr den Staat reduzieren","og_description":"Eine verst\u00e4rkte Aufsicht ist f\u00fcr eine bessere Risikoabdeckung bei der F\u00fchrung \u00f6ffentlicher Unternehmen unerl\u00e4sslich, so die Botschaft der Finanzkontrollen der Kantone und des Bundes. An ihrer Jahreskonferenz machten sie deutlich, welche Risiken die Governance-Richtlinien und die Steuerungsinstrumente der Regierungen bergen.","og_url":"https:\/\/www.efk.admin.ch\/en\/offentliche-unternehmen-risiken-fur-den-staat-reduzieren\/","og_site_name":"Eidgen\u00f6ssische Finanzkontrolle (EFK)","article_published_time":"2020-09-15T04:00:00+00:00","article_modified_time":"2024-03-25T06:38:18+00:00","og_image":[{"width":750,"height":500,"url":"https:\/\/www.efk.admin.ch\/wp-content\/uploads\/test\/palais.jpg","type":"image\/jpeg"}],"author":"Daniel Puric","twitter_card":"summary_large_image","twitter_misc":{"Written by":"Daniel Puric"},"schema":{"@context":"https:\/\/schema.org","@graph":[{"@type":"Article","@id":"https:\/\/www.efk.admin.ch\/en\/offentliche-unternehmen-risiken-fur-den-staat-reduzieren\/#article","isPartOf":{"@id":"https:\/\/www.efk.admin.ch\/en\/offentliche-unternehmen-risiken-fur-den-staat-reduzieren\/"},"author":{"name":"Daniel Puric","@id":"https:\/\/www.efk.admin.ch\/en\/#\/schema\/person\/64fde6b991e45272f0a47bcf8064e250"},"headline":"\u00d6ffentliche Unternehmen: Risiken f\u00fcr den Staat reduzieren","datePublished":"2020-09-15T04:00:00+00:00","dateModified":"2024-03-25T06:38:18+00:00","mainEntityOfPage":{"@id":"https:\/\/www.efk.admin.ch\/en\/offentliche-unternehmen-risiken-fur-den-staat-reduzieren\/"},"wordCount":52,"publisher":{"@id":"https:\/\/www.efk.admin.ch\/en\/#organization"},"articleSection":["Medienmitteilung","Press release","SFAO"],"inLanguage":"en-US"},{"@type":"WebPage","@id":"https:\/\/www.efk.admin.ch\/en\/offentliche-unternehmen-risiken-fur-den-staat-reduzieren\/","url":"https:\/\/www.efk.admin.ch\/en\/offentliche-unternehmen-risiken-fur-den-staat-reduzieren\/","name":"\u00d6ffentliche Unternehmen: Risiken f\u00fcr den Staat reduzieren - Eidgen\u00f6ssische Finanzkontrolle (EFK)","isPartOf":{"@id":"https:\/\/www.efk.admin.ch\/en\/#website"},"datePublished":"2020-09-15T04:00:00+00:00","dateModified":"2024-03-25T06:38:18+00:00","breadcrumb":{"@id":"https:\/\/www.efk.admin.ch\/en\/offentliche-unternehmen-risiken-fur-den-staat-reduzieren\/#breadcrumb"},"inLanguage":"en-US","potentialAction":[{"@type":"ReadAction","target":["https:\/\/www.efk.admin.ch\/en\/offentliche-unternehmen-risiken-fur-den-staat-reduzieren\/"]}]},{"@type":"BreadcrumbList","@id":"https:\/\/www.efk.admin.ch\/en\/offentliche-unternehmen-risiken-fur-den-staat-reduzieren\/#breadcrumb","itemListElement":[{"@type":"ListItem","position":1,"name":"Home","item":"https:\/\/www.efk.admin.ch\/en\/"},{"@type":"ListItem","position":2,"name":"\u00d6ffentliche Unternehmen: Risiken f\u00fcr den Staat reduzieren"}]},{"@type":"WebSite","@id":"https:\/\/www.efk.admin.ch\/en\/#website","url":"https:\/\/www.efk.admin.ch\/en\/","name":"Informationen \u00fcber das oberste Finanzaufsichtsorgan der Schweiz","description":"Die Eidgen\u00f6ssische Finanzkontrolle (EFK) ist das oberste Finanzaufsichtsorgan der Schweizerischen Eidgenossenschaft.","publisher":{"@id":"https:\/\/www.efk.admin.ch\/en\/#organization"},"alternateName":"EFK","potentialAction":[{"@type":"SearchAction","target":{"@type":"EntryPoint","urlTemplate":"https:\/\/www.efk.admin.ch\/en\/?s={search_term_string}"},"query-input":{"@type":"PropertyValueSpecification","valueRequired":true,"valueName":"search_term_string"}}],"inLanguage":"en-US"},{"@type":"Organization","@id":"https:\/\/www.efk.admin.ch\/en\/#organization","name":"Swiss Federal Audit Office (SFAO)","alternateName":"EFK","url":"https:\/\/www.efk.admin.ch\/en\/","logo":{"@type":"ImageObject","inLanguage":"en-US","@id":"https:\/\/www.efk.admin.ch\/en\/#\/schema\/logo\/image\/","url":"https:\/\/www.efk.admin.ch\/wp-content\/uploads\/efk_cdf_logo_ohne_claim.png","contentUrl":"https:\/\/www.efk.admin.ch\/wp-content\/uploads\/efk_cdf_logo_ohne_claim.png","width":268,"height":258,"caption":"Swiss Federal Audit Office (SFAO)"},"image":{"@id":"https:\/\/www.efk.admin.ch\/en\/#\/schema\/logo\/image\/"},"sameAs":["https:\/\/www.instagram.com\/efk_cdf_sfao\/","https:\/\/www.youtube.com\/channel\/UCm-bXj227VE5sJzhB-ihdvw\/featured","https:\/\/www.linkedin.com\/company\/11081578\/"]},{"@type":"Person","@id":"https:\/\/www.efk.admin.ch\/en\/#\/schema\/person\/64fde6b991e45272f0a47bcf8064e250","name":"Daniel Puric","image":{"@type":"ImageObject","inLanguage":"en-US","@id":"https:\/\/secure.gravatar.com\/avatar\/ffe31efa04db8f0faef01a94938996b689c09581aa45caed65155c9e3cb70af3?s=96&d=mm&r=g","url":"https:\/\/secure.gravatar.com\/avatar\/ffe31efa04db8f0faef01a94938996b689c09581aa45caed65155c9e3cb70af3?s=96&d=mm&r=g","contentUrl":"https:\/\/secure.gravatar.com\/avatar\/ffe31efa04db8f0faef01a94938996b689c09581aa45caed65155c9e3cb70af3?s=96&d=mm&r=g","caption":"Daniel Puric"},"url":"https:\/\/www.efk.admin.ch\/en\/author\/daniel-puric\/"}]}},"_links":{"self":[{"href":"https:\/\/www.efk.admin.ch\/en\/wp-json\/wp\/v2\/posts\/26103","targetHints":{"allow":["GET"]}}],"collection":[{"href":"https:\/\/www.efk.admin.ch\/en\/wp-json\/wp\/v2\/posts"}],"about":[{"href":"https:\/\/www.efk.admin.ch\/en\/wp-json\/wp\/v2\/types\/post"}],"author":[{"embeddable":true,"href":"https:\/\/www.efk.admin.ch\/en\/wp-json\/wp\/v2\/users\/5"}],"replies":[{"embeddable":true,"href":"https:\/\/www.efk.admin.ch\/en\/wp-json\/wp\/v2\/comments?post=26103"}],"version-history":[{"count":1,"href":"https:\/\/www.efk.admin.ch\/en\/wp-json\/wp\/v2\/posts\/26103\/revisions"}],"predecessor-version":[{"id":26104,"href":"https:\/\/www.efk.admin.ch\/en\/wp-json\/wp\/v2\/posts\/26103\/revisions\/26104"}],"wp:attachment":[{"href":"https:\/\/www.efk.admin.ch\/en\/wp-json\/wp\/v2\/media?parent=26103"}],"wp:term":[{"taxonomy":"category","embeddable":true,"href":"https:\/\/www.efk.admin.ch\/en\/wp-json\/wp\/v2\/categories?post=26103"},{"taxonomy":"post_tag","embeddable":true,"href":"https:\/\/www.efk.admin.ch\/en\/wp-json\/wp\/v2\/tags?post=26103"}],"curies":[{"name":"wp","href":"https:\/\/api.w.org\/{rel}","templated":true}]}}